{"id":11189,"date":"2023-05-05T14:05:40","date_gmt":"2023-05-05T14:05:40","guid":{"rendered":"https:\/\/www.lartisien.com\/blog\/?p=11189"},"modified":"2023-09-19T15:41:02","modified_gmt":"2023-09-19T15:41:02","slug":"itineraire-de-4-jours-a-madrid","status":"publish","type":"post","link":"https:\/\/fr.lartisien.com\/blog\/itineraire-de-4-jours-a-madrid\/","title":{"rendered":"Itin\u00e9raire de 4 jours \u00e0 Madrid"},"content":{"rendered":"\n<p class=\"has-text-align-center\">Capitale de l\u2019<a class=\"notion-link-token notion-focusable-token notion-enable-hover\" tabindex=\"0\" href=\"https:\/\/fr.lartisien.com\/hotels\/espagne?page=1\" rel=\"noopener noreferrer\" data-token-index=\"1\"><span class=\"link-annotation-unknown-block-id-1116995445\">Espagne<\/span><\/a>, la ville de Madrid est une des capitales europ\u00e9ennes les plus dynamiques avec un riche patrimoine historique, culturel et artistique. Fi\u00e8re ambassadrice de l\u2019Espagne, elle offre un style de vie des plus agr\u00e9ables et festifs avec ses grandes avenues et rues pi\u00e9tonnes propices \u00e0 l\u2019art du <span class=\"notion-enable-hover\" data-token-index=\"3\">paseo<\/span> (la promenade avant le d\u00eener), ses petites places o\u00f9 se d\u00e9gustent des tapas, ses caves d\u2019o\u00f9 retentit la musique si expressive et dramatique du flamenco, ses caf\u00e9s o\u00f9 se d\u00e9gustent au petit matin les churros tremp\u00e9s dans le chocolat chaud \u00e9pais. Madrid est une ville qui ne dort jamais, furieusement conviviale. Il n\u2019y a qu\u2019\u00e0 \u00e9couter la <span class=\"notion-enable-hover\" data-token-index=\"5\">castilla<\/span> (langue espagnole), pour d\u00e9j\u00e0, se sentir embarqu\u00e9\u2026<\/p>\n\n\n\n<p class=\"has-text-align-center\">D\u00e9couvrez notre itin\u00e9raire pour parcourir les sites embl\u00e9matiques de cette ville vivante et dynamique en seulement 4 jours.<\/p>\n\n\n\n<h2>Jour 1 \u00e0 Madrid<\/h2>\n\n\n\n<h3>Mus\u00e9e du Prado (Museo del Prado)<\/h3>\n\n\n\r\n<section class=\"image-grid image-grid-3 forty-sixty-grid\">\r\n        <div class=\"image-container img-1\">\r\n        <picture class=\"img-1\">\n                <source srcset=\"https:\/\/fr.lartisien.com\/blog\/wp-content\/uploads\/2023\/05\/jardin_de_las_delicias_museo_del_prado-1934x2048.jpg\" media=\"(min-width: 1400px)\">\n                <source srcset=\"https:\/\/fr.lartisien.com\/blog\/wp-content\/uploads\/2023\/05\/jardin_de_las_delicias_museo_del_prado-1451x1536.jpg\" media=\"(min-width: 1000px)\">\n                <source srcset=\"https:\/\/fr.lartisien.com\/blog\/wp-content\/uploads\/2023\/05\/jardin_de_las_delicias_museo_del_prado-967x1024.jpg\" media=\"(min-width: 600px)\">\n                <source srcset=\"https:\/\/fr.lartisien.com\/blog\/wp-content\/uploads\/2023\/05\/jardin_de_las_delicias_museo_del_prado-768x813.jpg\" media=\"(min-width: 100px)\">\n                <img decoding=\"async\" style=\"\" loading=\"lazy\" class=\"img-1\" src=\"https:\/\/fr.lartisien.com\/blog\/wp-content\/uploads\/2023\/05\/jardin_de_las_delicias_museo_del_prado-967x1024.jpg\" alt=\"\" \/>\n            <\/picture>    <\/div>\r\n        <div class=\"image-container img-2\">\r\n        <picture class=\"img-2\">\n                <source srcset=\"https:\/\/fr.lartisien.com\/blog\/wp-content\/uploads\/2023\/05\/shutterstock_2140674349.jpg\" media=\"(min-width: 1400px)\">\n                <source srcset=\"https:\/\/fr.lartisien.com\/blog\/wp-content\/uploads\/2023\/05\/shutterstock_2140674349-1536x1024.jpg\" media=\"(min-width: 1000px)\">\n                <source srcset=\"https:\/\/fr.lartisien.com\/blog\/wp-content\/uploads\/2023\/05\/shutterstock_2140674349-1024x682.jpg\" media=\"(min-width: 600px)\">\n                <source srcset=\"https:\/\/fr.lartisien.com\/blog\/wp-content\/uploads\/2023\/05\/shutterstock_2140674349-768x512.jpg\" media=\"(min-width: 100px)\">\n                <img decoding=\"async\" style=\"\" loading=\"lazy\" class=\"img-2\" src=\"https:\/\/fr.lartisien.com\/blog\/wp-content\/uploads\/2023\/05\/shutterstock_2140674349-1024x682.jpg\" alt=\"\" \/>\n            <\/picture>    <\/div>\r\n        <div class=\"image-container img-3\">\r\n        <picture class=\"img-3\">\n                <source srcset=\"https:\/\/fr.lartisien.com\/blog\/wp-content\/uploads\/2023\/05\/sala_25_del_museo_del_prado_madrid_destinocalvaro_lopez-2048x1171.jpg\" media=\"(min-width: 1400px)\">\n                <source srcset=\"https:\/\/fr.lartisien.com\/blog\/wp-content\/uploads\/2023\/05\/sala_25_del_museo_del_prado_madrid_destinocalvaro_lopez-1536x878.jpg\" media=\"(min-width: 1000px)\">\n                <source srcset=\"https:\/\/fr.lartisien.com\/blog\/wp-content\/uploads\/2023\/05\/sala_25_del_museo_del_prado_madrid_destinocalvaro_lopez-1024x585.jpg\" media=\"(min-width: 600px)\">\n                <source srcset=\"https:\/\/fr.lartisien.com\/blog\/wp-content\/uploads\/2023\/05\/sala_25_del_museo_del_prado_madrid_destinocalvaro_lopez-768x439.jpg\" media=\"(min-width: 100px)\">\n                <img decoding=\"async\" style=\"\" loading=\"lazy\" class=\"img-3\" src=\"https:\/\/fr.lartisien.com\/blog\/wp-content\/uploads\/2023\/05\/sala_25_del_museo_del_prado_madrid_destinocalvaro_lopez-1024x585.jpg\" alt=\"\" \/>\n            <\/picture>    <\/div>\r\n    <\/section>\r\n\n\n\n<p>Le mus\u00e9e du Prado est l\u2019une des plus grandes pinacoth\u00e8ques du monde avec une collection permanente de 1300&nbsp;\u0153uvres europ\u00e9ennes. Le mus\u00e9e poss\u00e8de la plus grande collection au monde de peintures espagnoles, rassemblant des toiles d\u2019illustres artistes du pays tels que Diego Vel\u00e1zquez, Francisco Goya ou encore Le Greco. On y d\u00e9couvre \u00e9galement les c\u00e9l\u00e8bres chefs-d&#8217;\u0153uvre du peintre n\u00e9erlandais J\u00e9r\u00f4me Bosch aux c\u00f4t\u00e9s de ceux d\u2019autres grands artistes europ\u00e9ens. Avec le mus\u00e9e Thyssen-Bornemisza et le mus\u00e9e Reina Sof\u00eda, le mus\u00e9e du Prado forme le triangle d\u2019or de l\u2019art de Madrid.<\/p>\n\n\n<section class=\"important-information\">\r\n    <p class=\"p--4 important-information-header\"><\/p>\r\n    <div class=\"p--5 important-information-content\"><p><em><strong>Adresse :<\/strong> C. de Ruiz de Alarc\u00f3n, 23, 28014 Madrid<\/em><\/p>\n<p><em><strong>Heures d&#8217;ouverture :<\/strong><\/em><\/p>\n<p><em>Du lundi au samedi &#8211; 10h \u00e0 20h<\/em><\/p>\n<p><em>Dimanche &#8211; 10h \u00e0 19h<\/em><\/p>\n<\/div>\r\n<\/section>\n\n\n<h3>D\u00e9jeuner \u00e0 La Ferreter\u00eda<\/h3>\n\n\n\n<p>\u00c0 seulement dix minutes \u00e0 pied du mus\u00e9e du Prado se trouve La Ferreter\u00eda, un restaurant chaleureux proposant une cuisine espagnole traditionnelle et cr\u00e9ative. C\u2019est une atmosph\u00e8re unique et un d\u00e9cor atypique que l\u2019on d\u00e9couvre en p\u00e9n\u00e9trant dans cette ancienne quincaillerie et ses salles am\u00e9nag\u00e9es dans des charbonneries datant du XVIe si\u00e8cle. Toutes sortes d\u2019outils, d\u2019\u00e9crous et de boulons suspendus au plafond et le long des murs apportent une touche insolite \u00e0 cette belle adresse culinaire.<\/p>\n\n\n<section class=\"important-information\">\r\n    <p class=\"p--4 important-information-header\"><\/p>\r\n    <div class=\"p--5 important-information-content\"><p><em><strong>Adresse:<\/strong> Calle Atocha, 57, 28012, Madrid<\/em><\/p>\n<p><strong><em>Heures d&#8217;ouverture:<\/em><\/strong><\/p>\n<p><em>Lundi &#8211; ferm\u00e9<\/em><\/p>\n<p><em>Mardi \u00e0 dimanche &#8211; 12h a 01h<\/em><\/p>\n<\/div>\r\n<\/section>\n\n\n<h3>Le parc El Retiro et le Palais de Cristal<\/h3>\n\n\n\r\n<section class=\"image-grid image-grid-1 \">\r\n        <div class=\"image-container img-1\">\r\n        <picture class=\"img-1\">\n                <source srcset=\"https:\/\/fr.lartisien.com\/blog\/wp-content\/uploads\/2023\/05\/shutterstock_1823298323.jpg\" media=\"(min-width: 1400px)\">\n                <source srcset=\"https:\/\/fr.lartisien.com\/blog\/wp-content\/uploads\/2023\/05\/shutterstock_1823298323-1536x1024.jpg\" media=\"(min-width: 1000px)\">\n                <source srcset=\"https:\/\/fr.lartisien.com\/blog\/wp-content\/uploads\/2023\/05\/shutterstock_1823298323-1024x682.jpg\" media=\"(min-width: 600px)\">\n                <source srcset=\"https:\/\/fr.lartisien.com\/blog\/wp-content\/uploads\/2023\/05\/shutterstock_1823298323-768x512.jpg\" media=\"(min-width: 100px)\">\n                <img decoding=\"async\" style=\"\" loading=\"lazy\" class=\"img-1\" src=\"https:\/\/fr.lartisien.com\/blog\/wp-content\/uploads\/2023\/05\/shutterstock_1823298323-1024x682.jpg\" alt=\"\" \/>\n            <\/picture>    <\/div>\r\n    <\/section>\r\n\n\n\n<p>\u00c9tendu sur 125 hectares, le parc El Retiro est un havre de verdure au c\u0153ur de Madrid avec plus de 15 000 arbres, de grands jardins historiques et une sublime roseraie. Il abrite de nombreux \u00e9l\u00e9ments architecturaux et historiques tels que la statue de l\u2019Ange d\u00e9chu, la&nbsp;fontaine de Los Gal\u00e1pagos, le Palais de Vel\u00e1zquez&nbsp;et le Palais de Cristal. <\/p>\n\n\n\n<p>Pour beaucoup de visiteurs, ce dernier est le plus beau monument du parc. Il a \u00e9t\u00e9 con\u00e7u par l\u2019architecte espagnol Ricardo V\u00e9lasquez Bosco pour l\u2019exposition des Philippines, la derni\u00e8re colonie espagnole, \u00e0 la fin du XIXe si\u00e8cle. Le Palais de Cristal est aujourd\u2019hui l\u2019un des si\u00e8ges du mus\u00e9e Reina Sofia et accueille des expositions temporaires d\u2019art moderne.<\/p>\n\n\n\r\n<section class=\"image-grid image-grid-3 sixty-forty-grid\">\r\n        <div class=\"image-container img-1\">\r\n        <picture class=\"img-1\">\n                <source srcset=\"https:\/\/fr.lartisien.com\/blog\/wp-content\/uploads\/2023\/05\/shutterstock_199651412.jpg\" media=\"(min-width: 1400px)\">\n                <source srcset=\"https:\/\/fr.lartisien.com\/blog\/wp-content\/uploads\/2023\/05\/shutterstock_199651412-1536x1018.jpg\" media=\"(min-width: 1000px)\">\n                <source srcset=\"https:\/\/fr.lartisien.com\/blog\/wp-content\/uploads\/2023\/05\/shutterstock_199651412-1024x678.jpg\" media=\"(min-width: 600px)\">\n                <source srcset=\"https:\/\/fr.lartisien.com\/blog\/wp-content\/uploads\/2023\/05\/shutterstock_199651412-768x509.jpg\" media=\"(min-width: 100px)\">\n                <img decoding=\"async\" style=\"\" loading=\"lazy\" class=\"img-1\" src=\"https:\/\/fr.lartisien.com\/blog\/wp-content\/uploads\/2023\/05\/shutterstock_199651412-1024x678.jpg\" alt=\"\" \/>\n            <\/picture>    <\/div>\r\n        <div class=\"image-container img-2\">\r\n        <picture class=\"img-2\">\n                <source srcset=\"https:\/\/fr.lartisien.com\/blog\/wp-content\/uploads\/2023\/05\/shutterstock_1117421264.jpg\" media=\"(min-width: 1400px)\">\n                <source srcset=\"https:\/\/fr.lartisien.com\/blog\/wp-content\/uploads\/2023\/05\/shutterstock_1117421264-1536x1024.jpg\" media=\"(min-width: 1000px)\">\n                <source srcset=\"https:\/\/fr.lartisien.com\/blog\/wp-content\/uploads\/2023\/05\/shutterstock_1117421264-1024x682.jpg\" media=\"(min-width: 600px)\">\n                <source srcset=\"https:\/\/fr.lartisien.com\/blog\/wp-content\/uploads\/2023\/05\/shutterstock_1117421264-768x512.jpg\" media=\"(min-width: 100px)\">\n                <img decoding=\"async\" style=\"\" loading=\"lazy\" class=\"img-2\" src=\"https:\/\/fr.lartisien.com\/blog\/wp-content\/uploads\/2023\/05\/shutterstock_1117421264-1024x682.jpg\" alt=\"\" \/>\n            <\/picture>    <\/div>\r\n        <div class=\"image-container img-3\">\r\n        <picture class=\"img-3\">\n                <source srcset=\"https:\/\/fr.lartisien.com\/blog\/wp-content\/uploads\/2023\/05\/eduardo-rodriguez-deHobw1fklU-unsplash-2048x1365.jpg\" media=\"(min-width: 1400px)\">\n                <source srcset=\"https:\/\/fr.lartisien.com\/blog\/wp-content\/uploads\/2023\/05\/eduardo-rodriguez-deHobw1fklU-unsplash-1536x1024.jpg\" media=\"(min-width: 1000px)\">\n                <source srcset=\"https:\/\/fr.lartisien.com\/blog\/wp-content\/uploads\/2023\/05\/eduardo-rodriguez-deHobw1fklU-unsplash-1024x683.jpg\" media=\"(min-width: 600px)\">\n                <source srcset=\"https:\/\/fr.lartisien.com\/blog\/wp-content\/uploads\/2023\/05\/eduardo-rodriguez-deHobw1fklU-unsplash-768x512.jpg\" media=\"(min-width: 100px)\">\n                <img decoding=\"async\" style=\"\" loading=\"lazy\" class=\"img-3\" src=\"https:\/\/fr.lartisien.com\/blog\/wp-content\/uploads\/2023\/05\/eduardo-rodriguez-deHobw1fklU-unsplash-1024x683.jpg\" alt=\"\" \/>\n            <\/picture>    <\/div>\r\n    <\/section>\r\n\n\n<section class=\"important-information\">\r\n    <p class=\"p--4 important-information-header\"><\/p>\r\n    <div class=\"p--5 important-information-content\"><p><em><strong>Adresse :<\/strong> Plazade la Independencia, 728001, Madrid<\/em><\/p>\n<p><strong>Heures d&#8217;ouverture :<\/strong><\/p>\n<p><em>Lundi \u00e0 dimanche &#8211; 06h \u00e0 22h<\/em><\/p>\n<\/div>\r\n<\/section>\n\n\n<h3>Soir\u00e9e Flamenco au Teatro Real et tapas au Entre Santos Madrid<\/h3>\n\n\n\n<p>Pour plonger dans la culture espagnole, rien de mieux qu\u2019une soir\u00e9e Flamenco au Teatro Real, le premier op\u00e9ra national et l&#8217;une des plus importantes institutions culturelles espagnoles. <\/p>\n\n\n\r\n<section class=\"image-grid image-grid-2 forty-sixty-grid\">\r\n        <div class=\"image-container img-1\">\r\n        <picture class=\"img-1\">\n                <source srcset=\"https:\/\/fr.lartisien.com\/blog\/wp-content\/uploads\/2023\/05\/PButacas2016200002-2048x1101.jpg\" media=\"(min-width: 1400px)\">\n                <source srcset=\"https:\/\/fr.lartisien.com\/blog\/wp-content\/uploads\/2023\/05\/PButacas2016200002-1536x826.jpg\" media=\"(min-width: 1000px)\">\n                <source srcset=\"https:\/\/fr.lartisien.com\/blog\/wp-content\/uploads\/2023\/05\/PButacas2016200002-1024x550.jpg\" media=\"(min-width: 600px)\">\n                <source srcset=\"https:\/\/fr.lartisien.com\/blog\/wp-content\/uploads\/2023\/05\/PButacas2016200002-768x413.jpg\" media=\"(min-width: 100px)\">\n                <img decoding=\"async\" style=\"\" loading=\"lazy\" class=\"img-1\" src=\"https:\/\/fr.lartisien.com\/blog\/wp-content\/uploads\/2023\/05\/PButacas2016200002-1024x550.jpg\" alt=\"\" \/>\n            <\/picture>    <\/div>\r\n        <div class=\"image-container img-2\">\r\n        <picture class=\"img-2\">\n                <source srcset=\"https:\/\/fr.lartisien.com\/blog\/wp-content\/uploads\/2023\/05\/plaza_de_isabel_iicalvaro_lopez_del_cerro_madrid_destino_3-2048x1365.jpg\" media=\"(min-width: 1400px)\">\n                <source srcset=\"https:\/\/fr.lartisien.com\/blog\/wp-content\/uploads\/2023\/05\/plaza_de_isabel_iicalvaro_lopez_del_cerro_madrid_destino_3-1536x1024.jpg\" media=\"(min-width: 1000px)\">\n                <source srcset=\"https:\/\/fr.lartisien.com\/blog\/wp-content\/uploads\/2023\/05\/plaza_de_isabel_iicalvaro_lopez_del_cerro_madrid_destino_3-1024x683.jpg\" media=\"(min-width: 600px)\">\n                <source srcset=\"https:\/\/fr.lartisien.com\/blog\/wp-content\/uploads\/2023\/05\/plaza_de_isabel_iicalvaro_lopez_del_cerro_madrid_destino_3-768x512.jpg\" media=\"(min-width: 100px)\">\n                <img decoding=\"async\" style=\"\" loading=\"lazy\" class=\"img-2\" src=\"https:\/\/fr.lartisien.com\/blog\/wp-content\/uploads\/2023\/05\/plaza_de_isabel_iicalvaro_lopez_del_cerro_madrid_destino_3-1024x683.jpg\" alt=\"\" \/>\n            <\/picture>    <\/div>\r\n    <\/section>\r\n\n\n<section class=\"important-information\">\r\n    <p class=\"p--4 important-information-header\"><\/p>\r\n    <div class=\"p--5 important-information-content\"><p><em><strong>Adresse :<\/strong> Pl. de Isabel II, s\/n, 28013 Madrid<\/em><\/p>\n<p><em><strong>Heures d&#8217;ouverture :<\/strong><\/em><\/p>\n<p><em>Du lundi au vendredi, de 10h \u00e0 18h30 (billetterie).<\/em><\/p>\n<p><em>Samedi et dimanche &#8211; ferm\u00e9. (Billetterie)<\/em><\/p>\n<p><em>Les horaires des spectacles peuvent varier.<\/em><\/p>\n<\/div>\r\n<\/section>\n\n\n<h3>D\u00eener \u00e0 Entre Santos<\/h3>\n\n\n\n<p>Pour finir en beaut\u00e9 cette soir\u00e9e, direction Entre Santos, situ\u00e9 \u00e0 moins d\u2019une vingtaine de minutes \u00e0 pied. Ouvert jusqu\u2019\u00e0 2 heures, le bar propose des tapas, des plats \u00e9clectiques et des cocktails cr\u00e9atifs dans une ambiance anim\u00e9e et conviviale, invitant les visiteurs \u00e0 d\u00e9couvrir l\u2019atmosph\u00e8re madril\u00e8ne en soir\u00e9e.<\/p>\n\n\n<section class=\"important-information\">\r\n    <p class=\"p--4 important-information-header\"><\/p>\r\n    <div class=\"p--5 important-information-content\"><p><em><strong>Adresse:<\/strong> C. de San Bartolom\u00e9, 4, 28004 Madrid<\/em><\/p>\n<p><em><strong>Heures d&#8217;ouverture:<\/strong><\/em><\/p>\n<p><em>Jeudi et vendredi &#8211; 18h \u00e0 02h30<\/em><\/p>\n<p><em>Samedi \u00e0 mercredi &#8211; 18h \u00e0 02h<\/em><\/p>\n<\/div>\r\n<\/section>\n\n\n<h2>Jour 2 \u00e0 Madrid<\/h2>\n\n\n\n<h3>Calle Gran Via, le Palais Royal et la Cath\u00e9drale de la Almudena<\/h3>\n\n\n\r\n<section class=\"image-grid image-grid-1 \">\r\n        <div class=\"image-container img-1\">\r\n        <picture class=\"img-1\">\n                <source srcset=\"https:\/\/fr.lartisien.com\/blog\/wp-content\/uploads\/2023\/05\/shutterstock_170356610-2048x1367.jpg\" media=\"(min-width: 1400px)\">\n                <source srcset=\"https:\/\/fr.lartisien.com\/blog\/wp-content\/uploads\/2023\/05\/shutterstock_170356610-1536x1025.jpg\" media=\"(min-width: 1000px)\">\n                <source srcset=\"https:\/\/fr.lartisien.com\/blog\/wp-content\/uploads\/2023\/05\/shutterstock_170356610-1024x683.jpg\" media=\"(min-width: 600px)\">\n                <source srcset=\"https:\/\/fr.lartisien.com\/blog\/wp-content\/uploads\/2023\/05\/shutterstock_170356610-768x513.jpg\" media=\"(min-width: 100px)\">\n                <img decoding=\"async\" style=\"\" loading=\"lazy\" class=\"img-1\" src=\"https:\/\/fr.lartisien.com\/blog\/wp-content\/uploads\/2023\/05\/shutterstock_170356610-1024x683.jpg\" alt=\"\" \/>\n            <\/picture>    <\/div>\r\n    <\/section>\r\n\n\n\n<p>L\u2019une des art\u00e8res principales du centre de Madrid, Calle Gran V\u00eda est une rue anim\u00e9e longue d\u2019un kilom\u00e8tre. L\u2019Eglise Saint Joseph et sa fa\u00e7ade de briques rouges fait partie des monuments phares de la rue et repr\u00e9sente le point de d\u00e9part d\u2019une belle ballade remontant vers la Place d\u2019Espagne. \u00c0 une vingtaine de minutes \u00e0 pied se trouve le Palais Royal o\u00f9 l\u2019on peut d\u00e9couvrir l\u2019armurerie royale, consid\u00e9r\u00e9e comme l\u2019une des plus riches collections de ce genre au monde. Situ\u00e9e juste \u00e0 c\u00f4t\u00e9, la Cath\u00e9drale de la Almudena est fascinante par ses diff\u00e9rents styles architecturaux : n\u00e9oclassique \u00e0 l\u2019ext\u00e9rieur, n\u00e9ogothique \u00e0 l\u2019int\u00e9rieur et n\u00e9oroman dans la crypte. Entre le Palais Royal et la cath\u00e9drale, le Belv\u00e9d\u00e8re de la Corniche offre une vue panoramique spectaculaire sur les jardins historiques de Campo del Moro.<\/p>\n\n\n\r\n<section class=\"image-grid image-grid-3 sixty-forty-grid\">\r\n        <div class=\"image-container img-1\">\r\n        <picture class=\"img-1\">\n                <source srcset=\"https:\/\/fr.lartisien.com\/blog\/wp-content\/uploads\/2023\/05\/shutterstock_1048558028.jpg\" media=\"(min-width: 1400px)\">\n                <source srcset=\"https:\/\/fr.lartisien.com\/blog\/wp-content\/uploads\/2023\/05\/shutterstock_1048558028-1536x1045.jpg\" media=\"(min-width: 1000px)\">\n                <source srcset=\"https:\/\/fr.lartisien.com\/blog\/wp-content\/uploads\/2023\/05\/shutterstock_1048558028-1024x697.jpg\" media=\"(min-width: 600px)\">\n                <source srcset=\"https:\/\/fr.lartisien.com\/blog\/wp-content\/uploads\/2023\/05\/shutterstock_1048558028-768x523.jpg\" media=\"(min-width: 100px)\">\n                <img decoding=\"async\" style=\"\" loading=\"lazy\" class=\"img-1\" src=\"https:\/\/fr.lartisien.com\/blog\/wp-content\/uploads\/2023\/05\/shutterstock_1048558028-1024x697.jpg\" alt=\"\" \/>\n            <\/picture>    <\/div>\r\n        <div class=\"image-container img-2\">\r\n        <picture class=\"img-2\">\n                <source srcset=\"https:\/\/fr.lartisien.com\/blog\/wp-content\/uploads\/2023\/05\/shutterstock_1620869194.jpg\" media=\"(min-width: 1400px)\">\n                <source srcset=\"https:\/\/fr.lartisien.com\/blog\/wp-content\/uploads\/2023\/05\/shutterstock_1620869194-1536x1024.jpg\" media=\"(min-width: 1000px)\">\n                <source srcset=\"https:\/\/fr.lartisien.com\/blog\/wp-content\/uploads\/2023\/05\/shutterstock_1620869194-1024x682.jpg\" media=\"(min-width: 600px)\">\n                <source srcset=\"https:\/\/fr.lartisien.com\/blog\/wp-content\/uploads\/2023\/05\/shutterstock_1620869194-768x512.jpg\" media=\"(min-width: 100px)\">\n                <img decoding=\"async\" style=\"\" loading=\"lazy\" class=\"img-2\" src=\"https:\/\/fr.lartisien.com\/blog\/wp-content\/uploads\/2023\/05\/shutterstock_1620869194-1024x682.jpg\" alt=\"\" \/>\n            <\/picture>    <\/div>\r\n        <div class=\"image-container img-3\">\r\n        <picture class=\"img-3\">\n                <source srcset=\"https:\/\/fr.lartisien.com\/blog\/wp-content\/uploads\/2023\/05\/shutterstock_176965397-2048x1238.jpg\" media=\"(min-width: 1400px)\">\n                <source srcset=\"https:\/\/fr.lartisien.com\/blog\/wp-content\/uploads\/2023\/05\/shutterstock_176965397-1536x928.jpg\" media=\"(min-width: 1000px)\">\n                <source srcset=\"https:\/\/fr.lartisien.com\/blog\/wp-content\/uploads\/2023\/05\/shutterstock_176965397-1024x619.jpg\" media=\"(min-width: 600px)\">\n                <source srcset=\"https:\/\/fr.lartisien.com\/blog\/wp-content\/uploads\/2023\/05\/shutterstock_176965397-768x464.jpg\" media=\"(min-width: 100px)\">\n                <img decoding=\"async\" style=\"\" loading=\"lazy\" class=\"img-3\" src=\"https:\/\/fr.lartisien.com\/blog\/wp-content\/uploads\/2023\/05\/shutterstock_176965397-1024x619.jpg\" alt=\"\" \/>\n            <\/picture>    <\/div>\r\n    <\/section>\r\n\n\n<section class=\"important-information\">\r\n    <p class=\"p--4 important-information-header\"><\/p>\r\n    <div class=\"p--5 important-information-content\"><p><em><strong>Palais royal<\/strong><\/em><\/p>\n<p><em><strong>Adresse :<\/strong> C. de Bail\u00e9n, s\/n, 28071 Madrid<\/em><\/p>\n<p><em><strong>Heures d&#8217;ouverture :<\/strong><\/em><\/p>\n<p><em>Du lundi au samedi &#8211; de 10h \u00e0 19h<\/em><\/p>\n<p><em>Dimanche &#8211; 10h \u00e0 16h<\/em><\/p>\n<p>&nbsp;<\/p>\n<p><em><strong>Cath\u00e9drale d&#8217;Almudena<\/strong><\/em><\/p>\n<p><em><strong>Adresse :<\/strong> C. de Bail\u00e9n, 10, 28013 Madrid<\/em><\/p>\n<p><em><strong>Heures d&#8217;ouverture<\/strong> :<\/em><\/p>\n<p><em>Du lundi au dimanche &#8211; 10h \u00e0 20h30<\/em><\/p>\n<\/div>\r\n<\/section>\n\n\n<h3>Visite et d\u00e9jeuner au march\u00e9 San Miguel<\/h3>\n\n\n\n<p>Le march\u00e9 de San Miguel est un lieu incontournable de la capitale pour go\u00fbter \u00e0 de d\u00e9licieuses sp\u00e9cialit\u00e9s espagnoles concoct\u00e9es \u00e0 partir de produits traditionnels, de qualit\u00e9 et de saison. Plus de 30 \u00e9tals color\u00e9s offrent divers tapas, plats et boissons \u00e0 savourer sur place. Paella, jambon ib\u00e9rique, fromage, mais \u00e9galement vins et bi\u00e8res locales ; ce march\u00e9 repr\u00e9sente une pause gourmande id\u00e9ale lors d\u2019une journ\u00e9e de visite intense au c\u0153ur de Madrid.<\/p>\n\n\n\r\n<section class=\"image-grid image-grid-4 fifty-fifty-grid\">\r\n        <div class=\"image-container img-1\">\r\n        <picture class=\"img-1\">\n                <source srcset=\"https:\/\/fr.lartisien.com\/blog\/wp-content\/uploads\/2023\/05\/shutterstock_639871243.jpg\" media=\"(min-width: 1400px)\">\n                <source srcset=\"https:\/\/fr.lartisien.com\/blog\/wp-content\/uploads\/2023\/05\/shutterstock_639871243-1536x1024.jpg\" media=\"(min-width: 1000px)\">\n                <source srcset=\"https:\/\/fr.lartisien.com\/blog\/wp-content\/uploads\/2023\/05\/shutterstock_639871243-1024x682.jpg\" media=\"(min-width: 600px)\">\n                <source srcset=\"https:\/\/fr.lartisien.com\/blog\/wp-content\/uploads\/2023\/05\/shutterstock_639871243-768x512.jpg\" media=\"(min-width: 100px)\">\n                <img decoding=\"async\" style=\"\" loading=\"lazy\" class=\"img-1\" src=\"https:\/\/fr.lartisien.com\/blog\/wp-content\/uploads\/2023\/05\/shutterstock_639871243-1024x682.jpg\" alt=\"\" \/>\n            <\/picture>    <\/div>\r\n        <div class=\"image-container img-2\">\r\n        <picture class=\"img-2\">\n                <source srcset=\"https:\/\/fr.lartisien.com\/blog\/wp-content\/uploads\/2023\/05\/shutterstock_1606121815-1.jpg\" media=\"(min-width: 1400px)\">\n                <source srcset=\"https:\/\/fr.lartisien.com\/blog\/wp-content\/uploads\/2023\/05\/shutterstock_1606121815-1-1536x1024.jpg\" media=\"(min-width: 1000px)\">\n                <source srcset=\"https:\/\/fr.lartisien.com\/blog\/wp-content\/uploads\/2023\/05\/shutterstock_1606121815-1-1024x682.jpg\" media=\"(min-width: 600px)\">\n                <source srcset=\"https:\/\/fr.lartisien.com\/blog\/wp-content\/uploads\/2023\/05\/shutterstock_1606121815-1-768x512.jpg\" media=\"(min-width: 100px)\">\n                <img decoding=\"async\" style=\"\" loading=\"lazy\" class=\"img-2\" src=\"https:\/\/fr.lartisien.com\/blog\/wp-content\/uploads\/2023\/05\/shutterstock_1606121815-1-1024x682.jpg\" alt=\"\" \/>\n            <\/picture>    <\/div>\r\n        <div class=\"image-container img-3\">\r\n        <picture class=\"img-3\">\n                <source srcset=\"https:\/\/fr.lartisien.com\/blog\/wp-content\/uploads\/2023\/05\/shutterstock_632606399.jpg\" media=\"(min-width: 1400px)\">\n                <source srcset=\"https:\/\/fr.lartisien.com\/blog\/wp-content\/uploads\/2023\/05\/shutterstock_632606399-1536x996.jpg\" media=\"(min-width: 1000px)\">\n                <source srcset=\"https:\/\/fr.lartisien.com\/blog\/wp-content\/uploads\/2023\/05\/shutterstock_632606399-1024x664.jpg\" media=\"(min-width: 600px)\">\n                <source srcset=\"https:\/\/fr.lartisien.com\/blog\/wp-content\/uploads\/2023\/05\/shutterstock_632606399-768x498.jpg\" media=\"(min-width: 100px)\">\n                <img decoding=\"async\" style=\"\" loading=\"lazy\" class=\"img-3\" src=\"https:\/\/fr.lartisien.com\/blog\/wp-content\/uploads\/2023\/05\/shutterstock_632606399-1024x664.jpg\" alt=\"\" \/>\n            <\/picture>    <\/div>\r\n        <div class=\"image-container img-4\">\r\n        <picture class=\"img-4\">\n                <source srcset=\"https:\/\/fr.lartisien.com\/blog\/wp-content\/uploads\/2023\/05\/shutterstock_1590320641.jpg\" media=\"(min-width: 1400px)\">\n                <source srcset=\"https:\/\/fr.lartisien.com\/blog\/wp-content\/uploads\/2023\/05\/shutterstock_1590320641-1536x1022.jpg\" media=\"(min-width: 1000px)\">\n                <source srcset=\"https:\/\/fr.lartisien.com\/blog\/wp-content\/uploads\/2023\/05\/shutterstock_1590320641-1024x681.jpg\" media=\"(min-width: 600px)\">\n                <source srcset=\"https:\/\/fr.lartisien.com\/blog\/wp-content\/uploads\/2023\/05\/shutterstock_1590320641-768x511.jpg\" media=\"(min-width: 100px)\">\n                <img decoding=\"async\" style=\"\" loading=\"lazy\" class=\"img-4\" src=\"https:\/\/fr.lartisien.com\/blog\/wp-content\/uploads\/2023\/05\/shutterstock_1590320641-1024x681.jpg\" alt=\"\" \/>\n            <\/picture>    <\/div>\r\n    <\/section>\r\n\n\n<section class=\"important-information\">\r\n    <p class=\"p--4 important-information-header\"><\/p>\r\n    <div class=\"p--5 important-information-content\"><p><em><strong>Adresse:<\/strong> Pl. de San Miguel, s\/n, 28005 Madrid<\/em><\/p>\n<p><em><strong>Heures d&#8217;ouverture:<\/strong><\/em><\/p>\n<p><em>Vendredi et samedi &#8211; 10h \u00e0 01h<\/em><\/p>\n<p><em>Dimanche \u00e0 jeudi &#8211; 10h \u00e0 minuit<\/em><\/p>\n<\/div>\r\n<\/section>\n\n\n<h3>Mus\u00e9e Thyssen-Bornemisza<\/h3>\n\n\n\n<p>La collection du Mus\u00e9e Thyssen-Bornemisza est compos\u00e9e de pr\u00e8s de 1000 tableaux offrant un beau panorama de l&#8217;histoire de l\u2019art europ\u00e9en du Moyen \u00c2ge jusqu\u2019au XXe si\u00e8cle. On y d\u00e9couvre des oeuvres d\u2019artistes renomm\u00e9s que l\u2019on ne trouve nulle part dans les autres mus\u00e9es espagnols. Le deuxi\u00e8me \u00e9tage abrite une collection d\u2019\u0153uvres d\u2019art allant jusqu\u2019au d\u00e9but du XIXe si\u00e8cle, tandis que le premier \u00e9tage pr\u00e9sente les pi\u00e8ces de Ma\u00eetres modernes, de l\u2019impressionnisme au XXe si\u00e8cle. Au rez-de-chauss\u00e9e, on peut admirer une exposition de 180 \u0153uvres de la collectionneuse et marchande d\u2019art espagnole Carmen Thyssen (\u00e9pouse de Hans Heinrich Thyssen-Bornemisza, h\u00e9ritier de la famille allemande Thyssen \u00e0 la t\u00eate d\u2019un empire industriel dans l\u2019acier).<\/p>\n\n\n\r\n<section class=\"image-grid image-grid-3 forty-sixty-grid\">\r\n        <div class=\"image-container img-1\">\r\n        <picture class=\"img-1\">\n                <source srcset=\"https:\/\/fr.lartisien.com\/blog\/wp-content\/uploads\/2023\/05\/shutterstock_1962648796.jpg\" media=\"(min-width: 1400px)\">\n                <source srcset=\"https:\/\/fr.lartisien.com\/blog\/wp-content\/uploads\/2023\/05\/shutterstock_1962648796-1536x991.jpg\" media=\"(min-width: 1000px)\">\n                <source srcset=\"https:\/\/fr.lartisien.com\/blog\/wp-content\/uploads\/2023\/05\/shutterstock_1962648796-1024x661.jpg\" media=\"(min-width: 600px)\">\n                <source srcset=\"https:\/\/fr.lartisien.com\/blog\/wp-content\/uploads\/2023\/05\/shutterstock_1962648796-768x496.jpg\" media=\"(min-width: 100px)\">\n                <img decoding=\"async\" style=\"\" loading=\"lazy\" class=\"img-1\" src=\"https:\/\/fr.lartisien.com\/blog\/wp-content\/uploads\/2023\/05\/shutterstock_1962648796-1024x661.jpg\" alt=\"\" \/>\n            <\/picture>    <\/div>\r\n        <div class=\"image-container img-2\">\r\n        <picture class=\"img-2\">\n                <source srcset=\"https:\/\/fr.lartisien.com\/blog\/wp-content\/uploads\/2023\/05\/Museo20Thyssen-Bornemisza2002-2048x1123.jpg\" media=\"(min-width: 1400px)\">\n                <source srcset=\"https:\/\/fr.lartisien.com\/blog\/wp-content\/uploads\/2023\/05\/Museo20Thyssen-Bornemisza2002-1536x842.jpg\" media=\"(min-width: 1000px)\">\n                <source srcset=\"https:\/\/fr.lartisien.com\/blog\/wp-content\/uploads\/2023\/05\/Museo20Thyssen-Bornemisza2002-1024x561.jpg\" media=\"(min-width: 600px)\">\n                <source srcset=\"https:\/\/fr.lartisien.com\/blog\/wp-content\/uploads\/2023\/05\/Museo20Thyssen-Bornemisza2002-768x421.jpg\" media=\"(min-width: 100px)\">\n                <img decoding=\"async\" style=\"\" loading=\"lazy\" class=\"img-2\" src=\"https:\/\/fr.lartisien.com\/blog\/wp-content\/uploads\/2023\/05\/Museo20Thyssen-Bornemisza2002-1024x561.jpg\" alt=\"\" \/>\n            <\/picture>    <\/div>\r\n        <div class=\"image-container img-3\">\r\n        <picture class=\"img-3\">\n                <source srcset=\"https:\/\/fr.lartisien.com\/blog\/wp-content\/uploads\/2023\/05\/shutterstock_1599982090.jpg\" media=\"(min-width: 1400px)\">\n                <source srcset=\"https:\/\/fr.lartisien.com\/blog\/wp-content\/uploads\/2023\/05\/shutterstock_1599982090-1536x1152.jpg\" media=\"(min-width: 1000px)\">\n                <source srcset=\"https:\/\/fr.lartisien.com\/blog\/wp-content\/uploads\/2023\/05\/shutterstock_1599982090-1024x768.jpg\" media=\"(min-width: 600px)\">\n                <source srcset=\"https:\/\/fr.lartisien.com\/blog\/wp-content\/uploads\/2023\/05\/shutterstock_1599982090-768x576.jpg\" media=\"(min-width: 100px)\">\n                <img decoding=\"async\" style=\"\" loading=\"lazy\" class=\"img-3\" src=\"https:\/\/fr.lartisien.com\/blog\/wp-content\/uploads\/2023\/05\/shutterstock_1599982090-1024x768.jpg\" alt=\"\" \/>\n            <\/picture>    <\/div>\r\n    <\/section>\r\n\n\n<section class=\"important-information\">\r\n    <p class=\"p--4 important-information-header\"><\/p>\r\n    <div class=\"p--5 important-information-content\"><p><em><strong>Adresse :<\/strong> P.\u00ba del Prado, 8, 28014 Madrid<\/em><\/p>\n<p><em><strong>Heures d&#8217;ouverture :<\/strong><\/em><\/p>\n<p><em>Lundi &#8211; 12h \u00e0 16h<\/em><\/p>\n<p><em>Du mardi au dimanche &#8211; de 10h \u00e0 19h<\/em><\/p>\n<\/div>\r\n<\/section>\n\n\n<h3>D\u00eener au restaurant CEBO<\/h3>\n\n\n\n<p>Le restaurant CEBO s\u00e9duit tant par son cadre \u00e9l\u00e9gant aux tonalit\u00e9s noire et dor\u00e9e habill\u00e9es de marbre, qui lui donnent des allures de night club, que par sa cuisine gastronomique. \u00c9labor\u00e9e par deux jeunes chefs espagnols renomm\u00e9s, Javier Sanz et Juan Sahuquillo, la cuisine du restaurant met \u00e0 l\u2019honneur des produits frais de saison provenant des petits producteurs du pays. On y d\u00e9guste des plats cr\u00e9atifs sans artifice, parfaitement \u00e9quilibr\u00e9s et pr\u00e9sent\u00e9s de fa\u00e7on sophistiqu\u00e9e.<\/p>\n\n\n\r\n<section class=\"image-grid image-grid-2 \">\r\n        <div class=\"image-container img-1\">\r\n        <picture class=\"img-1\">\n                <source srcset=\"https:\/\/fr.lartisien.com\/blog\/wp-content\/uploads\/2023\/05\/Cebo_Leche-de-Oveja_-28-1016831.jpg\" media=\"(min-width: 1400px)\">\n                <source srcset=\"https:\/\/fr.lartisien.com\/blog\/wp-content\/uploads\/2023\/05\/Cebo_Leche-de-Oveja_-28-1016831-1536x1024.jpg\" media=\"(min-width: 1000px)\">\n                <source srcset=\"https:\/\/fr.lartisien.com\/blog\/wp-content\/uploads\/2023\/05\/Cebo_Leche-de-Oveja_-28-1016831-1024x683.jpg\" media=\"(min-width: 600px)\">\n                <source srcset=\"https:\/\/fr.lartisien.com\/blog\/wp-content\/uploads\/2023\/05\/Cebo_Leche-de-Oveja_-28-1016831-768x512.jpg\" media=\"(min-width: 100px)\">\n                <img decoding=\"async\" style=\"\" loading=\"lazy\" class=\"img-1\" src=\"https:\/\/fr.lartisien.com\/blog\/wp-content\/uploads\/2023\/05\/Cebo_Leche-de-Oveja_-28-1016831-1024x683.jpg\" alt=\"\" \/>\n            <\/picture>    <\/div>\r\n        <div class=\"image-container img-2\">\r\n        <picture class=\"img-2\">\n                <source srcset=\"https:\/\/fr.lartisien.com\/blog\/wp-content\/uploads\/2023\/05\/Cebo_Tomate-Cuerno-Andes_28-1016772.jpg\" media=\"(min-width: 1400px)\">\n                <source srcset=\"https:\/\/fr.lartisien.com\/blog\/wp-content\/uploads\/2023\/05\/Cebo_Tomate-Cuerno-Andes_28-1016772-1536x1024.jpg\" media=\"(min-width: 1000px)\">\n                <source srcset=\"https:\/\/fr.lartisien.com\/blog\/wp-content\/uploads\/2023\/05\/Cebo_Tomate-Cuerno-Andes_28-1016772-1024x683.jpg\" media=\"(min-width: 600px)\">\n                <source srcset=\"https:\/\/fr.lartisien.com\/blog\/wp-content\/uploads\/2023\/05\/Cebo_Tomate-Cuerno-Andes_28-1016772-768x512.jpg\" media=\"(min-width: 100px)\">\n                <img decoding=\"async\" style=\"\" loading=\"lazy\" class=\"img-2\" src=\"https:\/\/fr.lartisien.com\/blog\/wp-content\/uploads\/2023\/05\/Cebo_Tomate-Cuerno-Andes_28-1016772-1024x683.jpg\" alt=\"\" \/>\n            <\/picture>    <\/div>\r\n    <\/section>\r\n\n\n<section class=\"important-information\">\r\n    <p class=\"p--4 important-information-header\"><\/p>\r\n    <div class=\"p--5 important-information-content\"><p><em><strong>Adresse:<\/strong> Cra de S. Jer\u00f3nimo, 34, 28014 Madrid<\/em><\/p>\n<p><em><strong>Heures d&#8217;ouverture:<\/strong><\/em><\/p>\n<p><em>Dimanche et lundi &#8211; Ferm\u00e9<\/em><\/p>\n<p><em>Mardi \u00e0 samedi &#8211; 13h30 \u00e0 15h, 20h30 \u00e0 21h30<\/em><\/p>\n<\/div>\r\n<\/section>\n\n\n<h2>Jour 3 \u00e0 Madrid<\/h2>\n\n\n\n<h3>Mus\u00e9e Reina Sof\u00eda<\/h3>\n\n\n\r\n<section class=\"image-grid image-grid-1 \">\r\n        <div class=\"image-container img-1\">\r\n        <picture class=\"img-1\">\n                <source srcset=\"https:\/\/fr.lartisien.com\/blog\/wp-content\/uploads\/2023\/05\/shutterstock_1019774272.jpg\" media=\"(min-width: 1400px)\">\n                <source srcset=\"https:\/\/fr.lartisien.com\/blog\/wp-content\/uploads\/2023\/05\/shutterstock_1019774272-1536x1024.jpg\" media=\"(min-width: 1000px)\">\n                <source srcset=\"https:\/\/fr.lartisien.com\/blog\/wp-content\/uploads\/2023\/05\/shutterstock_1019774272-1024x682.jpg\" media=\"(min-width: 600px)\">\n                <source srcset=\"https:\/\/fr.lartisien.com\/blog\/wp-content\/uploads\/2023\/05\/shutterstock_1019774272-768x512.jpg\" media=\"(min-width: 100px)\">\n                <img decoding=\"async\" style=\"\" loading=\"lazy\" class=\"img-1\" src=\"https:\/\/fr.lartisien.com\/blog\/wp-content\/uploads\/2023\/05\/shutterstock_1019774272-1024x682.jpg\" alt=\"\" \/>\n            <\/picture>    <\/div>\r\n    <\/section>\r\n\n\n\n<p>Le mus\u00e9e Reina Sof\u00eda abrite une collection d\u2019art moderne et contemporain espagnol de renomm\u00e9e internationale. Il h\u00e9berge, entre autres, les grandes \u0153uvres de Dal\u00ed, de Mir\u00f3 et de Juan Gris. C\u2019est aussi au sein de ce mus\u00e9e que l\u2019on peut admirer l\u2019une des \u0153uvres les plus c\u00e9l\u00e8bres de Pablo Picasso, qui est \u00e9galement l\u2019une des plus connues au monde : <span class=\"notion-enable-hover\" data-token-index=\"1\">Guernica<\/span>. Cette sublime huile sur toile de style cubiste d\u00e9nonce le bombardement de Guernica,&nbsp;le 27 avril 1937, pendant la guerre civile espagnole.<\/p>\n\n\n\r\n<section class=\"image-grid image-grid-2 sixty-forty-grid\">\r\n        <div class=\"image-container img-1\">\r\n        <picture class=\"img-1\">\n                <source srcset=\"https:\/\/fr.lartisien.com\/blog\/wp-content\/uploads\/2023\/05\/shutterstock_2163586525.jpg\" media=\"(min-width: 1400px)\">\n                <source srcset=\"https:\/\/fr.lartisien.com\/blog\/wp-content\/uploads\/2023\/05\/shutterstock_2163586525-1536x1020.jpg\" media=\"(min-width: 1000px)\">\n                <source srcset=\"https:\/\/fr.lartisien.com\/blog\/wp-content\/uploads\/2023\/05\/shutterstock_2163586525-1024x680.jpg\" media=\"(min-width: 600px)\">\n                <source srcset=\"https:\/\/fr.lartisien.com\/blog\/wp-content\/uploads\/2023\/05\/shutterstock_2163586525-768x510.jpg\" media=\"(min-width: 100px)\">\n                <img decoding=\"async\" style=\"\" loading=\"lazy\" class=\"img-1\" src=\"https:\/\/fr.lartisien.com\/blog\/wp-content\/uploads\/2023\/05\/shutterstock_2163586525-1024x680.jpg\" alt=\"\" \/>\n            <\/picture>    <\/div>\r\n        <div class=\"image-container img-2\">\r\n        <picture class=\"img-2\">\n                <source srcset=\"https:\/\/fr.lartisien.com\/blog\/wp-content\/uploads\/2023\/05\/Museo-Nacional-Reina-Sofia-03.jpg\" media=\"(min-width: 1400px)\">\n                <source srcset=\"https:\/\/fr.lartisien.com\/blog\/wp-content\/uploads\/2023\/05\/Museo-Nacional-Reina-Sofia-03-1536x1365.jpg\" media=\"(min-width: 1000px)\">\n                <source srcset=\"https:\/\/fr.lartisien.com\/blog\/wp-content\/uploads\/2023\/05\/Museo-Nacional-Reina-Sofia-03-1024x910.jpg\" media=\"(min-width: 600px)\">\n                <source srcset=\"https:\/\/fr.lartisien.com\/blog\/wp-content\/uploads\/2023\/05\/Museo-Nacional-Reina-Sofia-03-768x682.jpg\" media=\"(min-width: 100px)\">\n                <img decoding=\"async\" style=\"\" loading=\"lazy\" class=\"img-2\" src=\"https:\/\/fr.lartisien.com\/blog\/wp-content\/uploads\/2023\/05\/Museo-Nacional-Reina-Sofia-03-1024x910.jpg\" alt=\"\" \/>\n            <\/picture>    <\/div>\r\n    <\/section>\r\n\n\n<section class=\"important-information\">\r\n    <p class=\"p--4 important-information-header\"><\/p>\r\n    <div class=\"p--5 important-information-content\"><p><em><strong>Adresse :<\/strong> C. de Sta. Isabel, 52, 28012 Madrid<\/em><\/p>\n<p><em><strong>Heures d&#8217;ouverture :<\/strong><\/em><\/p>\n<p><em>Mardi &#8211; ferm\u00e9<\/em><\/p>\n<p><em>Du mercredi au samedi &#8211; de 10h \u00e0 21h<\/em><\/p>\n<p><em>Dimanche &#8211; 10h \u00e0 14h30<\/em><\/p>\n<\/div>\r\n<\/section>\n\n\n<h3>Promenade dans le quartier de Lavapi\u00e9s<\/h3>\n\n\n\n<p>\u00c0 10 minutes \u00e0 pied du mus\u00e9e, se trouve le quartier populaire de Lavapi\u00e9s. Ses rues \u00e9troites et escarp\u00e9es attestent de son origine m\u00e9di\u00e9vale, rappelant que le quartier \u00e9tait auparavant un faubourg. Cosmopolite et color\u00e9, Lavapi\u00e9s est aujourd\u2019hui le quartier multiculturel et convivial par excellence de la capitale. Ses rues accueillent r\u00e9guli\u00e8rement des \u00e9v\u00e9nements culturels et regorgent d\u2019adresses et activit\u00e9s insolites pour sortir des sentiers battus. Il est possible de se pr\u00eater \u00e0 un cours de poterie avec les artistes de l\u2019atelier El Alfar, par exemple, ou de d\u00e9couvrir Tabacalera, une ancienne usine de tabacs transform\u00e9e en lieu d\u2019exposition ouvert \u00e0 tous les artistes, professionnels ou amateurs.<\/p>\n\n\n\r\n<section class=\"image-grid image-grid-4 fifty-fifty-grid\">\r\n        <div class=\"image-container img-1\">\r\n        <picture class=\"img-1\">\n                <source srcset=\"https:\/\/fr.lartisien.com\/blog\/wp-content\/uploads\/2023\/05\/shutterstock_2255265155.jpg\" media=\"(min-width: 1400px)\">\n                <source srcset=\"https:\/\/fr.lartisien.com\/blog\/wp-content\/uploads\/2023\/05\/shutterstock_2255265155-1536x1025.jpg\" media=\"(min-width: 1000px)\">\n                <source srcset=\"https:\/\/fr.lartisien.com\/blog\/wp-content\/uploads\/2023\/05\/shutterstock_2255265155-1024x684.jpg\" media=\"(min-width: 600px)\">\n                <source srcset=\"https:\/\/fr.lartisien.com\/blog\/wp-content\/uploads\/2023\/05\/shutterstock_2255265155-768x513.jpg\" media=\"(min-width: 100px)\">\n                <img decoding=\"async\" style=\"\" loading=\"lazy\" class=\"img-1\" src=\"https:\/\/fr.lartisien.com\/blog\/wp-content\/uploads\/2023\/05\/shutterstock_2255265155-1024x684.jpg\" alt=\"\" \/>\n            <\/picture>    <\/div>\r\n        <div class=\"image-container img-2\">\r\n        <picture class=\"img-2\">\n                <source srcset=\"https:\/\/fr.lartisien.com\/blog\/wp-content\/uploads\/2023\/05\/lavapies-3590243_1920.jpg\" media=\"(min-width: 1400px)\">\n                <source srcset=\"https:\/\/fr.lartisien.com\/blog\/wp-content\/uploads\/2023\/05\/lavapies-3590243_1920-1536x1024.jpg\" media=\"(min-width: 1000px)\">\n                <source srcset=\"https:\/\/fr.lartisien.com\/blog\/wp-content\/uploads\/2023\/05\/lavapies-3590243_1920-1024x683.jpg\" media=\"(min-width: 600px)\">\n                <source srcset=\"https:\/\/fr.lartisien.com\/blog\/wp-content\/uploads\/2023\/05\/lavapies-3590243_1920-768x512.jpg\" media=\"(min-width: 100px)\">\n                <img decoding=\"async\" style=\"\" loading=\"lazy\" class=\"img-2\" src=\"https:\/\/fr.lartisien.com\/blog\/wp-content\/uploads\/2023\/05\/lavapies-3590243_1920-1024x683.jpg\" alt=\"\" \/>\n            <\/picture>    <\/div>\r\n        <div class=\"image-container img-3\">\r\n        <picture class=\"img-3\">\n                <source srcset=\"https:\/\/fr.lartisien.com\/blog\/wp-content\/uploads\/2023\/05\/shutterstock_618481361.jpg\" media=\"(min-width: 1400px)\">\n                <source srcset=\"https:\/\/fr.lartisien.com\/blog\/wp-content\/uploads\/2023\/05\/shutterstock_618481361-1536x1152.jpg\" media=\"(min-width: 1000px)\">\n                <source srcset=\"https:\/\/fr.lartisien.com\/blog\/wp-content\/uploads\/2023\/05\/shutterstock_618481361-1024x768.jpg\" media=\"(min-width: 600px)\">\n                <source srcset=\"https:\/\/fr.lartisien.com\/blog\/wp-content\/uploads\/2023\/05\/shutterstock_618481361-768x576.jpg\" media=\"(min-width: 100px)\">\n                <img decoding=\"async\" style=\"\" loading=\"lazy\" class=\"img-3\" src=\"https:\/\/fr.lartisien.com\/blog\/wp-content\/uploads\/2023\/05\/shutterstock_618481361-1024x768.jpg\" alt=\"\" \/>\n            <\/picture>    <\/div>\r\n        <div class=\"image-container img-4\">\r\n        <picture class=\"img-4\">\n                <source srcset=\"https:\/\/fr.lartisien.com\/blog\/wp-content\/uploads\/2023\/05\/shutterstock_1436604311.jpg\" media=\"(min-width: 1400px)\">\n                <source srcset=\"https:\/\/fr.lartisien.com\/blog\/wp-content\/uploads\/2023\/05\/shutterstock_1436604311-1536x984.jpg\" media=\"(min-width: 1000px)\">\n                <source srcset=\"https:\/\/fr.lartisien.com\/blog\/wp-content\/uploads\/2023\/05\/shutterstock_1436604311-1024x656.jpg\" media=\"(min-width: 600px)\">\n                <source srcset=\"https:\/\/fr.lartisien.com\/blog\/wp-content\/uploads\/2023\/05\/shutterstock_1436604311-768x492.jpg\" media=\"(min-width: 100px)\">\n                <img decoding=\"async\" style=\"\" loading=\"lazy\" class=\"img-4\" src=\"https:\/\/fr.lartisien.com\/blog\/wp-content\/uploads\/2023\/05\/shutterstock_1436604311-1024x656.jpg\" alt=\"\" \/>\n            <\/picture>    <\/div>\r\n    <\/section>\r\n\n\n\n<h3>D\u00e9jeuner de tapas \u00e0 Juana La Loca<\/h3>\n\n\n\n<p>Situ\u00e9 dans le quartier pittoresque de La Latina, Juana La Loca est l&#8217;adresse incontournable pour savourer des tapas cr\u00e9atives \u00e0 Madrid. Ce restaurant populaire et \u00e9l\u00e9gant offre une atmosph\u00e8re r\u00e9tro-chic et met en valeur ses tapas et pinxtos dans de belles vitrines. Juana La Loca est c\u00e9l\u00e8bre pour sa tortilla de patata avec ses oignons caram\u00e9lis\u00e9s qui serait une des meilleures de Madrid.<\/p>\n\n\n<section class=\"important-information\">\r\n    <p class=\"p--4 important-information-header\"><\/p>\r\n    <div class=\"p--5 important-information-content\"><p><em><strong>Adresse:<\/strong> Pl. de Prta de Moros, 4, 28005 Madrid<\/em><\/p>\n<p><em><strong>Heures d&#8217;ouverture:<\/strong><\/em><\/p>\n<p><em>Lundi &#8211; Ferm\u00e9<\/em><\/p>\n<p><em>Mardi \u00e0 dimanche &#8211; 13h \u00e0 16h30, 20h \u00e0 minuit<\/em><\/p>\n<\/div>\r\n<\/section>\n\n\n<h3>Shopping dans le quartier de Salamanca<\/h3>\n\n\n\n<p>Consid\u00e9r\u00e9 comme l&#8217;un des quartiers les plus luxueux de la capitale espagnole, Salamanca est le le paradis des amateurs de shopping. Les rues du quartier sont bord\u00e9es de boutiques de haute couture, de grandes enseignes de mode, de bijouteries ainsi que de magnifiques magasins locaux. La Calle Serrano est l&#8217;avenue la plus embl\u00e9matique du quartier avec ses boutiques de luxe telles que Chanel, Louis Vuitton, Dior, Gucci et Cartier. Le quartier abrite \u00e9galement de nombreuses marques populaires, ainsi que des magasins d\u2019accessoires et de chaussures.<\/p>\n\n\n\r\n<section class=\"image-grid image-grid-2 sixty-forty-grid\">\r\n        <div class=\"image-container img-1\">\r\n        <picture class=\"img-1\">\n                <source srcset=\"https:\/\/fr.lartisien.com\/blog\/wp-content\/uploads\/2023\/05\/shutterstock_2073741140.jpg\" media=\"(min-width: 1400px)\">\n                <source srcset=\"https:\/\/fr.lartisien.com\/blog\/wp-content\/uploads\/2023\/05\/shutterstock_2073741140-1536x1025.jpg\" media=\"(min-width: 1000px)\">\n                <source srcset=\"https:\/\/fr.lartisien.com\/blog\/wp-content\/uploads\/2023\/05\/shutterstock_2073741140-1024x684.jpg\" media=\"(min-width: 600px)\">\n                <source srcset=\"https:\/\/fr.lartisien.com\/blog\/wp-content\/uploads\/2023\/05\/shutterstock_2073741140-768x513.jpg\" media=\"(min-width: 100px)\">\n                <img decoding=\"async\" style=\"\" loading=\"lazy\" class=\"img-1\" src=\"https:\/\/fr.lartisien.com\/blog\/wp-content\/uploads\/2023\/05\/shutterstock_2073741140-1024x684.jpg\" alt=\"\" \/>\n            <\/picture>    <\/div>\r\n        <div class=\"image-container img-2\">\r\n        <picture class=\"img-2\">\n                <source srcset=\"https:\/\/fr.lartisien.com\/blog\/wp-content\/uploads\/2023\/05\/f_i_pg_050308_calle_serrano-eljardin_de_serrano_018-1365x2048.jpg\" media=\"(min-width: 1400px)\">\n                <source srcset=\"https:\/\/fr.lartisien.com\/blog\/wp-content\/uploads\/2023\/05\/f_i_pg_050308_calle_serrano-eljardin_de_serrano_018-1024x1536.jpg\" media=\"(min-width: 1000px)\">\n                <source srcset=\"https:\/\/fr.lartisien.com\/blog\/wp-content\/uploads\/2023\/05\/f_i_pg_050308_calle_serrano-eljardin_de_serrano_018-683x1024.jpg\" media=\"(min-width: 600px)\">\n                <source srcset=\"https:\/\/fr.lartisien.com\/blog\/wp-content\/uploads\/2023\/05\/f_i_pg_050308_calle_serrano-eljardin_de_serrano_018-768x1152.jpg\" media=\"(min-width: 100px)\">\n                <img decoding=\"async\" style=\"\" loading=\"lazy\" class=\"img-2\" src=\"https:\/\/fr.lartisien.com\/blog\/wp-content\/uploads\/2023\/05\/f_i_pg_050308_calle_serrano-eljardin_de_serrano_018-683x1024.jpg\" alt=\"\" \/>\n            <\/picture>    <\/div>\r\n    <\/section>\r\n\n\n\n<h3>D\u00eener au restaurant Terracotta ou \u00e0 l\u2019italien Bel Mondo<\/h3>\n\n\n\n<p>Depuis son ouverture d\u00e9but 2022, le restaurant Terracotta est devenu un incontournable de la sc\u00e8ne culinaire madril\u00e8ne. Le menu propose une s\u00e9lection saisonni\u00e8re de plats cr\u00e9atifs pr\u00e9par\u00e9s avec des ingr\u00e9dients de qualit\u00e9, que l\u2019on d\u00e9guste dans une ambiance chaleureuse et intime. Les poteries dispos\u00e9es sur les \u00e9tag\u00e8res apportent un charme rustique \u00e0 la d\u00e9coration raffin\u00e9e du restaurant, tandis que le plafond en li\u00e8ge r\u00e9duit le bruit pour une exp\u00e9rience culinaire des plus paisibles. Terracotta est r\u00e9put\u00e9 \u00e0 Madrid pour ses sangrias artisanales, inspir\u00e9es de la tradition espagnole et revisit\u00e9es avec des saveurs originales.<\/p>\n\n\n<section class=\"important-information\">\r\n    <p class=\"p--4 important-information-header\"><\/p>\r\n    <div class=\"p--5 important-information-content\"><p><em><strong>Adresse:<\/strong> C. de Vel\u00e1zquez, 80, 28001 Madrid<\/em><\/p>\n<p><em><strong>Heures d&#8217;ouverture:<\/strong><\/em><\/p>\n<p><em>Dimanche &#8211; 13h \u00e0 17h30<\/em><\/p>\n<p><em>Lundi \u00e0 mercredi &#8211; 13h \u00e0 17h30, 20h \u00e0 01h<\/em><\/p>\n<p><em>Jeudi \u00e0 samedi &#8211; 13h \u00e0 17h30, 20h \u00e0 01h30<\/em><\/p>\n<\/div>\r\n<\/section>\n\n\n<h2>Jour 4 \u00e0 Madrid<\/h2>\n\n\n\n<h3>Une journ\u00e9e \u00e0 Aranjuez<\/h3>\n\n\n\r\n<section class=\"image-grid image-grid-1 \">\r\n        <div class=\"image-container img-1\">\r\n        <picture class=\"img-1\">\n                <source srcset=\"https:\/\/fr.lartisien.com\/blog\/wp-content\/uploads\/2023\/05\/shutterstock_281035628ar-2048x1292.jpg\" media=\"(min-width: 1400px)\">\n                <source srcset=\"https:\/\/fr.lartisien.com\/blog\/wp-content\/uploads\/2023\/05\/shutterstock_281035628ar-1536x969.jpg\" media=\"(min-width: 1000px)\">\n                <source srcset=\"https:\/\/fr.lartisien.com\/blog\/wp-content\/uploads\/2023\/05\/shutterstock_281035628ar-1024x646.jpg\" media=\"(min-width: 600px)\">\n                <source srcset=\"https:\/\/fr.lartisien.com\/blog\/wp-content\/uploads\/2023\/05\/shutterstock_281035628ar-768x485.jpg\" media=\"(min-width: 100px)\">\n                <img decoding=\"async\" style=\"\" loading=\"lazy\" class=\"img-1\" src=\"https:\/\/fr.lartisien.com\/blog\/wp-content\/uploads\/2023\/05\/shutterstock_281035628ar-1024x646.jpg\" alt=\"\" \/>\n            <\/picture>    <\/div>\r\n    <\/section>\r\n\n\n\n<p>Les environs de Madrid regorgent de villages et de villes \u00e0 visiter. Situ\u00e9e \u00e0 environ 50 km de la capitale espagnole Aranjuez est une ville charmante associant un fabuleux m\u00e9lange d\u2019histoire et de nature. La ville est connue pour son c\u00e9l\u00e8bre palais royal inscrit au patrimoine mondial de l\u2019UNESCO ; un v\u00e9ritable joyau architectural entour\u00e9 de magnifiques jardins et de fontaines datant du XVIIIe si\u00e8cle. Avec ses rues pav\u00e9es, son parc naturel et le cours du Tage qui traverse la ville, Aranjuez est une destination idyllique pour une journ\u00e9e de d\u00e9couverte paisible en dehors du tumulte de la capitale.<\/p>\n\n\n\r\n<section class=\"image-grid image-grid-3 sixty-forty-grid\">\r\n        <div class=\"image-container img-1\">\r\n        <picture class=\"img-1\">\n                <source srcset=\"https:\/\/fr.lartisien.com\/blog\/wp-content\/uploads\/2023\/05\/shutterstock_179190314.jpg\" media=\"(min-width: 1400px)\">\n                <source srcset=\"https:\/\/fr.lartisien.com\/blog\/wp-content\/uploads\/2023\/05\/shutterstock_179190314-1536x1024.jpg\" media=\"(min-width: 1000px)\">\n                <source srcset=\"https:\/\/fr.lartisien.com\/blog\/wp-content\/uploads\/2023\/05\/shutterstock_179190314-1024x682.jpg\" media=\"(min-width: 600px)\">\n                <source srcset=\"https:\/\/fr.lartisien.com\/blog\/wp-content\/uploads\/2023\/05\/shutterstock_179190314-768x512.jpg\" media=\"(min-width: 100px)\">\n                <img decoding=\"async\" style=\"\" loading=\"lazy\" class=\"img-1\" src=\"https:\/\/fr.lartisien.com\/blog\/wp-content\/uploads\/2023\/05\/shutterstock_179190314-1024x682.jpg\" alt=\"\" \/>\n            <\/picture>    <\/div>\r\n        <div class=\"image-container img-2\">\r\n        <picture class=\"img-2\">\n                <source srcset=\"https:\/\/fr.lartisien.com\/blog\/wp-content\/uploads\/2023\/05\/shutterstock_420429766.jpg\" media=\"(min-width: 1400px)\">\n                <source srcset=\"https:\/\/fr.lartisien.com\/blog\/wp-content\/uploads\/2023\/05\/shutterstock_420429766-1536x1025.jpg\" media=\"(min-width: 1000px)\">\n                <source srcset=\"https:\/\/fr.lartisien.com\/blog\/wp-content\/uploads\/2023\/05\/shutterstock_420429766-1024x684.jpg\" media=\"(min-width: 600px)\">\n                <source srcset=\"https:\/\/fr.lartisien.com\/blog\/wp-content\/uploads\/2023\/05\/shutterstock_420429766-768x513.jpg\" media=\"(min-width: 100px)\">\n                <img decoding=\"async\" style=\"\" loading=\"lazy\" class=\"img-2\" src=\"https:\/\/fr.lartisien.com\/blog\/wp-content\/uploads\/2023\/05\/shutterstock_420429766-1024x684.jpg\" alt=\"\" \/>\n            <\/picture>    <\/div>\r\n        <div class=\"image-container img-3\">\r\n        <picture class=\"img-3\">\n                <source srcset=\"https:\/\/fr.lartisien.com\/blog\/wp-content\/uploads\/2023\/05\/shutterstock_2145454975.jpg\" media=\"(min-width: 1400px)\">\n                <source srcset=\"https:\/\/fr.lartisien.com\/blog\/wp-content\/uploads\/2023\/05\/shutterstock_2145454975-1536x1024.jpg\" media=\"(min-width: 1000px)\">\n                <source srcset=\"https:\/\/fr.lartisien.com\/blog\/wp-content\/uploads\/2023\/05\/shutterstock_2145454975-1024x682.jpg\" media=\"(min-width: 600px)\">\n                <source srcset=\"https:\/\/fr.lartisien.com\/blog\/wp-content\/uploads\/2023\/05\/shutterstock_2145454975-768x512.jpg\" media=\"(min-width: 100px)\">\n                <img decoding=\"async\" style=\"\" loading=\"lazy\" class=\"img-3\" src=\"https:\/\/fr.lartisien.com\/blog\/wp-content\/uploads\/2023\/05\/shutterstock_2145454975-1024x682.jpg\" alt=\"\" \/>\n            <\/picture>    <\/div>\r\n    <\/section>\r\n\n\n\n<h2>O\u00f9 s\u00e9journer \u00e0 Madrid<\/h2>\n\n\n\n<h3>Rosewood Villa Magna<\/h3>\n\n\n\r\n<section class=\"image-grid image-grid-1 \">\r\n        <div class=\"image-container img-1\">\r\n        <picture class=\"img-1\">\n                <source srcset=\"https:\/\/fr.lartisien.com\/blog\/wp-content\/uploads\/2023\/05\/105106-root-general-hotel-setting.jpeg\" media=\"(min-width: 1400px)\">\n                <source srcset=\"https:\/\/fr.lartisien.com\/blog\/wp-content\/uploads\/2023\/05\/105106-root-general-hotel-setting-1536x1025.jpeg\" media=\"(min-width: 1000px)\">\n                <source srcset=\"https:\/\/fr.lartisien.com\/blog\/wp-content\/uploads\/2023\/05\/105106-root-general-hotel-setting-1024x683.jpeg\" media=\"(min-width: 600px)\">\n                <source srcset=\"https:\/\/fr.lartisien.com\/blog\/wp-content\/uploads\/2023\/05\/105106-root-general-hotel-setting-768x512.jpeg\" media=\"(min-width: 100px)\">\n                <img decoding=\"async\" style=\"\" loading=\"lazy\" class=\"img-1\" src=\"https:\/\/fr.lartisien.com\/blog\/wp-content\/uploads\/2023\/05\/105106-root-general-hotel-setting-1024x683.jpeg\" alt=\"\" \/>\n            <\/picture>    <\/div>\r\n    <\/section>\r\n\n\n\n<p>Le <a class=\"notion-link-token notion-focusable-token notion-enable-hover\" tabindex=\"0\" href=\"https:\/\/fr.lartisien.com\/hotel\/rosewood-villa-magna?cur=MUR&amp;occ=a02\" rel=\"noopener noreferrer\" data-token-index=\"1\"><span class=\"link-annotation-unknown-block-id--36800052\">Rosewood Villa Magna<\/span><\/a> est une institution de l\u2019h\u00f4tellerie madril\u00e8ne, situ\u00e9 sur le Paseo de la Castellana, une avenue a\u00e9r\u00e9e et arbor\u00e9e o\u00f9 cohabitent boutiques, ambassades et banques, au coeur du tr\u00e8s pris\u00e9 quartier de Salamanca. Lanc\u00e9 en 1972, l\u2019h\u00f4tel de style r\u00e9sidentiel et moderne a \u00e9t\u00e9 enti\u00e8rement r\u00e9nov\u00e9 et a rouvert ses portes en 2021.<\/p>\n\n\n\r\n<section class=\"image-grid image-grid-2 \">\r\n        <div class=\"image-container img-1\">\r\n        <picture class=\"img-1\">\n                <source srcset=\"https:\/\/fr.lartisien.com\/blog\/wp-content\/uploads\/2023\/05\/105209-root-rooms-anglada-house.jpeg\" media=\"(min-width: 1400px)\">\n                <source srcset=\"https:\/\/fr.lartisien.com\/blog\/wp-content\/uploads\/2023\/05\/105209-root-rooms-anglada-house-1536x1024.jpeg\" media=\"(min-width: 1000px)\">\n                <source srcset=\"https:\/\/fr.lartisien.com\/blog\/wp-content\/uploads\/2023\/05\/105209-root-rooms-anglada-house-1024x682.jpeg\" media=\"(min-width: 600px)\">\n                <source srcset=\"https:\/\/fr.lartisien.com\/blog\/wp-content\/uploads\/2023\/05\/105209-root-rooms-anglada-house-768x512.jpeg\" media=\"(min-width: 100px)\">\n                <img decoding=\"async\" style=\"\" loading=\"lazy\" class=\"img-1\" src=\"https:\/\/fr.lartisien.com\/blog\/wp-content\/uploads\/2023\/05\/105209-root-rooms-anglada-house-1024x682.jpeg\" alt=\"\" \/>\n            <\/picture>    <\/div>\r\n        <div class=\"image-container img-2\">\r\n        <picture class=\"img-2\">\n                <source srcset=\"https:\/\/fr.lartisien.com\/blog\/wp-content\/uploads\/2023\/05\/105117-root-building-and-property-interiors.jpeg\" media=\"(min-width: 1400px)\">\n                <source srcset=\"https:\/\/fr.lartisien.com\/blog\/wp-content\/uploads\/2023\/05\/105117-root-building-and-property-interiors-1536x1025.jpeg\" media=\"(min-width: 1000px)\">\n                <source srcset=\"https:\/\/fr.lartisien.com\/blog\/wp-content\/uploads\/2023\/05\/105117-root-building-and-property-interiors-1024x683.jpeg\" media=\"(min-width: 600px)\">\n                <source srcset=\"https:\/\/fr.lartisien.com\/blog\/wp-content\/uploads\/2023\/05\/105117-root-building-and-property-interiors-768x512.jpeg\" media=\"(min-width: 100px)\">\n                <img decoding=\"async\" style=\"\" loading=\"lazy\" class=\"img-2\" src=\"https:\/\/fr.lartisien.com\/blog\/wp-content\/uploads\/2023\/05\/105117-root-building-and-property-interiors-1024x683.jpeg\" alt=\"\" \/>\n            <\/picture>    <\/div>\r\n    <\/section>\r\n\n\n\n<p>A l\u2019int\u00e9rieur, le Rosewood Villa Magna pr\u00e9sente un d\u00e9cor aussi sophistiqu\u00e9 et \u00e9l\u00e9gant que sa fa\u00e7ade est imposante.<\/p>\n\n\n\r\n<section class=\"image-grid image-grid-2 fifty-fifty-grid\">\r\n        <div class=\"image-container img-1\">\r\n        <picture class=\"img-1\">\n                <source srcset=\"https:\/\/fr.lartisien.com\/blog\/wp-content\/uploads\/2023\/05\/Rosewood-Villa-Magna_Reina-Mariana-Aquamarine.jpg\" media=\"(min-width: 1400px)\">\n                <source srcset=\"https:\/\/fr.lartisien.com\/blog\/wp-content\/uploads\/2023\/05\/Rosewood-Villa-Magna_Reina-Mariana-Aquamarine.jpg\" media=\"(min-width: 1000px)\">\n                <source srcset=\"https:\/\/fr.lartisien.com\/blog\/wp-content\/uploads\/2023\/05\/Rosewood-Villa-Magna_Reina-Mariana-Aquamarine-1014x1024.jpg\" media=\"(min-width: 600px)\">\n                <source srcset=\"https:\/\/fr.lartisien.com\/blog\/wp-content\/uploads\/2023\/05\/Rosewood-Villa-Magna_Reina-Mariana-Aquamarine-768x776.jpg\" media=\"(min-width: 100px)\">\n                <img decoding=\"async\" style=\"\" loading=\"lazy\" class=\"img-1\" src=\"https:\/\/fr.lartisien.com\/blog\/wp-content\/uploads\/2023\/05\/Rosewood-Villa-Magna_Reina-Mariana-Aquamarine-1014x1024.jpg\" alt=\"\" \/>\n            <\/picture>    <\/div>\r\n        <div class=\"image-container img-2\">\r\n        <picture class=\"img-2\">\n                <source srcset=\"https:\/\/fr.lartisien.com\/blog\/wp-content\/uploads\/2023\/05\/Rosewood-Villa-Magna_Constructivismo-Azul-2.jpg\" media=\"(min-width: 1400px)\">\n                <source srcset=\"https:\/\/fr.lartisien.com\/blog\/wp-content\/uploads\/2023\/05\/Rosewood-Villa-Magna_Constructivismo-Azul-2.jpg\" media=\"(min-width: 1000px)\">\n                <source srcset=\"https:\/\/fr.lartisien.com\/blog\/wp-content\/uploads\/2023\/05\/Rosewood-Villa-Magna_Constructivismo-Azul-2-1024x928.jpg\" media=\"(min-width: 600px)\">\n                <source srcset=\"https:\/\/fr.lartisien.com\/blog\/wp-content\/uploads\/2023\/05\/Rosewood-Villa-Magna_Constructivismo-Azul-2-768x696.jpg\" media=\"(min-width: 100px)\">\n                <img decoding=\"async\" style=\"\" loading=\"lazy\" class=\"img-2\" src=\"https:\/\/fr.lartisien.com\/blog\/wp-content\/uploads\/2023\/05\/Rosewood-Villa-Magna_Constructivismo-Azul-2-1024x928.jpg\" alt=\"\" \/>\n            <\/picture>    <\/div>\r\n    <\/section>\r\n\n\n\n<p>Empreint de son h\u00e9ritage historique et de son attachement \u00e0 l\u2019art, Rosewood Villa Magna h\u00e9berge plus de 380 \u0153uvres qui apportent du caract\u00e8re \u00e0 ses espaces int\u00e9rieurs. D\u00e8s l\u2019entr\u00e9e dans l\u2019h\u00f4tel, les voyageurs sont plong\u00e9s dans un voyage artistique d\u00e9butant au comptoir de la r\u00e9ception avec une \u0153uvre 3D sign\u00e9e par l&#8217;artiste Jacky Puzey.<\/p>\n\n\n\r\n<section class=\"image-grid image-grid-1 \">\r\n        <div class=\"image-container img-1\">\r\n        <picture class=\"img-1\">\n                <source srcset=\"https:\/\/fr.lartisien.com\/blog\/wp-content\/uploads\/2023\/05\/105116-root-interiors-front-desk.jpeg\" media=\"(min-width: 1400px)\">\n                <source srcset=\"https:\/\/fr.lartisien.com\/blog\/wp-content\/uploads\/2023\/05\/105116-root-interiors-front-desk-1536x1025.jpeg\" media=\"(min-width: 1000px)\">\n                <source srcset=\"https:\/\/fr.lartisien.com\/blog\/wp-content\/uploads\/2023\/05\/105116-root-interiors-front-desk-1024x683.jpeg\" media=\"(min-width: 600px)\">\n                <source srcset=\"https:\/\/fr.lartisien.com\/blog\/wp-content\/uploads\/2023\/05\/105116-root-interiors-front-desk-768x512.jpeg\" media=\"(min-width: 100px)\">\n                <img decoding=\"async\" style=\"\" loading=\"lazy\" class=\"img-1\" src=\"https:\/\/fr.lartisien.com\/blog\/wp-content\/uploads\/2023\/05\/105116-root-interiors-front-desk-1024x683.jpeg\" alt=\"\" \/>\n            <\/picture>    <\/div>\r\n    <\/section>\r\n\n\n\n<p>L\u2019h\u00f4tel abrite 154 chambres et suites de style r\u00e9sidentiel et contemporain. Avec ses tables en marbre, ses canap\u00e9s en velours, ses grandes fen\u00eatres et miroirs, ses boiseries et murs \u00e0 caissons, et ses objets aux tonalit\u00e9s dor\u00e9es, l\u2019int\u00e9rieur des chambres est d\u2019une grande \u00e9l\u00e9gance et conf\u00e8re \u00e0 celles-ci des allures de club.<\/p>\n\n\n\r\n<section class=\"image-grid image-grid-4 fifty-fifty-grid\">\r\n        <div class=\"image-container img-1\">\r\n        <picture class=\"img-1\">\n                <source srcset=\"https:\/\/fr.lartisien.com\/blog\/wp-content\/uploads\/2023\/05\/105210-root-anglada-house-living-room.jpeg\" media=\"(min-width: 1400px)\">\n                <source srcset=\"https:\/\/fr.lartisien.com\/blog\/wp-content\/uploads\/2023\/05\/105210-root-anglada-house-living-room-1536x1014.jpeg\" media=\"(min-width: 1000px)\">\n                <source srcset=\"https:\/\/fr.lartisien.com\/blog\/wp-content\/uploads\/2023\/05\/105210-root-anglada-house-living-room-1024x676.jpeg\" media=\"(min-width: 600px)\">\n                <source srcset=\"https:\/\/fr.lartisien.com\/blog\/wp-content\/uploads\/2023\/05\/105210-root-anglada-house-living-room-768x507.jpeg\" media=\"(min-width: 100px)\">\n                <img decoding=\"async\" style=\"\" loading=\"lazy\" class=\"img-1\" src=\"https:\/\/fr.lartisien.com\/blog\/wp-content\/uploads\/2023\/05\/105210-root-anglada-house-living-room-1024x676.jpeg\" alt=\"\" \/>\n            <\/picture>    <\/div>\r\n        <div class=\"image-container img-2\">\r\n        <picture class=\"img-2\">\n                <source srcset=\"https:\/\/fr.lartisien.com\/blog\/wp-content\/uploads\/2023\/05\/105200-root-junior-suite-castellana-bed.jpeg\" media=\"(min-width: 1400px)\">\n                <source srcset=\"https:\/\/fr.lartisien.com\/blog\/wp-content\/uploads\/2023\/05\/105200-root-junior-suite-castellana-bed-1536x920.jpeg\" media=\"(min-width: 1000px)\">\n                <source srcset=\"https:\/\/fr.lartisien.com\/blog\/wp-content\/uploads\/2023\/05\/105200-root-junior-suite-castellana-bed-1024x613.jpeg\" media=\"(min-width: 600px)\">\n                <source srcset=\"https:\/\/fr.lartisien.com\/blog\/wp-content\/uploads\/2023\/05\/105200-root-junior-suite-castellana-bed-768x460.jpeg\" media=\"(min-width: 100px)\">\n                <img decoding=\"async\" style=\"\" loading=\"lazy\" class=\"img-2\" src=\"https:\/\/fr.lartisien.com\/blog\/wp-content\/uploads\/2023\/05\/105200-root-junior-suite-castellana-bed-1024x613.jpeg\" alt=\"\" \/>\n            <\/picture>    <\/div>\r\n        <div class=\"image-container img-3\">\r\n        <picture class=\"img-3\">\n                <source srcset=\"https:\/\/fr.lartisien.com\/blog\/wp-content\/uploads\/2023\/05\/105204-root-rooms-villa-magna-suite.jpeg\" media=\"(min-width: 1400px)\">\n                <source srcset=\"https:\/\/fr.lartisien.com\/blog\/wp-content\/uploads\/2023\/05\/105204-root-rooms-villa-magna-suite-1536x1025.jpeg\" media=\"(min-width: 1000px)\">\n                <source srcset=\"https:\/\/fr.lartisien.com\/blog\/wp-content\/uploads\/2023\/05\/105204-root-rooms-villa-magna-suite-1024x683.jpeg\" media=\"(min-width: 600px)\">\n                <source srcset=\"https:\/\/fr.lartisien.com\/blog\/wp-content\/uploads\/2023\/05\/105204-root-rooms-villa-magna-suite-768x512.jpeg\" media=\"(min-width: 100px)\">\n                <img decoding=\"async\" style=\"\" loading=\"lazy\" class=\"img-3\" src=\"https:\/\/fr.lartisien.com\/blog\/wp-content\/uploads\/2023\/05\/105204-root-rooms-villa-magna-suite-1024x683.jpeg\" alt=\"\" \/>\n            <\/picture>    <\/div>\r\n        <div class=\"image-container img-4\">\r\n        <picture class=\"img-4\">\n                <source srcset=\"https:\/\/fr.lartisien.com\/blog\/wp-content\/uploads\/2023\/05\/105207-root-anglada-house-office.jpeg\" media=\"(min-width: 1400px)\">\n                <source srcset=\"https:\/\/fr.lartisien.com\/blog\/wp-content\/uploads\/2023\/05\/105207-root-anglada-house-office-1536x1024.jpeg\" media=\"(min-width: 1000px)\">\n                <source srcset=\"https:\/\/fr.lartisien.com\/blog\/wp-content\/uploads\/2023\/05\/105207-root-anglada-house-office-1024x682.jpeg\" media=\"(min-width: 600px)\">\n                <source srcset=\"https:\/\/fr.lartisien.com\/blog\/wp-content\/uploads\/2023\/05\/105207-root-anglada-house-office-768x512.jpeg\" media=\"(min-width: 100px)\">\n                <img decoding=\"async\" style=\"\" loading=\"lazy\" class=\"img-4\" src=\"https:\/\/fr.lartisien.com\/blog\/wp-content\/uploads\/2023\/05\/105207-root-anglada-house-office-1024x682.jpeg\" alt=\"\" \/>\n            <\/picture>    <\/div>\r\n    <\/section>\r\n\n\n\n<p>Les restaurants de la Rosewood Villa Magna sont r\u00e9put\u00e9s pour leur \u00e9l\u00e9gance et leur excellence culinaire.&nbsp;<\/p>\n\n\n\n<p>Las Brasas de Castellana est reconnu comme une destination culinaire \u00e0 Madrid. Dans un cadre \u00e9l\u00e9gant, de style salon, avec une cuisine ouverte, les clients peuvent savourer des plats qui c\u00e9l\u00e8brent la cuisine espagnole traditionnelle, avec des \u00e9l\u00e9ments traditionnels donnant une touche contemporaine, tels que leur signature &#8220;Pluma&#8221; de porc ib\u00e9rique Fed Acorn, Romescu \u00e0 la pistache, pommes de terre Rat\u00e8 confites. &nbsp; <\/p>\n\n\n\r\n<section class=\"image-grid image-grid-2 fifty-fifty-grid\">\r\n        <div class=\"image-container img-1\">\r\n        <picture class=\"img-1\">\n                <source srcset=\"https:\/\/fr.lartisien.com\/blog\/wp-content\/uploads\/2023\/05\/las-brasas-2048x1366.jpeg\" media=\"(min-width: 1400px)\">\n                <source srcset=\"https:\/\/fr.lartisien.com\/blog\/wp-content\/uploads\/2023\/05\/las-brasas-1536x1024.jpeg\" media=\"(min-width: 1000px)\">\n                <source srcset=\"https:\/\/fr.lartisien.com\/blog\/wp-content\/uploads\/2023\/05\/las-brasas-1024x683.jpeg\" media=\"(min-width: 600px)\">\n                <source srcset=\"https:\/\/fr.lartisien.com\/blog\/wp-content\/uploads\/2023\/05\/las-brasas-768x512.jpeg\" media=\"(min-width: 100px)\">\n                <img decoding=\"async\" style=\"\" loading=\"lazy\" class=\"img-1\" src=\"https:\/\/fr.lartisien.com\/blog\/wp-content\/uploads\/2023\/05\/las-brasas-1024x683.jpeg\" alt=\"\" \/>\n            <\/picture>    <\/div>\r\n        <div class=\"image-container img-2\">\r\n        <picture class=\"img-2\">\n                <source srcset=\"https:\/\/fr.lartisien.com\/blog\/wp-content\/uploads\/2023\/05\/RWVMM_LAS-BRASAS-DE-CASTELLANA-4.jpg\" media=\"(min-width: 1400px)\">\n                <source srcset=\"https:\/\/fr.lartisien.com\/blog\/wp-content\/uploads\/2023\/05\/RWVMM_LAS-BRASAS-DE-CASTELLANA-4-1536x1024.jpg\" media=\"(min-width: 1000px)\">\n                <source srcset=\"https:\/\/fr.lartisien.com\/blog\/wp-content\/uploads\/2023\/05\/RWVMM_LAS-BRASAS-DE-CASTELLANA-4-1024x682.jpg\" media=\"(min-width: 600px)\">\n                <source srcset=\"https:\/\/fr.lartisien.com\/blog\/wp-content\/uploads\/2023\/05\/RWVMM_LAS-BRASAS-DE-CASTELLANA-4-768x512.jpg\" media=\"(min-width: 100px)\">\n                <img decoding=\"async\" style=\"\" loading=\"lazy\" class=\"img-2\" src=\"https:\/\/fr.lartisien.com\/blog\/wp-content\/uploads\/2023\/05\/RWVMM_LAS-BRASAS-DE-CASTELLANA-4-1024x682.jpg\" alt=\"\" \/>\n            <\/picture>    <\/div>\r\n    <\/section>\r\n\n\n\n<p>Le bar Tarde. O est un lieu de rencontre anim\u00e9 o\u00f9 l&#8217;on peut profiter de l&#8217;\u00e9nergie vibrante de la capitale espagnole tout en d\u00e9gustant de d\u00e9licieux cocktails.&nbsp; Situ\u00e9 \u00e0 l&#8217;arri\u00e8re de l&#8217;h\u00f4tel, Tarde.O offre aux clients le choix entre un espace int\u00e9rieur de style club pour gentlemen, avec des si\u00e8ges en cuir confortables et un \u00e9clairage d&#8217;ambiance, et un espace ext\u00e9rieur, avec des canap\u00e9s en peluche au milieu de la verdure. Les deux espaces sont parfaits pour d\u00e9guster des cocktails cr\u00e9atifs et des tapas.&nbsp;&nbsp; <\/p>\n\n\n\r\n<section class=\"image-grid image-grid-2 fifty-fifty-grid\">\r\n        <div class=\"image-container img-1\">\r\n        <picture class=\"img-1\">\n                <source srcset=\"https:\/\/fr.lartisien.com\/blog\/wp-content\/uploads\/2023\/05\/105102-root-restaurants-bars-tarde-o.jpeg\" media=\"(min-width: 1400px)\">\n                <source srcset=\"https:\/\/fr.lartisien.com\/blog\/wp-content\/uploads\/2023\/05\/105102-root-restaurants-bars-tarde-o-1536x1025.jpeg\" media=\"(min-width: 1000px)\">\n                <source srcset=\"https:\/\/fr.lartisien.com\/blog\/wp-content\/uploads\/2023\/05\/105102-root-restaurants-bars-tarde-o-1024x683.jpeg\" media=\"(min-width: 600px)\">\n                <source srcset=\"https:\/\/fr.lartisien.com\/blog\/wp-content\/uploads\/2023\/05\/105102-root-restaurants-bars-tarde-o-768x512.jpeg\" media=\"(min-width: 100px)\">\n                <img decoding=\"async\" style=\"\" loading=\"lazy\" class=\"img-1\" src=\"https:\/\/fr.lartisien.com\/blog\/wp-content\/uploads\/2023\/05\/105102-root-restaurants-bars-tarde-o-1024x683.jpeg\" alt=\"\" \/>\n            <\/picture>    <\/div>\r\n        <div class=\"image-container img-2\">\r\n        <picture class=\"img-2\">\n                <source srcset=\"https:\/\/fr.lartisien.com\/blog\/wp-content\/uploads\/2023\/05\/RWVMM_DINING_TARDEO_I-2048x1366.jpg\" media=\"(min-width: 1400px)\">\n                <source srcset=\"https:\/\/fr.lartisien.com\/blog\/wp-content\/uploads\/2023\/05\/RWVMM_DINING_TARDEO_I-1536x1024.jpg\" media=\"(min-width: 1000px)\">\n                <source srcset=\"https:\/\/fr.lartisien.com\/blog\/wp-content\/uploads\/2023\/05\/RWVMM_DINING_TARDEO_I-1024x683.jpg\" media=\"(min-width: 600px)\">\n                <source srcset=\"https:\/\/fr.lartisien.com\/blog\/wp-content\/uploads\/2023\/05\/RWVMM_DINING_TARDEO_I-768x512.jpg\" media=\"(min-width: 100px)\">\n                <img decoding=\"async\" style=\"\" loading=\"lazy\" class=\"img-2\" src=\"https:\/\/fr.lartisien.com\/blog\/wp-content\/uploads\/2023\/05\/RWVMM_DINING_TARDEO_I-1024x683.jpg\" alt=\"\" \/>\n            <\/picture>    <\/div>\r\n    <\/section>\r\n\n\n\n<p>Recommand\u00e9 par le guide Michelin, le restaurant Am\u00f3s est le restaurant phare de l&#8217;h\u00f4tel. Dans un cadre contemporain d&#8217;inspiration Art-D\u00e9co, les clients peuvent d\u00e9guster la cuisine d&#8217;inspiration cantabrique du chef Jes\u00fas S\u00e1nchez, avec un menu qui \u00e9l\u00e8ve les plats traditionnels au rang d&#8217;\u0153uvres d&#8217;art gastronomiques modernes. Le restaurant propose un menu d\u00e9gustation (Esencia), mais les clients peuvent \u00e9galement commander \u00e0 la carte. Le pigeon r\u00f4ti sur rago\u00fbt de sarrasin et morilles avec pur\u00e9e de salsifis est un plat phare, tout comme le pudding Sobao pasiego avec glace \u00e0 la cr\u00e8me pour le dessert. <\/p>\n\n\n\r\n<section class=\"image-grid image-grid-2 fifty-fifty-grid\">\r\n        <div class=\"image-container img-1\">\r\n        <picture class=\"img-1\">\n                <source srcset=\"https:\/\/fr.lartisien.com\/blog\/wp-content\/uploads\/2023\/05\/amos-2048x1366.jpeg\" media=\"(min-width: 1400px)\">\n                <source srcset=\"https:\/\/fr.lartisien.com\/blog\/wp-content\/uploads\/2023\/05\/amos-1536x1024.jpeg\" media=\"(min-width: 1000px)\">\n                <source srcset=\"https:\/\/fr.lartisien.com\/blog\/wp-content\/uploads\/2023\/05\/amos-1024x683.jpeg\" media=\"(min-width: 600px)\">\n                <source srcset=\"https:\/\/fr.lartisien.com\/blog\/wp-content\/uploads\/2023\/05\/amos-768x512.jpeg\" media=\"(min-width: 100px)\">\n                <img decoding=\"async\" style=\"\" loading=\"lazy\" class=\"img-1\" src=\"https:\/\/fr.lartisien.com\/blog\/wp-content\/uploads\/2023\/05\/amos-1024x683.jpeg\" alt=\"\" \/>\n            <\/picture>    <\/div>\r\n        <div class=\"image-container img-2\">\r\n        <picture class=\"img-2\">\n                <source srcset=\"https:\/\/fr.lartisien.com\/blog\/wp-content\/uploads\/2023\/05\/RWVMM_TERRACE_AMOS-1-2048x1365.jpg\" media=\"(min-width: 1400px)\">\n                <source srcset=\"https:\/\/fr.lartisien.com\/blog\/wp-content\/uploads\/2023\/05\/RWVMM_TERRACE_AMOS-1-1536x1024.jpg\" media=\"(min-width: 1000px)\">\n                <source srcset=\"https:\/\/fr.lartisien.com\/blog\/wp-content\/uploads\/2023\/05\/RWVMM_TERRACE_AMOS-1-1024x683.jpg\" media=\"(min-width: 600px)\">\n                <source srcset=\"https:\/\/fr.lartisien.com\/blog\/wp-content\/uploads\/2023\/05\/RWVMM_TERRACE_AMOS-1-768x512.jpg\" media=\"(min-width: 100px)\">\n                <img decoding=\"async\" style=\"\" loading=\"lazy\" class=\"img-2\" src=\"https:\/\/fr.lartisien.com\/blog\/wp-content\/uploads\/2023\/05\/RWVMM_TERRACE_AMOS-1-1024x683.jpg\" alt=\"\" \/>\n            <\/picture>    <\/div>\r\n    <\/section>\r\n\n\n\n<p>Enfin, Flor Y Nata est la cerise sur le g\u00e2teau. Ce caf\u00e9 ouvert toute la journ\u00e9e, avec son cadre de style lobby, ravit par ses boissons chaudes \u00e9tonnantes et ses charmantes sucreries gastronomiques. L&#8217;\u00e9tablissement propose m\u00eame un magnifique th\u00e9 de l&#8217;apr\u00e8s-midi.<\/p>\n\n\n\r\n<section class=\"image-grid image-grid-2 fifty-fifty-grid\">\r\n        <div class=\"image-container img-1\">\r\n        <picture class=\"img-1\">\n                <source srcset=\"https:\/\/fr.lartisien.com\/blog\/wp-content\/uploads\/2023\/05\/102575-root-flor-y-nata-lounge.jpeg\" media=\"(min-width: 1400px)\">\n                <source srcset=\"https:\/\/fr.lartisien.com\/blog\/wp-content\/uploads\/2023\/05\/102575-root-flor-y-nata-lounge-1536x976.jpeg\" media=\"(min-width: 1000px)\">\n                <source srcset=\"https:\/\/fr.lartisien.com\/blog\/wp-content\/uploads\/2023\/05\/102575-root-flor-y-nata-lounge-1024x651.jpeg\" media=\"(min-width: 600px)\">\n                <source srcset=\"https:\/\/fr.lartisien.com\/blog\/wp-content\/uploads\/2023\/05\/102575-root-flor-y-nata-lounge-768x488.jpeg\" media=\"(min-width: 100px)\">\n                <img decoding=\"async\" style=\"\" loading=\"lazy\" class=\"img-1\" src=\"https:\/\/fr.lartisien.com\/blog\/wp-content\/uploads\/2023\/05\/102575-root-flor-y-nata-lounge-1024x651.jpeg\" alt=\"\" \/>\n            <\/picture>    <\/div>\r\n        <div class=\"image-container img-2\">\r\n        <picture class=\"img-2\">\n                <source srcset=\"https:\/\/fr.lartisien.com\/blog\/wp-content\/uploads\/2023\/05\/102576-root-flor-y-nata-lounge.jpeg\" media=\"(min-width: 1400px)\">\n                <source srcset=\"https:\/\/fr.lartisien.com\/blog\/wp-content\/uploads\/2023\/05\/102576-root-flor-y-nata-lounge-1536x1032.jpeg\" media=\"(min-width: 1000px)\">\n                <source srcset=\"https:\/\/fr.lartisien.com\/blog\/wp-content\/uploads\/2023\/05\/102576-root-flor-y-nata-lounge-1024x688.jpeg\" media=\"(min-width: 600px)\">\n                <source srcset=\"https:\/\/fr.lartisien.com\/blog\/wp-content\/uploads\/2023\/05\/102576-root-flor-y-nata-lounge-768x516.jpeg\" media=\"(min-width: 100px)\">\n                <img decoding=\"async\" style=\"\" loading=\"lazy\" class=\"img-2\" src=\"https:\/\/fr.lartisien.com\/blog\/wp-content\/uploads\/2023\/05\/102576-root-flor-y-nata-lounge-1024x688.jpeg\" alt=\"\" \/>\n            <\/picture>    <\/div>\r\n    <\/section>\r\n\n\n\n<p>Tout en pierre et en boiserie travaill\u00e9es, le Sense Spa offre un cadre des plus apaisants et une vraie d\u00e9connexion. Il offre une s\u00e9lection de formules bien-\u00eatre classiques, ainsi que des exp\u00e9riences originales telles que &#8220;El Retiro&#8221; Sense Journey. Ce voyage sensoriel combine d\u00e9couverte et d\u00e9tente, d\u00e9butant par une promenade guid\u00e9e et historique au coeur du parc El Retiro pour finir par un massage revitalisant des jambes et des pieds qui travaille en particulier des points d\u2019acuponcture.<\/p>\n\n\n\r\n<section class=\"image-grid image-grid-4 fifty-fifty-grid\">\r\n        <div class=\"image-container img-1\">\r\n        <picture class=\"img-1\">\n                <source srcset=\"https:\/\/fr.lartisien.com\/blog\/wp-content\/uploads\/2023\/05\/105221-root-spa-spa-lobby.jpeg\" media=\"(min-width: 1400px)\">\n                <source srcset=\"https:\/\/fr.lartisien.com\/blog\/wp-content\/uploads\/2023\/05\/105221-root-spa-spa-lobby-1536x1025.jpeg\" media=\"(min-width: 1000px)\">\n                <source srcset=\"https:\/\/fr.lartisien.com\/blog\/wp-content\/uploads\/2023\/05\/105221-root-spa-spa-lobby-1024x683.jpeg\" media=\"(min-width: 600px)\">\n                <source srcset=\"https:\/\/fr.lartisien.com\/blog\/wp-content\/uploads\/2023\/05\/105221-root-spa-spa-lobby-768x512.jpeg\" media=\"(min-width: 100px)\">\n                <img decoding=\"async\" style=\"\" loading=\"lazy\" class=\"img-1\" src=\"https:\/\/fr.lartisien.com\/blog\/wp-content\/uploads\/2023\/05\/105221-root-spa-spa-lobby-1024x683.jpeg\" alt=\"\" \/>\n            <\/picture>    <\/div>\r\n        <div class=\"image-container img-2\">\r\n        <picture class=\"img-2\">\n                <source srcset=\"https:\/\/fr.lartisien.com\/blog\/wp-content\/uploads\/2023\/05\/105224-root-spa-relaxation-room.jpeg\" media=\"(min-width: 1400px)\">\n                <source srcset=\"https:\/\/fr.lartisien.com\/blog\/wp-content\/uploads\/2023\/05\/105224-root-spa-relaxation-room-1536x1025.jpeg\" media=\"(min-width: 1000px)\">\n                <source srcset=\"https:\/\/fr.lartisien.com\/blog\/wp-content\/uploads\/2023\/05\/105224-root-spa-relaxation-room-1024x683.jpeg\" media=\"(min-width: 600px)\">\n                <source srcset=\"https:\/\/fr.lartisien.com\/blog\/wp-content\/uploads\/2023\/05\/105224-root-spa-relaxation-room-768x512.jpeg\" media=\"(min-width: 100px)\">\n                <img decoding=\"async\" style=\"\" loading=\"lazy\" class=\"img-2\" src=\"https:\/\/fr.lartisien.com\/blog\/wp-content\/uploads\/2023\/05\/105224-root-spa-relaxation-room-1024x683.jpeg\" alt=\"\" \/>\n            <\/picture>    <\/div>\r\n        <div class=\"image-container img-3\">\r\n        <picture class=\"img-3\">\n                <source srcset=\"https:\/\/fr.lartisien.com\/blog\/wp-content\/uploads\/2023\/05\/105222-root-spa-hammam.jpeg\" media=\"(min-width: 1400px)\">\n                <source srcset=\"https:\/\/fr.lartisien.com\/blog\/wp-content\/uploads\/2023\/05\/105222-root-spa-hammam-1536x1025.jpeg\" media=\"(min-width: 1000px)\">\n                <source srcset=\"https:\/\/fr.lartisien.com\/blog\/wp-content\/uploads\/2023\/05\/105222-root-spa-hammam-1024x683.jpeg\" media=\"(min-width: 600px)\">\n                <source srcset=\"https:\/\/fr.lartisien.com\/blog\/wp-content\/uploads\/2023\/05\/105222-root-spa-hammam-768x512.jpeg\" media=\"(min-width: 100px)\">\n                <img decoding=\"async\" style=\"\" loading=\"lazy\" class=\"img-3\" src=\"https:\/\/fr.lartisien.com\/blog\/wp-content\/uploads\/2023\/05\/105222-root-spa-hammam-1024x683.jpeg\" alt=\"\" \/>\n            <\/picture>    <\/div>\r\n        <div class=\"image-container img-4\">\r\n        <picture class=\"img-4\">\n                <source srcset=\"https:\/\/fr.lartisien.com\/blog\/wp-content\/uploads\/2023\/05\/105223-root-spa-couples-suite.jpeg\" media=\"(min-width: 1400px)\">\n                <source srcset=\"https:\/\/fr.lartisien.com\/blog\/wp-content\/uploads\/2023\/05\/105223-root-spa-couples-suite-1536x1003.jpeg\" media=\"(min-width: 1000px)\">\n                <source srcset=\"https:\/\/fr.lartisien.com\/blog\/wp-content\/uploads\/2023\/05\/105223-root-spa-couples-suite-1024x669.jpeg\" media=\"(min-width: 600px)\">\n                <source srcset=\"https:\/\/fr.lartisien.com\/blog\/wp-content\/uploads\/2023\/05\/105223-root-spa-couples-suite-768x502.jpeg\" media=\"(min-width: 100px)\">\n                <img decoding=\"async\" style=\"\" loading=\"lazy\" class=\"img-4\" src=\"https:\/\/fr.lartisien.com\/blog\/wp-content\/uploads\/2023\/05\/105223-root-spa-couples-suite-1024x669.jpeg\" alt=\"\" \/>\n            <\/picture>    <\/div>\r\n    <\/section>\r\n\n\n<section class=\"important-information\">\r\n    <p class=\"p--4 important-information-header\"><\/p>\r\n    <div class=\"p--5 important-information-content\"><p><a href=\"https:\/\/fr.lartisien.com\/hotel\/rosewood-villa-magna?cur=MUR&amp;occ=a02\"><em>Rosewood Villa Magna<\/em><\/a><\/p>\n<p><em>Adresse : Paseo de la Castellana 22, 28046 Madrid, Espagne<\/em><\/p>\n<p><em>Transfert : 20 minutes depuis l\u2019a\u00e9roport de Madrid<\/em><\/p>\n<p><em>P\u00e9riode d\u2019ouverture : toute l\u2019ann\u00e9e<\/em><\/p>\n<\/div>\r\n<\/section>\n\n\n<h2>R\u00e9servez votre voyage \u00e0 Madrid avec Lartisien.<\/h2>\n\n\n\n<p>Notre s\u00e9lection d&#8217;<a href=\"https:\/\/fr.lartisien.com\/hotels\/espagne\/madrid?page=1\" target=\"_blank\" rel=\"noreferrer noopener\">h\u00f4tels de luxe \u00e0 Madrid<\/a> est tri\u00e9e sur le volet pour son service exceptionnel, ses installations et son exp\u00e9rience globale. <a href=\"https:\/\/fr.lartisien.com\/nous-contacter?cur=GBP&amp;fl=fr\" target=\"_blank\" rel=\"noreferrer noopener\">Contactez notre \u00e9quipe<\/a> pour plus d&#8217;informations.<br><br>Si l\u2019h\u00f4tel est complet ou si vous souhaitez s\u00e9journer dans un autre h\u00f4tel \u00e0 Madrid, la collection Lartisien comprend \u00e9galement le&nbsp;<a href=\"https:\/\/fr.lartisien.com\/hotel\/four-seasons-hotel-madrid?gad=1&amp;gclid=Cj0KCQjw0tKiBhC6ARIsAAOXutmUK-5XQMxz8dOHgirH3uC8wdg5H3eb6ryvqEx9dH0gNT0pHcitVL0aApt9EALw_wcB\" target=\"_blank\" rel=\"noreferrer noopener\">Four Seasons Hotel Madrid<\/a> et le <a href=\"https:\/\/fr.lartisien.com\/hotel\/hotel-ritz-madrid?gad=1&amp;gclid=Cj0KCQjw0tKiBhC6ARIsAAOXutlknhl5otCGcGx_yx-ClG86wartfWLaVyPqJ3YXBgz8al84ZF1w8G4aArPFEALw_wcB\" target=\"_blank\" rel=\"noreferrer noopener\">Mandarin Oriental Ritz<\/a>.<\/p>\n","protected":false},"excerpt":{"rendered":"Capitale de l\u2019Espagne, la ville de Madrid est une des capitales europ\u00e9ennes les plus dynamiques avec un riche patrimoine historique, culturel et artistique. Fi\u00e8re ambassadrice de l\u2019Espagne, elle offre un style de vie des plus agr\u00e9ables et festifs avec ses grandes avenues et rues pi\u00e9tonnes propices \u00e0 l\u2019art du paseo (la promenade avant le d\u00eener),&#8230;","protected":false},"author":13,"featured_media":11115,"comment_status":"open","ping_status":"open","sticky":false,"template":"","format":"standard","meta":{"inline_featured_image":false},"categories":[65],"tags":[],"location":[102],"acf":[],"yoast_head":"<!-- This site is optimized with the Yoast SEO plugin v20.0 - https:\/\/yoast.com\/wordpress\/plugins\/seo\/ -->\n<title>Itin\u00e9raire de 4 Jours \u00e0 Madrid | Guide de voyage \u00e0 Madrid | Lartisien<\/title>\n<meta name=\"description\" content=\"Notre itin\u00e9raire de 4 jours \u00e0 Madrid vous expose en d\u00e9tail ce qu&#039;il faut faire, o\u00f9 s\u00e9journer et les meilleurs endroits o\u00f9 d\u00e9jeuner et d\u00eener. En savoir plus avec Lartisien.\" \/>\n<meta name=\"robots\" content=\"index, follow, max-snippet:-1, max-image-preview:large, max-video-preview:-1\" \/>\n<link rel=\"canonical\" href=\"https:\/\/fr.lartisien.com\/blog\/itineraire-de-4-jours-a-madrid\/\" \/>\n<meta property=\"og:locale\" content=\"fr_FR\" \/>\n<meta property=\"og:type\" content=\"article\" \/>\n<meta property=\"og:title\" content=\"Itin\u00e9raire de 4 Jours \u00e0 Madrid | Guide de voyage \u00e0 Madrid | Lartisien\" \/>\n<meta property=\"og:description\" content=\"Notre itin\u00e9raire de 4 jours \u00e0 Madrid vous expose en d\u00e9tail ce qu&#039;il faut faire, o\u00f9 s\u00e9journer et les meilleurs endroits o\u00f9 d\u00e9jeuner et d\u00eener. En savoir plus avec Lartisien.\" \/>\n<meta property=\"og:url\" content=\"https:\/\/fr.lartisien.com\/blog\/itineraire-de-4-jours-a-madrid\/\" \/>\n<meta property=\"og:site_name\" content=\"Lartisien\" \/>\n<meta property=\"article:published_time\" content=\"2023-05-05T14:05:40+00:00\" \/>\n<meta property=\"article:modified_time\" content=\"2023-09-19T15:41:02+00:00\" \/>\n<meta property=\"og:image\" content=\"https:\/\/fr.lartisien.com\/blog\/wp-content\/uploads\/2023\/05\/shutterstock_1344720182-1024x575.jpg\" \/>\n\t<meta property=\"og:image:width\" content=\"1024\" \/>\n\t<meta property=\"og:image:height\" content=\"575\" \/>\n\t<meta property=\"og:image:type\" content=\"image\/jpeg\" \/>\n<meta name=\"author\" content=\"Pillay Logeshwaren\" \/>\n<meta name=\"twitter:card\" content=\"summary_large_image\" \/>\n<meta name=\"twitter:label1\" content=\"Written by\" \/>\n\t<meta name=\"twitter:data1\" content=\"Pillay Logeshwaren\" \/>\n\t<meta name=\"twitter:label2\" content=\"Est. reading time\" \/>\n\t<meta name=\"twitter:data2\" content=\"10 minutes\" \/>\n<script type=\"application\/ld+json\" class=\"yoast-schema-graph\">{\"@context\":\"https:\/\/schema.org\",\"@graph\":[{\"@type\":\"WebPage\",\"@id\":\"https:\/\/fr.lartisien.com\/blog\/itineraire-de-4-jours-a-madrid\/\",\"url\":\"https:\/\/fr.lartisien.com\/blog\/itineraire-de-4-jours-a-madrid\/\",\"name\":\"Itin\u00e9raire de 4 Jours \u00e0 Madrid | Guide de voyage \u00e0 Madrid | Lartisien\",\"isPartOf\":{\"@id\":\"https:\/\/www.lartisien.com\/blog\/#website\"},\"datePublished\":\"2023-05-05T14:05:40+00:00\",\"dateModified\":\"2023-09-19T15:41:02+00:00\",\"author\":{\"@id\":\"https:\/\/www.lartisien.com\/blog\/#\/schema\/person\/0ba16c4a7260dcdca8986909bc09bc84\"},\"description\":\"Notre itin\u00e9raire de 4 jours \u00e0 Madrid vous expose en d\u00e9tail ce qu'il faut faire, o\u00f9 s\u00e9journer et les meilleurs endroits o\u00f9 d\u00e9jeuner et d\u00eener. En savoir plus avec Lartisien.\",\"breadcrumb\":{\"@id\":\"https:\/\/fr.lartisien.com\/blog\/itineraire-de-4-jours-a-madrid\/#breadcrumb\"},\"inLanguage\":\"fr-FR\",\"potentialAction\":[{\"@type\":\"ReadAction\",\"target\":[\"https:\/\/fr.lartisien.com\/blog\/itineraire-de-4-jours-a-madrid\/\"]}]},{\"@type\":\"BreadcrumbList\",\"@id\":\"https:\/\/fr.lartisien.com\/blog\/itineraire-de-4-jours-a-madrid\/#breadcrumb\",\"itemListElement\":[{\"@type\":\"ListItem\",\"position\":1,\"name\":\"Home\",\"item\":\"https:\/\/fr.lartisien.com\/blog\/\"},{\"@type\":\"ListItem\",\"position\":2,\"name\":\"Itin\u00e9raire de 4 jours \u00e0 Madrid\"}]},{\"@type\":\"WebSite\",\"@id\":\"https:\/\/www.lartisien.com\/blog\/#website\",\"url\":\"https:\/\/www.lartisien.com\/blog\/\",\"name\":\"Lartisien\",\"description\":\"Lartisien Blog\",\"potentialAction\":[{\"@type\":\"SearchAction\",\"target\":{\"@type\":\"EntryPoint\",\"urlTemplate\":\"https:\/\/www.lartisien.com\/blog\/?s={search_term_string}\"},\"query-input\":\"required name=search_term_string\"}],\"inLanguage\":\"fr-FR\"},{\"@type\":\"Person\",\"@id\":\"https:\/\/www.lartisien.com\/blog\/#\/schema\/person\/0ba16c4a7260dcdca8986909bc09bc84\",\"name\":\"Pillay Logeshwaren\",\"image\":{\"@type\":\"ImageObject\",\"inLanguage\":\"fr-FR\",\"@id\":\"https:\/\/www.lartisien.com\/blog\/#\/schema\/person\/image\/\",\"url\":\"https:\/\/secure.gravatar.com\/avatar\/b521500f1bb4b382f3672fb926a46f91?s=96&d=mm&r=g\",\"contentUrl\":\"https:\/\/secure.gravatar.com\/avatar\/b521500f1bb4b382f3672fb926a46f91?s=96&d=mm&r=g\",\"caption\":\"Pillay Logeshwaren\"},\"url\":\"https:\/\/fr.lartisien.com\/blog\/author\/logeshwaren-pillay\/\"}]}<\/script>\n<!-- \/ Yoast SEO plugin. -->","yoast_head_json":{"title":"Itin\u00e9raire de 4 Jours \u00e0 Madrid | Guide de voyage \u00e0 Madrid | Lartisien","description":"Notre itin\u00e9raire de 4 jours \u00e0 Madrid vous expose en d\u00e9tail ce qu'il faut faire, o\u00f9 s\u00e9journer et les meilleurs endroits o\u00f9 d\u00e9jeuner et d\u00eener. En savoir plus avec Lartisien.","robots":{"index":"index","follow":"follow","max-snippet":"max-snippet:-1","max-image-preview":"max-image-preview:large","max-video-preview":"max-video-preview:-1"},"canonical":"https:\/\/fr.lartisien.com\/blog\/itineraire-de-4-jours-a-madrid\/","og_locale":"fr_FR","og_type":"article","og_title":"Itin\u00e9raire de 4 Jours \u00e0 Madrid | Guide de voyage \u00e0 Madrid | Lartisien","og_description":"Notre itin\u00e9raire de 4 jours \u00e0 Madrid vous expose en d\u00e9tail ce qu'il faut faire, o\u00f9 s\u00e9journer et les meilleurs endroits o\u00f9 d\u00e9jeuner et d\u00eener. En savoir plus avec Lartisien.","og_url":"https:\/\/fr.lartisien.com\/blog\/itineraire-de-4-jours-a-madrid\/","og_site_name":"Lartisien","article_published_time":"2023-05-05T14:05:40+00:00","article_modified_time":"2023-09-19T15:41:02+00:00","og_image":[{"width":1024,"height":575,"url":"https:\/\/fr.lartisien.com\/blog\/wp-content\/uploads\/2023\/05\/shutterstock_1344720182-1024x575.jpg","type":"image\/jpeg"}],"author":"Pillay Logeshwaren","twitter_card":"summary_large_image","twitter_misc":{"Written by":"Pillay Logeshwaren","Est. reading time":"10 minutes"},"schema":{"@context":"https:\/\/schema.org","@graph":[{"@type":"WebPage","@id":"https:\/\/fr.lartisien.com\/blog\/itineraire-de-4-jours-a-madrid\/","url":"https:\/\/fr.lartisien.com\/blog\/itineraire-de-4-jours-a-madrid\/","name":"Itin\u00e9raire de 4 Jours \u00e0 Madrid | Guide de voyage \u00e0 Madrid | Lartisien","isPartOf":{"@id":"https:\/\/www.lartisien.com\/blog\/#website"},"datePublished":"2023-05-05T14:05:40+00:00","dateModified":"2023-09-19T15:41:02+00:00","author":{"@id":"https:\/\/www.lartisien.com\/blog\/#\/schema\/person\/0ba16c4a7260dcdca8986909bc09bc84"},"description":"Notre itin\u00e9raire de 4 jours \u00e0 Madrid vous expose en d\u00e9tail ce qu'il faut faire, o\u00f9 s\u00e9journer et les meilleurs endroits o\u00f9 d\u00e9jeuner et d\u00eener. En savoir plus avec Lartisien.","breadcrumb":{"@id":"https:\/\/fr.lartisien.com\/blog\/itineraire-de-4-jours-a-madrid\/#breadcrumb"},"inLanguage":"fr-FR","potentialAction":[{"@type":"ReadAction","target":["https:\/\/fr.lartisien.com\/blog\/itineraire-de-4-jours-a-madrid\/"]}]},{"@type":"BreadcrumbList","@id":"https:\/\/fr.lartisien.com\/blog\/itineraire-de-4-jours-a-madrid\/#breadcrumb","itemListElement":[{"@type":"ListItem","position":1,"name":"Home","item":"https:\/\/fr.lartisien.com\/blog\/"},{"@type":"ListItem","position":2,"name":"Itin\u00e9raire de 4 jours \u00e0 Madrid"}]},{"@type":"WebSite","@id":"https:\/\/www.lartisien.com\/blog\/#website","url":"https:\/\/www.lartisien.com\/blog\/","name":"Lartisien","description":"Lartisien Blog","potentialAction":[{"@type":"SearchAction","target":{"@type":"EntryPoint","urlTemplate":"https:\/\/www.lartisien.com\/blog\/?s={search_term_string}"},"query-input":"required name=search_term_string"}],"inLanguage":"fr-FR"},{"@type":"Person","@id":"https:\/\/www.lartisien.com\/blog\/#\/schema\/person\/0ba16c4a7260dcdca8986909bc09bc84","name":"Pillay Logeshwaren","image":{"@type":"ImageObject","inLanguage":"fr-FR","@id":"https:\/\/www.lartisien.com\/blog\/#\/schema\/person\/image\/","url":"https:\/\/secure.gravatar.com\/avatar\/b521500f1bb4b382f3672fb926a46f91?s=96&d=mm&r=g","contentUrl":"https:\/\/secure.gravatar.com\/avatar\/b521500f1bb4b382f3672fb926a46f91?s=96&d=mm&r=g","caption":"Pillay Logeshwaren"},"url":"https:\/\/fr.lartisien.com\/blog\/author\/logeshwaren-pillay\/"}]}},"_links":{"self":[{"href":"https:\/\/fr.lartisien.com\/blog\/wp-json\/wp\/v2\/posts\/11189"}],"collection":[{"href":"https:\/\/fr.lartisien.com\/blog\/wp-json\/wp\/v2\/posts"}],"about":[{"href":"https:\/\/fr.lartisien.com\/blog\/wp-json\/wp\/v2\/types\/post"}],"author":[{"embeddable":true,"href":"https:\/\/fr.lartisien.com\/blog\/wp-json\/wp\/v2\/users\/13"}],"replies":[{"embeddable":true,"href":"https:\/\/fr.lartisien.com\/blog\/wp-json\/wp\/v2\/comments?post=11189"}],"version-history":[{"count":22,"href":"https:\/\/fr.lartisien.com\/blog\/wp-json\/wp\/v2\/posts\/11189\/revisions"}],"predecessor-version":[{"id":11279,"href":"https:\/\/fr.lartisien.com\/blog\/wp-json\/wp\/v2\/posts\/11189\/revisions\/11279"}],"wp:featuredmedia":[{"embeddable":true,"href":"https:\/\/fr.lartisien.com\/blog\/wp-json\/wp\/v2\/media\/11115"}],"wp:attachment":[{"href":"https:\/\/fr.lartisien.com\/blog\/wp-json\/wp\/v2\/media?parent=11189"}],"wp:term":[{"taxonomy":"category","embeddable":true,"href":"https:\/\/fr.lartisien.com\/blog\/wp-json\/wp\/v2\/categories?post=11189"},{"taxonomy":"post_tag","embeddable":true,"href":"https:\/\/fr.lartisien.com\/blog\/wp-json\/wp\/v2\/tags?post=11189"},{"taxonomy":"location","embeddable":true,"href":"https:\/\/fr.lartisien.com\/blog\/wp-json\/wp\/v2\/location?post=11189"}],"curies":[{"name":"wp","href":"https:\/\/api.w.org\/{rel}","templated":true}]}}