{"id":1353,"date":"2022-08-16T08:00:00","date_gmt":"2022-08-16T08:00:00","guid":{"rendered":"https:\/\/www.lartisien.com\/blog\/decouvrez-il-sereno-lago-di-como\/"},"modified":"2023-03-28T12:46:11","modified_gmt":"2023-03-28T12:46:11","slug":"decouvrez-il-sereno-lago-di-como","status":"publish","type":"post","link":"https:\/\/fr.lartisien.com\/blog\/decouvrez-il-sereno-lago-di-como\/","title":{"rendered":"D\u00e9couvrez Il Sereno Lago di Como en Italie"},"content":{"rendered":"\n<section class=\"introduction-paragraph-container\">\n    <p>Lartisien vous invite \u00e0 explorer ce joyau contemporain situ\u00e9 sur les rives du lac de C\u00f4me. Bienvenue \u00e0 l&#8217;h\u00f4tel Il Sereno Lago di Como !  <\/p>\n<\/section>\n\n\n<h2><strong>O\u00f9 est situ\u00e9 le Il Sereno Lago di Como ?<\/strong><\/h2>\n\n\n\n<p>Situ\u00e9 dans la ville rustique de Torno, \u00e0 moins de 16 km de C\u00f4me, l&#8217;\u00e9tablissement Il Sereno Lago di Como se trouve sur les rives orientales du lac de C\u00f4me. Il est entour\u00e9 d&#8217;un magnifique paysage naturel, avec une vue imprenable sur le lac. L\u00e0, les clients sont invit\u00e9s \u00e0 d\u00e9couvrir le c\u0153ur de l&#8217;un des endroits les plus romantiques d&#8217;Italie !  <\/p>\n\n\n\n<p>L&#8217;h\u00f4tel propose de nombreuses options de transfert. Choisissez un trajet d&#8217;une heure depuis l&#8217;a\u00e9roport de Milan Malpensa \u00e0 bord de la propre Masserati Quattroporte de l&#8217;h\u00f4tel ou bien traversez le lac \u00e0 bord de l&#8217;un des c\u00e9l\u00e8bres bateaux Riva (fabriqu\u00e9s \u00e0 la main par la m\u00eame famille depuis 1771, et qui peuvent \u00e9galement \u00eatre affr\u00e9t\u00e9s en priv\u00e9 pour un tour du lac), qui accostera aux installations priv\u00e9es de l&#8217;h\u00f4tel. L&#8217;h\u00f4tel s&#8217;est \u00e9galement associ\u00e9 \u00e0 Monacair pour proposer aux clients des transferts de luxe en h\u00e9licopt\u00e8re.  <\/p>\n\n\n\r\n<section class=\"image-grid image-grid-2 fifty-fifty-grid\">\r\n        <div class=\"image-container img-1\">\r\n        <picture class=\"img-1\">\n                <source srcset=\"https:\/\/fr.lartisien.com\/blog\/wp-content\/uploads\/2022\/09\/ext-2.jpg\" media=\"(min-width: 1400px)\">\n                <source srcset=\"https:\/\/fr.lartisien.com\/blog\/wp-content\/uploads\/2022\/09\/ext-2-1536x1023.jpg\" media=\"(min-width: 1000px)\">\n                <source srcset=\"https:\/\/fr.lartisien.com\/blog\/wp-content\/uploads\/2022\/09\/ext-2-1024x682.jpg\" media=\"(min-width: 600px)\">\n                <source srcset=\"https:\/\/fr.lartisien.com\/blog\/wp-content\/uploads\/2022\/09\/ext-2-768x512.jpg\" media=\"(min-width: 100px)\">\n                <img decoding=\"async\" style=\"\" loading=\"lazy\" class=\"img-1\" src=\"https:\/\/fr.lartisien.com\/blog\/wp-content\/uploads\/2022\/09\/ext-2-1024x682.jpg\" alt=\"\" \/>\n            <\/picture>    <\/div>\r\n        <div class=\"image-container img-2\">\r\n        <picture class=\"img-2\">\n                <source srcset=\"https:\/\/fr.lartisien.com\/blog\/wp-content\/uploads\/2022\/09\/Il-Sereno-51-of-56-scaled-1-2048x1367.jpg\" media=\"(min-width: 1400px)\">\n                <source srcset=\"https:\/\/fr.lartisien.com\/blog\/wp-content\/uploads\/2022\/09\/Il-Sereno-51-of-56-scaled-1-1536x1025.jpg\" media=\"(min-width: 1000px)\">\n                <source srcset=\"https:\/\/fr.lartisien.com\/blog\/wp-content\/uploads\/2022\/09\/Il-Sereno-51-of-56-scaled-1-1024x684.jpg\" media=\"(min-width: 600px)\">\n                <source srcset=\"https:\/\/fr.lartisien.com\/blog\/wp-content\/uploads\/2022\/09\/Il-Sereno-51-of-56-scaled-1-768x513.jpg\" media=\"(min-width: 100px)\">\n                <img decoding=\"async\" style=\"\" loading=\"lazy\" class=\"img-2\" src=\"https:\/\/fr.lartisien.com\/blog\/wp-content\/uploads\/2022\/09\/Il-Sereno-51-of-56-scaled-1-1024x684.jpg\" alt=\"\" \/>\n            <\/picture>    <\/div>\r\n    <\/section>\r\n\n\n\n<h2><strong>Design et atmosph\u00e8re<\/strong><\/h2>\n\n\n\n<p>Cet h\u00f4tel est unique car il a d\u00e9cid\u00e9 de ne pas se conformer \u00e0 la liste d\u00e9j\u00e0 longue d&#8217;\u00e9tablissements de style classique du lac de C\u00f4me, tels que l&#8217;embl\u00e9matique Villa d&#8217;Este et le Grand Hotel Tremezzo. La direction de l&#8217;h\u00f4tel Il Sereno a fait appel aux services de plusieurs architectes locaux pour donner \u00e0 l&#8217;h\u00f4tel son aspect distinct, comme Ceppo Lombardo pour la fa\u00e7ade embl\u00e9matique de l&#8217;h\u00f4tel.  <\/p>\n\n\n\n<p>Pourtant, c&#8217;est l&#8217;architecte espagnole Patricia Urquiola qui a apport\u00e9 sa touche contemporaine et minimaliste unique au Il Sereno. Le design apporte un vent de fra\u00eecheur dans le paysage h\u00f4telier de la r\u00e9gion.  <\/p>\n\n\n\n<p>La d\u00e9coration int\u00e9rieure int\u00e8gre des mat\u00e9riaux naturels (bois, pierre, cuivre) et des tissus, ainsi qu&#8217;une palette de couleurs douces qui refl\u00e8tent les \u00e9l\u00e9ments naturels du lac de C\u00f4me. Cela permet \u00e0 Il Sereno Lago di Como d&#8217;estomper la fronti\u00e8re entre le confort cr\u00e9\u00e9 par l&#8217;homme et la beaut\u00e9 naturelle.  <\/p>\n\n\n\n<p>Les parties communes de l&#8217;h\u00f4tel pr\u00e9sentent des mat\u00e9riaux naturels dans un design innovant et moderne. La terrasse ensoleill\u00e9e (sans surprise, c&#8217;est aussi le meilleur endroit de l&#8217;h\u00f4tel pour s&#8217;asseoir et profiter du coucher de soleil en sirotant un cocktail en soir\u00e9e) abrite l&#8217;un des deux impressionnants jardins muraux verticaux de Patrick Blanc. Elle est couverte de plus de 256 esp\u00e8ces de plantes. Le hall d&#8217;entr\u00e9e et le bar pr\u00e9sentent de superbes boiseries sous la forme de perches qui bordent l&#8217;escalier principal et le bar.  <\/p>\n\n\n\r\n<section class=\"image-grid image-grid-4 fifty-fifty-grid\">\r\n        <div class=\"image-container img-1\">\r\n        <picture class=\"img-1\">\n                <source srcset=\"https:\/\/fr.lartisien.com\/blog\/wp-content\/uploads\/2022\/09\/Expetior-il-Sereno-AugustaLeigh-scaled-1-2048x1367.jpg\" media=\"(min-width: 1400px)\">\n                <source srcset=\"https:\/\/fr.lartisien.com\/blog\/wp-content\/uploads\/2022\/09\/Expetior-il-Sereno-AugustaLeigh-scaled-1-1536x1025.jpg\" media=\"(min-width: 1000px)\">\n                <source srcset=\"https:\/\/fr.lartisien.com\/blog\/wp-content\/uploads\/2022\/09\/Expetior-il-Sereno-AugustaLeigh-scaled-1-1024x684.jpg\" media=\"(min-width: 600px)\">\n                <source srcset=\"https:\/\/fr.lartisien.com\/blog\/wp-content\/uploads\/2022\/09\/Expetior-il-Sereno-AugustaLeigh-scaled-1-768x513.jpg\" media=\"(min-width: 100px)\">\n                <img decoding=\"async\" style=\"\" loading=\"lazy\" class=\"img-1\" src=\"https:\/\/fr.lartisien.com\/blog\/wp-content\/uploads\/2022\/09\/Expetior-il-Sereno-AugustaLeigh-scaled-1-1024x684.jpg\" alt=\"\" \/>\n            <\/picture>    <\/div>\r\n        <div class=\"image-container img-2\">\r\n        <picture class=\"img-2\">\n                <source srcset=\"https:\/\/fr.lartisien.com\/blog\/wp-content\/uploads\/2022\/09\/94835-root-exteriors-front-facade.jpg\" media=\"(min-width: 1400px)\">\n                <source srcset=\"https:\/\/fr.lartisien.com\/blog\/wp-content\/uploads\/2022\/09\/94835-root-exteriors-front-facade.jpg\" media=\"(min-width: 1000px)\">\n                <source srcset=\"https:\/\/fr.lartisien.com\/blog\/wp-content\/uploads\/2022\/09\/94835-root-exteriors-front-facade-1024x631.jpg\" media=\"(min-width: 600px)\">\n                <source srcset=\"https:\/\/fr.lartisien.com\/blog\/wp-content\/uploads\/2022\/09\/94835-root-exteriors-front-facade-768x474.jpg\" media=\"(min-width: 100px)\">\n                <img decoding=\"async\" style=\"\" loading=\"lazy\" class=\"img-2\" src=\"https:\/\/fr.lartisien.com\/blog\/wp-content\/uploads\/2022\/09\/94835-root-exteriors-front-facade-1024x631.jpg\" alt=\"\" \/>\n            <\/picture>    <\/div>\r\n        <div class=\"image-container img-3\">\r\n        <picture class=\"img-3\">\n                <source srcset=\"https:\/\/fr.lartisien.com\/blog\/wp-content\/uploads\/2022\/09\/94800-root-exteriors-front-facade.jpg\" media=\"(min-width: 1400px)\">\n                <source srcset=\"https:\/\/fr.lartisien.com\/blog\/wp-content\/uploads\/2022\/09\/94800-root-exteriors-front-facade.jpg\" media=\"(min-width: 1000px)\">\n                <source srcset=\"https:\/\/fr.lartisien.com\/blog\/wp-content\/uploads\/2022\/09\/94800-root-exteriors-front-facade-1024x683.jpg\" media=\"(min-width: 600px)\">\n                <source srcset=\"https:\/\/fr.lartisien.com\/blog\/wp-content\/uploads\/2022\/09\/94800-root-exteriors-front-facade-768x512.jpg\" media=\"(min-width: 100px)\">\n                <img decoding=\"async\" style=\"\" loading=\"lazy\" class=\"img-3\" src=\"https:\/\/fr.lartisien.com\/blog\/wp-content\/uploads\/2022\/09\/94800-root-exteriors-front-facade-1024x683.jpg\" alt=\"\" \/>\n            <\/picture>    <\/div>\r\n        <div class=\"image-container img-4\">\r\n        <picture class=\"img-4\">\n                <source srcset=\"https:\/\/fr.lartisien.com\/blog\/wp-content\/uploads\/2022\/09\/Stairs2-Il-Sereno-Patricia-Parinejad-scaled-1-2048x1366.jpg\" media=\"(min-width: 1400px)\">\n                <source srcset=\"https:\/\/fr.lartisien.com\/blog\/wp-content\/uploads\/2022\/09\/Stairs2-Il-Sereno-Patricia-Parinejad-scaled-1-1536x1024.jpg\" media=\"(min-width: 1000px)\">\n                <source srcset=\"https:\/\/fr.lartisien.com\/blog\/wp-content\/uploads\/2022\/09\/Stairs2-Il-Sereno-Patricia-Parinejad-scaled-1-1024x683.jpg\" media=\"(min-width: 600px)\">\n                <source srcset=\"https:\/\/fr.lartisien.com\/blog\/wp-content\/uploads\/2022\/09\/Stairs2-Il-Sereno-Patricia-Parinejad-scaled-1-768x512.jpg\" media=\"(min-width: 100px)\">\n                <img decoding=\"async\" style=\"\" loading=\"lazy\" class=\"img-4\" src=\"https:\/\/fr.lartisien.com\/blog\/wp-content\/uploads\/2022\/09\/Stairs2-Il-Sereno-Patricia-Parinejad-scaled-1-1024x683.jpg\" alt=\"\" \/>\n            <\/picture>    <\/div>\r\n    <\/section>\r\n\n\n\n<h2><strong>Il Sereno Lago di Como Chambres et suites<\/strong><\/h2>\n\n\n\r\n<section class=\"text-and-image-container \">\r\n    <div class=\"text-and-image-content text-and-image-image\">\r\n        <picture class=\"\">\n                <source srcset=\"https:\/\/fr.lartisien.com\/blog\/wp-content\/uploads\/2022\/09\/94838-root-darsena-suite-bed.jpg\" media=\"(min-width: 1400px)\">\n                <source srcset=\"https:\/\/fr.lartisien.com\/blog\/wp-content\/uploads\/2022\/09\/94838-root-darsena-suite-bed.jpg\" media=\"(min-width: 1000px)\">\n                <source srcset=\"https:\/\/fr.lartisien.com\/blog\/wp-content\/uploads\/2022\/09\/94838-root-darsena-suite-bed-1024x768.jpg\" media=\"(min-width: 600px)\">\n                <source srcset=\"https:\/\/fr.lartisien.com\/blog\/wp-content\/uploads\/2022\/09\/94838-root-darsena-suite-bed-768x576.jpg\" media=\"(min-width: 100px)\">\n                <img decoding=\"async\" style=\"\" loading=\"lazy\" class=\"\" src=\"https:\/\/fr.lartisien.com\/blog\/wp-content\/uploads\/2022\/09\/94838-root-darsena-suite-bed-1024x768.jpg\" alt=\"\" \/>\n            <\/picture>    <\/div>\r\n    <div class=\"text-and-image-content text-and-image-text\">\r\n                <p><span class=\"TextRun SCXW206015157 BCX0\" lang=\"EN-GB\" data-contrast=\"auto\" xml:lang=\"EN-GB\"><span class=\"NormalTextRun SCXW206015157 BCX0\">La premi\u00e8re impression des 30 chambres et suites est \u00e9l\u00e9gante, chic, et <\/span><span class=\"NormalTextRun SpellingErrorV2Themed SCXW206015157 BCX0\">confortable<\/span><span class=\"NormalTextRun SCXW206015157 BCX0\">. Les grandes fen\u00eatres du sol au plafond, juste en face du lit king-size, s&#8217;ouvrent sur les balcons pour laisser entrer beaucoup de lumi\u00e8re et d&#8217;air en \u00e9t\u00e9. Bien entendu, il offre \u00e9galement des points d&#8217;observation parfaits pour une vue d\u00e9gag\u00e9e sur le lac.<\/span><\/span><span class=\"EOP SCXW206015157 BCX0\" data-ccp-props=\"{\"201341983\":0,\"335551550\":1,\"335551620\":1,\"335559731\":0,\"335559740\":240}\"> <\/span><\/p>\n            <\/div>\r\n    \r\n<\/section>\n\n\r\n<section class=\"text-and-image-container container-reversed\">\r\n    <div class=\"text-and-image-content text-and-image-image\">\r\n        <picture class=\"\">\n                <source srcset=\"https:\/\/fr.lartisien.com\/blog\/wp-content\/uploads\/2022\/09\/101287-root-signature-penthouse-suite-living-area.jpg\" media=\"(min-width: 1400px)\">\n                <source srcset=\"https:\/\/fr.lartisien.com\/blog\/wp-content\/uploads\/2022\/09\/101287-root-signature-penthouse-suite-living-area.jpg\" media=\"(min-width: 1000px)\">\n                <source srcset=\"https:\/\/fr.lartisien.com\/blog\/wp-content\/uploads\/2022\/09\/101287-root-signature-penthouse-suite-living-area-1024x683.jpg\" media=\"(min-width: 600px)\">\n                <source srcset=\"https:\/\/fr.lartisien.com\/blog\/wp-content\/uploads\/2022\/09\/101287-root-signature-penthouse-suite-living-area-768x512.jpg\" media=\"(min-width: 100px)\">\n                <img decoding=\"async\" style=\"\" loading=\"lazy\" class=\"\" src=\"https:\/\/fr.lartisien.com\/blog\/wp-content\/uploads\/2022\/09\/101287-root-signature-penthouse-suite-living-area-1024x683.jpg\" alt=\"\" \/>\n            <\/picture>    <\/div>\r\n    <div class=\"text-and-image-content text-and-image-text\">\r\n                <p><span class=\"TextRun SCXW31206741 BCX0\" lang=\"EN-GB\" data-contrast=\"auto\" xml:lang=\"EN-GB\"><span class=\"NormalTextRun SCXW31206741 BCX0\">Les int\u00e9rieurs minimalistes compensent le manque d&#8217;objets en pr\u00e9sentant <\/span><span class=\"NormalTextRun SCXW31206741 BCX0\">un certain nombre de<\/span><span class=\"NormalTextRun SCXW31206741 BCX0\">  des meubles discrets. Vous trouverez un Franco  <\/span><span class=\"NormalTextRun SCXW31206741 BCX0\">Albini<\/span><span class=\"NormalTextRun SCXW31206741 BCX0\">  biblioth\u00e8que ou une chaise vintage de salon Gio Ponti qui donne \u00e0 certains endroits un aspect presque industriel. Alors que d&#8217;autres pi\u00e8ces, comme le canap\u00e9 Bend de B&amp;B Italia ou m\u00eame l&#8217;embl\u00e9matique canap\u00e9 sarcelle, ont \u00e9t\u00e9 con\u00e7ues pour r\u00e9pondre \u00e0 des besoins sp\u00e9cifiques.<\/span><span class=\"NormalTextRun SpellingErrorV2Themed SCXW31206741 BCX0\">color\u00e9<\/span><span class=\"NormalTextRun SCXW31206741 BCX0\"> La chaise Husk, ajoute une touche d&#8217;extravagance et d&#8217;espi\u00e8glerie.<\/span><\/span><span class=\"EOP SCXW31206741 BCX0\" data-ccp-props=\"{\"201341983\":0,\"335551550\":1,\"335551620\":1,\"335559731\":0,\"335559740\":240}\"> <\/span><\/p>\n            <\/div>\r\n    \r\n<\/section>\n\n\n<p>D&#8217;une mani\u00e8re ou d&#8217;une autre, la premi\u00e8re impression est toujours celle de la chaleur et du confort. Les lambris en noyer des murs et du plafond de la salle de bains, associ\u00e9s \u00e0 une baignoire Lariana, sont particuli\u00e8rement remarquables.  <\/p>\n\n\n\n<p>Si les Penthouses sont absolument superbes, la Darsena Lago Suite incarne v\u00e9ritablement la philosophie du Il Sereno. Les clients peuvent admirer les superbes pierres de l&#8217;ancien chantier naval depuis leur salon ou m\u00eame depuis le balcon.  <\/p>\n\n\n\r\n<section class=\"image-grid image-grid-2 forty-sixty-grid\">\r\n        <div class=\"image-container img-1\">\r\n        <picture class=\"img-1\">\n                <source srcset=\"https:\/\/fr.lartisien.com\/blog\/wp-content\/uploads\/2022\/09\/DarsenaLago3-il-Sereno-Patricia-Parinejad-scaled-1-2048x1366.jpg\" media=\"(min-width: 1400px)\">\n                <source srcset=\"https:\/\/fr.lartisien.com\/blog\/wp-content\/uploads\/2022\/09\/DarsenaLago3-il-Sereno-Patricia-Parinejad-scaled-1-1536x1024.jpg\" media=\"(min-width: 1000px)\">\n                <source srcset=\"https:\/\/fr.lartisien.com\/blog\/wp-content\/uploads\/2022\/09\/DarsenaLago3-il-Sereno-Patricia-Parinejad-scaled-1-1024x683.jpg\" media=\"(min-width: 600px)\">\n                <source srcset=\"https:\/\/fr.lartisien.com\/blog\/wp-content\/uploads\/2022\/09\/DarsenaLago3-il-Sereno-Patricia-Parinejad-scaled-1-768x512.jpg\" media=\"(min-width: 100px)\">\n                <img decoding=\"async\" style=\"\" loading=\"lazy\" class=\"img-1\" src=\"https:\/\/fr.lartisien.com\/blog\/wp-content\/uploads\/2022\/09\/DarsenaLago3-il-Sereno-Patricia-Parinejad-scaled-1-1024x683.jpg\" alt=\"\" \/>\n            <\/picture>    <\/div>\r\n        <div class=\"image-container img-2\">\r\n        <picture class=\"img-2\">\n                <source srcset=\"https:\/\/fr.lartisien.com\/blog\/wp-content\/uploads\/2022\/09\/GSL-Piter-scaled-1-2048x1331.jpg\" media=\"(min-width: 1400px)\">\n                <source srcset=\"https:\/\/fr.lartisien.com\/blog\/wp-content\/uploads\/2022\/09\/GSL-Piter-scaled-1-1536x998.jpg\" media=\"(min-width: 1000px)\">\n                <source srcset=\"https:\/\/fr.lartisien.com\/blog\/wp-content\/uploads\/2022\/09\/GSL-Piter-scaled-1-1024x666.jpg\" media=\"(min-width: 600px)\">\n                <source srcset=\"https:\/\/fr.lartisien.com\/blog\/wp-content\/uploads\/2022\/09\/GSL-Piter-scaled-1-768x499.jpg\" media=\"(min-width: 100px)\">\n                <img decoding=\"async\" style=\"\" loading=\"lazy\" class=\"img-2\" src=\"https:\/\/fr.lartisien.com\/blog\/wp-content\/uploads\/2022\/09\/GSL-Piter-scaled-1-1024x666.jpg\" alt=\"\" \/>\n            <\/picture>    <\/div>\r\n    <\/section>\r\n\n\n\n<h2><strong>Nourriture, boissons et exp\u00e9riences culinaires<\/strong><\/h2>\n\n\n\n<p>Sur le plan culinaire, Il Sereno est fier de la cuisine du chef ex\u00e9cutif Raffaele Lenzi. Le d\u00eener \u00e0 l&#8217;Il Sereno Al Lago, propose un certain nombre de menus d\u00e9gustation tels que Constrasti &amp; Contraddizioni ou l&#8217;option v\u00e9g\u00e9tarienne Vegatali, Tuberi &amp; Radici. Il est con\u00e7u pour initier les clients \u00e0 la cuisine r\u00e9gionale ainsi qu&#8217;aux cuisines internationales gastronomiques. Associez-les aux excellents vins de la vaste cave de l&#8217;h\u00f4tel pour une excellente exp\u00e9rience culinaire.<\/p>\n\n\n\n<p>Pour le d\u00e9jeuner, les clients peuvent commander \u00e0 la carte des plats italiens traditionnels et des sp\u00e9cialit\u00e9s de diverses r\u00e9gions du pays. Le risotto au safran avec le rago\u00fbt g\u00e9nois et la poudre de champignons, et le mille-feuille au chocolat \u00e9taient deux points forts du menu de midi.<\/p>\n\n\n\r\n<section class=\"image-grid image-grid-2 sixty-forty-grid\">\r\n        <div class=\"image-container img-1\">\r\n        <picture class=\"img-1\">\n                <source srcset=\"https:\/\/fr.lartisien.com\/blog\/wp-content\/uploads\/2022\/09\/NB34833-1-scaled-1-2048x1366.jpg\" media=\"(min-width: 1400px)\">\n                <source srcset=\"https:\/\/fr.lartisien.com\/blog\/wp-content\/uploads\/2022\/09\/NB34833-1-scaled-1-1536x1024.jpg\" media=\"(min-width: 1000px)\">\n                <source srcset=\"https:\/\/fr.lartisien.com\/blog\/wp-content\/uploads\/2022\/09\/NB34833-1-scaled-1-1024x683.jpg\" media=\"(min-width: 600px)\">\n                <source srcset=\"https:\/\/fr.lartisien.com\/blog\/wp-content\/uploads\/2022\/09\/NB34833-1-scaled-1-768x512.jpg\" media=\"(min-width: 100px)\">\n                <img decoding=\"async\" style=\"\" loading=\"lazy\" class=\"img-1\" src=\"https:\/\/fr.lartisien.com\/blog\/wp-content\/uploads\/2022\/09\/NB34833-1-scaled-1-1024x683.jpg\" alt=\"\" \/>\n            <\/picture>    <\/div>\r\n        <div class=\"image-container img-2\">\r\n        <picture class=\"img-2\">\n                <source srcset=\"https:\/\/fr.lartisien.com\/blog\/wp-content\/uploads\/2022\/09\/food.jpg\" media=\"(min-width: 1400px)\">\n                <source srcset=\"https:\/\/fr.lartisien.com\/blog\/wp-content\/uploads\/2022\/09\/food-1536x1024.jpg\" media=\"(min-width: 1000px)\">\n                <source srcset=\"https:\/\/fr.lartisien.com\/blog\/wp-content\/uploads\/2022\/09\/food-1024x683.jpg\" media=\"(min-width: 600px)\">\n                <source srcset=\"https:\/\/fr.lartisien.com\/blog\/wp-content\/uploads\/2022\/09\/food-768x512.jpg\" media=\"(min-width: 100px)\">\n                <img decoding=\"async\" style=\"\" loading=\"lazy\" class=\"img-2\" src=\"https:\/\/fr.lartisien.com\/blog\/wp-content\/uploads\/2022\/09\/food-1024x683.jpg\" alt=\"\" \/>\n            <\/picture>    <\/div>\r\n    <\/section>\r\n\n\n\n<p>Le Lobby Bar, avec ses diff\u00e9rents espaces ext\u00e9rieurs et int\u00e9rieurs, permet aux clients de se promener et de d\u00e9couvrir les diff\u00e9rentes ambiances de l&#8217;h\u00f4tel. Vous pourrez vous asseoir dans le salon ou sur la terrasse ext\u00e9rieure pour profiter de la vue sur le lac. En plus de la carte des ap\u00e9ritifs (avec des plats tels que les tacos farcis au saumon fum\u00e9 et les petits pains \u00e0 la vapeur), le bar propose \u00e9galement une carte de cocktails de marque, tous pr\u00e9par\u00e9s avec les meilleurs ingr\u00e9dients par les experts en mixologie de l&#8217;h\u00f4tel.<\/p>\n\n\n\r\n<section class=\"image-grid image-grid-1 \">\r\n        <div class=\"image-container img-1\">\r\n        <picture class=\"img-1\">\n                <source srcset=\"https:\/\/fr.lartisien.com\/blog\/wp-content\/uploads\/2022\/09\/94817-root-berton-al-lago-dining-room.jpg\" media=\"(min-width: 1400px)\">\n                <source srcset=\"https:\/\/fr.lartisien.com\/blog\/wp-content\/uploads\/2022\/09\/94817-root-berton-al-lago-dining-room.jpg\" media=\"(min-width: 1000px)\">\n                <source srcset=\"https:\/\/fr.lartisien.com\/blog\/wp-content\/uploads\/2022\/09\/94817-root-berton-al-lago-dining-room-1024x666.jpg\" media=\"(min-width: 600px)\">\n                <source srcset=\"https:\/\/fr.lartisien.com\/blog\/wp-content\/uploads\/2022\/09\/94817-root-berton-al-lago-dining-room-768x499.jpg\" media=\"(min-width: 100px)\">\n                <img decoding=\"async\" style=\"\" loading=\"lazy\" class=\"img-1\" src=\"https:\/\/fr.lartisien.com\/blog\/wp-content\/uploads\/2022\/09\/94817-root-berton-al-lago-dining-room-1024x666.jpg\" alt=\"\" \/>\n            <\/picture>    <\/div>\r\n    <\/section>\r\n\n\n\n<h2><strong>Installations et activit\u00e9s de bien-\u00eatre<\/strong><\/h2>\n\n\n\n<p>Le spa occupe un autre espace de l&#8217;ancien hangar \u00e0 bateaux, transform\u00e9 en un espace zen et intime de relaxation et de rajeunissement. Outre un espace de relaxation ext\u00e9rieur et une piscine construite au-dessus de l&#8217;eau, le spa comprend un sauna, un hammam et trois salles de soins. Les clients peuvent profiter d&#8217;un large menu de massages et de soins qui mettent en valeur les produits de la c\u00e9l\u00e8bre marque Valmont.  <\/p>\n\n\n\n<p>Le traitement Rejuvenate by the Lake est \u00e0 essayer absolument. Profitez d&#8217;un traitement exfoliant apaisant suivi d&#8217;un massage des tissus profonds avec des produits comprenant des ingr\u00e9dients provenant du lac de C\u00f4me lui-m\u00eame.<\/p>\n\n\n\r\n<section class=\"image-grid image-grid-2 \">\r\n        <div class=\"image-container img-1\">\r\n        <picture class=\"img-1\">\n                <source srcset=\"https:\/\/fr.lartisien.com\/blog\/wp-content\/uploads\/2022\/09\/94804-root-spa-relaxation-room.jpg\" media=\"(min-width: 1400px)\">\n                <source srcset=\"https:\/\/fr.lartisien.com\/blog\/wp-content\/uploads\/2022\/09\/94804-root-spa-relaxation-room.jpg\" media=\"(min-width: 1000px)\">\n                <source srcset=\"https:\/\/fr.lartisien.com\/blog\/wp-content\/uploads\/2022\/09\/94804-root-spa-relaxation-room-1024x683.jpg\" media=\"(min-width: 600px)\">\n                <source srcset=\"https:\/\/fr.lartisien.com\/blog\/wp-content\/uploads\/2022\/09\/94804-root-spa-relaxation-room-768x512.jpg\" media=\"(min-width: 100px)\">\n                <img decoding=\"async\" style=\"\" loading=\"lazy\" class=\"img-1\" src=\"https:\/\/fr.lartisien.com\/blog\/wp-content\/uploads\/2022\/09\/94804-root-spa-relaxation-room-1024x683.jpg\" alt=\"\" \/>\n            <\/picture>    <\/div>\r\n        <div class=\"image-container img-2\">\r\n        <picture class=\"img-2\">\n                <source srcset=\"https:\/\/fr.lartisien.com\/blog\/wp-content\/uploads\/2022\/09\/Boat-il-Sereno-scaled-1-2048x1366.jpg\" media=\"(min-width: 1400px)\">\n                <source srcset=\"https:\/\/fr.lartisien.com\/blog\/wp-content\/uploads\/2022\/09\/Boat-il-Sereno-scaled-1-1536x1024.jpg\" media=\"(min-width: 1000px)\">\n                <source srcset=\"https:\/\/fr.lartisien.com\/blog\/wp-content\/uploads\/2022\/09\/Boat-il-Sereno-scaled-1-1024x683.jpg\" media=\"(min-width: 600px)\">\n                <source srcset=\"https:\/\/fr.lartisien.com\/blog\/wp-content\/uploads\/2022\/09\/Boat-il-Sereno-scaled-1-768x512.jpg\" media=\"(min-width: 100px)\">\n                <img decoding=\"async\" style=\"\" loading=\"lazy\" class=\"img-2\" src=\"https:\/\/fr.lartisien.com\/blog\/wp-content\/uploads\/2022\/09\/Boat-il-Sereno-scaled-1-1024x683.jpg\" alt=\"\" \/>\n            <\/picture>    <\/div>\r\n    <\/section>\r\n\n\n\r\n<section class=\"text-and-image-container \">\r\n    <div class=\"text-and-image-content text-and-image-image\">\r\n        <picture class=\"\">\n                <source srcset=\"https:\/\/fr.lartisien.com\/blog\/wp-content\/uploads\/2022\/09\/Il-Sereno-30-of-56-scaled-1-2048x1367.jpg\" media=\"(min-width: 1400px)\">\n                <source srcset=\"https:\/\/fr.lartisien.com\/blog\/wp-content\/uploads\/2022\/09\/Il-Sereno-30-of-56-scaled-1-1536x1025.jpg\" media=\"(min-width: 1000px)\">\n                <source srcset=\"https:\/\/fr.lartisien.com\/blog\/wp-content\/uploads\/2022\/09\/Il-Sereno-30-of-56-scaled-1-1024x684.jpg\" media=\"(min-width: 600px)\">\n                <source srcset=\"https:\/\/fr.lartisien.com\/blog\/wp-content\/uploads\/2022\/09\/Il-Sereno-30-of-56-scaled-1-768x513.jpg\" media=\"(min-width: 100px)\">\n                <img decoding=\"async\" style=\"\" loading=\"lazy\" class=\"\" src=\"https:\/\/fr.lartisien.com\/blog\/wp-content\/uploads\/2022\/09\/Il-Sereno-30-of-56-scaled-1-1024x684.jpg\" alt=\"\" \/>\n            <\/picture>    <\/div>\r\n    <div class=\"text-and-image-content text-and-image-text\">\r\n                <p><span class=\"TextRun SCXW145093805 BCX0\" lang=\"EN-GB\" data-contrast=\"auto\" xml:lang=\"EN-GB\"><span class=\"NormalTextRun SCXW145093805 BCX0\">L&#8217;h\u00f4tel propose \u00e9galement des activit\u00e9s nautiques \u00e0 ses clients. Choisissez de monter \u00e0 bord de l&#8217;historique  <\/span><span class=\"NormalTextRun SpellingErrorV2Themed SCXW145093805 BCX0\">Cantiere<\/span><span class=\"NormalTextRun SCXW145093805 BCX0\"> Bateaux Ernesto Riva ou <\/span><span class=\"NormalTextRun SpellingErrorV2Themed SCXW145093805 BCX0\">Inglesina<\/span><span class=\"NormalTextRun SCXW145093805 BCX0\"> L&#8217;exp\u00e9rience du bateau \u00e0 rames, qui s&#8217;accompagne d&#8217;un pique-nique pr\u00e9par\u00e9 \u00e0 la main par le Chef <\/span><span class=\"NormalTextRun SCXW145093805 BCX0\">Lenzi<\/span><span class=\"NormalTextRun SCXW145093805 BCX0\">. En outre, les clients peuvent opter pour des activit\u00e9s qui leur permettront de visiter la r\u00e9gion, telles que la randonn\u00e9e dans les montagnes entourant le lac, ou une s\u00e9ance de shopping dans la ville d&#8217;Anvers.  <\/span><span class=\"NormalTextRun SpellingErrorV2Themed SCXW145093805 BCX0\">voisins<\/span><span class=\"NormalTextRun SCXW145093805 BCX0\">  villes. Sur place, l&#8217;Il Sereno propose \u00e9galement des soir\u00e9es de d\u00e9gustation de vins dans la cave et des cours de cuisine avec l&#8217;\u00e9quipe culinaire de l&#8217;h\u00f4tel.<\/span><\/span><span class=\"EOP SCXW145093805 BCX0\" data-ccp-props=\"{\"201341983\":0,\"335551550\":1,\"335551620\":1,\"335559731\":0,\"335559740\":240}\"> <\/span><\/p>\n            <\/div>\r\n    \r\n<\/section>\n\n\n<h2><strong>Ce que nous aimons :<\/strong><\/h2>\n\n\n\n<ul>\n<li>Le bruit du lac le soir et la vue du coucher de soleil sur l&#8217;eau vous donnent l&#8217;impression d&#8217;\u00eatre sur un bateau.<\/li>\n\n\n\n<li>Le risotto au safran \u00e9tait vraiment hors du commun et le point culminant d&#8217;un excellent menu.<\/li>\n\n\n\n<li>La suite Penthouse r\u00e9cemment ouverte, con\u00e7ue par Patricia Urquiola, est absolument magnifique. Ce qui en fait un v\u00e9ritable r\u00eave pour les clients, c&#8217;est que chaque article du Penthouse est disponible \u00e0 la vente, ce qui en fait la premi\u00e8re suite Penthouse vendable de toute l&#8217;Europe.<\/li>\n<\/ul>\n\n\n<section class=\"important-information\">\r\n    <p class=\"p--4 important-information-header\">Il Sereno Lago di Como<\/p>\r\n    <div class=\"p--5 important-information-content\"><p><strong>Adresse :<\/strong> Via Torrazza, 10, 22020 Torno CO, Italie<\/p>\n<p><b>P\u00e9riode d&#8217;ouverture :<\/b> De mi-mars \u00e0 novembre.<\/p>\n<\/div>\r\n<\/section>","protected":false},"excerpt":{"rendered":"O\u00f9 est situ\u00e9 le Il Sereno Lago di Como ? Situ\u00e9 dans la ville rustique de Torno, \u00e0 moins de 16 km de C\u00f4me, l&#8217;\u00e9tablissement Il Sereno Lago di Como se trouve sur les rives orientales du lac de C\u00f4me. Il est entour\u00e9 d&#8217;un magnifique paysage naturel, avec une vue imprenable sur le lac. L\u00e0,&#8230;","protected":false},"author":8,"featured_media":666,"comment_status":"open","ping_status":"open","sticky":false,"template":"","format":"standard","meta":{"inline_featured_image":false},"categories":[66],"tags":[],"location":[114],"acf":[],"yoast_head":"<!-- This site is optimized with the Yoast SEO plugin v20.0 - https:\/\/yoast.com\/wordpress\/plugins\/seo\/ -->\n<title>D\u00e9couvrez Il Sereno Lago di Como, Italie | Lartisien<\/title>\n<meta name=\"description\" content=\"Un v\u00e9ritable chef-d\u2019\u0153uvre contemporain sur les rives du lac de C\u00f4me, \u00e0 d\u00e9couvrir avec Lartisien. L&#039;h\u00f4tel Il Sereno Lago di Como est l&#039;une des adresses les plus romantiques d&#039;Italie.\" \/>\n<meta name=\"robots\" content=\"index, follow, max-snippet:-1, max-image-preview:large, max-video-preview:-1\" \/>\n<link rel=\"canonical\" href=\"https:\/\/fr.lartisien.com\/blog\/decouvrez-il-sereno-lago-di-como\/\" \/>\n<meta property=\"og:locale\" content=\"fr_FR\" \/>\n<meta property=\"og:type\" content=\"article\" \/>\n<meta property=\"og:title\" content=\"D\u00e9couvrez Il Sereno Lago di Como, Italie | Lartisien\" \/>\n<meta property=\"og:description\" content=\"Un v\u00e9ritable chef-d\u2019\u0153uvre contemporain sur les rives du lac de C\u00f4me, \u00e0 d\u00e9couvrir avec Lartisien. L&#039;h\u00f4tel Il Sereno Lago di Como est l&#039;une des adresses les plus romantiques d&#039;Italie.\" \/>\n<meta property=\"og:url\" content=\"https:\/\/fr.lartisien.com\/blog\/decouvrez-il-sereno-lago-di-como\/\" \/>\n<meta property=\"og:site_name\" content=\"Lartisien\" \/>\n<meta property=\"article:published_time\" content=\"2022-08-16T08:00:00+00:00\" \/>\n<meta property=\"article:modified_time\" content=\"2023-03-28T12:46:11+00:00\" \/>\n<meta property=\"og:image\" content=\"https:\/\/fr.lartisien.com\/blog\/wp-content\/uploads\/2022\/09\/ext-2.jpg\" \/>\n\t<meta property=\"og:image:width\" content=\"1954\" \/>\n\t<meta property=\"og:image:height\" content=\"1302\" \/>\n\t<meta property=\"og:image:type\" content=\"image\/jpeg\" \/>\n<meta name=\"author\" content=\"seoworks_web\" \/>\n<meta name=\"twitter:card\" content=\"summary_large_image\" \/>\n<meta name=\"twitter:label1\" content=\"Written by\" \/>\n\t<meta name=\"twitter:data1\" content=\"seoworks_web\" \/>\n\t<meta name=\"twitter:label2\" content=\"Est. reading time\" \/>\n\t<meta name=\"twitter:data2\" content=\"4 minutes\" \/>\n<script type=\"application\/ld+json\" class=\"yoast-schema-graph\">{\"@context\":\"https:\/\/schema.org\",\"@graph\":[{\"@type\":\"WebPage\",\"@id\":\"https:\/\/fr.lartisien.com\/blog\/decouvrez-il-sereno-lago-di-como\/\",\"url\":\"https:\/\/fr.lartisien.com\/blog\/decouvrez-il-sereno-lago-di-como\/\",\"name\":\"D\u00e9couvrez Il Sereno Lago di Como, Italie | Lartisien\",\"isPartOf\":{\"@id\":\"https:\/\/www.lartisien.com\/blog\/#website\"},\"datePublished\":\"2022-08-16T08:00:00+00:00\",\"dateModified\":\"2023-03-28T12:46:11+00:00\",\"author\":{\"@id\":\"https:\/\/www.lartisien.com\/blog\/#\/schema\/person\/2ed1f61b2f02db0e04a7a282c266e5fb\"},\"description\":\"Un v\u00e9ritable chef-d\u2019\u0153uvre contemporain sur les rives du lac de C\u00f4me, \u00e0 d\u00e9couvrir avec Lartisien. L'h\u00f4tel Il Sereno Lago di Como est l'une des adresses les plus romantiques d'Italie.\",\"breadcrumb\":{\"@id\":\"https:\/\/fr.lartisien.com\/blog\/decouvrez-il-sereno-lago-di-como\/#breadcrumb\"},\"inLanguage\":\"fr-FR\",\"potentialAction\":[{\"@type\":\"ReadAction\",\"target\":[\"https:\/\/fr.lartisien.com\/blog\/decouvrez-il-sereno-lago-di-como\/\"]}]},{\"@type\":\"BreadcrumbList\",\"@id\":\"https:\/\/fr.lartisien.com\/blog\/decouvrez-il-sereno-lago-di-como\/#breadcrumb\",\"itemListElement\":[{\"@type\":\"ListItem\",\"position\":1,\"name\":\"Home\",\"item\":\"https:\/\/fr.lartisien.com\/blog\/\"},{\"@type\":\"ListItem\",\"position\":2,\"name\":\"D\u00e9couvrez Il Sereno Lago di Como en Italie\"}]},{\"@type\":\"WebSite\",\"@id\":\"https:\/\/www.lartisien.com\/blog\/#website\",\"url\":\"https:\/\/www.lartisien.com\/blog\/\",\"name\":\"Lartisien\",\"description\":\"Lartisien Blog\",\"potentialAction\":[{\"@type\":\"SearchAction\",\"target\":{\"@type\":\"EntryPoint\",\"urlTemplate\":\"https:\/\/www.lartisien.com\/blog\/?s={search_term_string}\"},\"query-input\":\"required name=search_term_string\"}],\"inLanguage\":\"fr-FR\"},{\"@type\":\"Person\",\"@id\":\"https:\/\/www.lartisien.com\/blog\/#\/schema\/person\/2ed1f61b2f02db0e04a7a282c266e5fb\",\"name\":\"seoworks_web\",\"image\":{\"@type\":\"ImageObject\",\"inLanguage\":\"fr-FR\",\"@id\":\"https:\/\/www.lartisien.com\/blog\/#\/schema\/person\/image\/\",\"url\":\"https:\/\/secure.gravatar.com\/avatar\/317abccfb5b493f234451f32efc3cd33?s=96&d=mm&r=g\",\"contentUrl\":\"https:\/\/secure.gravatar.com\/avatar\/317abccfb5b493f234451f32efc3cd33?s=96&d=mm&r=g\",\"caption\":\"seoworks_web\"},\"url\":\"https:\/\/fr.lartisien.com\/blog\/author\/seoworks_web\/\"}]}<\/script>\n<!-- \/ Yoast SEO plugin. -->","yoast_head_json":{"title":"D\u00e9couvrez Il Sereno Lago di Como, Italie | Lartisien","description":"Un v\u00e9ritable chef-d\u2019\u0153uvre contemporain sur les rives du lac de C\u00f4me, \u00e0 d\u00e9couvrir avec Lartisien. L'h\u00f4tel Il Sereno Lago di Como est l'une des adresses les plus romantiques d'Italie.","robots":{"index":"index","follow":"follow","max-snippet":"max-snippet:-1","max-image-preview":"max-image-preview:large","max-video-preview":"max-video-preview:-1"},"canonical":"https:\/\/fr.lartisien.com\/blog\/decouvrez-il-sereno-lago-di-como\/","og_locale":"fr_FR","og_type":"article","og_title":"D\u00e9couvrez Il Sereno Lago di Como, Italie | Lartisien","og_description":"Un v\u00e9ritable chef-d\u2019\u0153uvre contemporain sur les rives du lac de C\u00f4me, \u00e0 d\u00e9couvrir avec Lartisien. L'h\u00f4tel Il Sereno Lago di Como est l'une des adresses les plus romantiques d'Italie.","og_url":"https:\/\/fr.lartisien.com\/blog\/decouvrez-il-sereno-lago-di-como\/","og_site_name":"Lartisien","article_published_time":"2022-08-16T08:00:00+00:00","article_modified_time":"2023-03-28T12:46:11+00:00","og_image":[{"width":1954,"height":1302,"url":"https:\/\/fr.lartisien.com\/blog\/wp-content\/uploads\/2022\/09\/ext-2.jpg","type":"image\/jpeg"}],"author":"seoworks_web","twitter_card":"summary_large_image","twitter_misc":{"Written by":"seoworks_web","Est. reading time":"4 minutes"},"schema":{"@context":"https:\/\/schema.org","@graph":[{"@type":"WebPage","@id":"https:\/\/fr.lartisien.com\/blog\/decouvrez-il-sereno-lago-di-como\/","url":"https:\/\/fr.lartisien.com\/blog\/decouvrez-il-sereno-lago-di-como\/","name":"D\u00e9couvrez Il Sereno Lago di Como, Italie | Lartisien","isPartOf":{"@id":"https:\/\/www.lartisien.com\/blog\/#website"},"datePublished":"2022-08-16T08:00:00+00:00","dateModified":"2023-03-28T12:46:11+00:00","author":{"@id":"https:\/\/www.lartisien.com\/blog\/#\/schema\/person\/2ed1f61b2f02db0e04a7a282c266e5fb"},"description":"Un v\u00e9ritable chef-d\u2019\u0153uvre contemporain sur les rives du lac de C\u00f4me, \u00e0 d\u00e9couvrir avec Lartisien. L'h\u00f4tel Il Sereno Lago di Como est l'une des adresses les plus romantiques d'Italie.","breadcrumb":{"@id":"https:\/\/fr.lartisien.com\/blog\/decouvrez-il-sereno-lago-di-como\/#breadcrumb"},"inLanguage":"fr-FR","potentialAction":[{"@type":"ReadAction","target":["https:\/\/fr.lartisien.com\/blog\/decouvrez-il-sereno-lago-di-como\/"]}]},{"@type":"BreadcrumbList","@id":"https:\/\/fr.lartisien.com\/blog\/decouvrez-il-sereno-lago-di-como\/#breadcrumb","itemListElement":[{"@type":"ListItem","position":1,"name":"Home","item":"https:\/\/fr.lartisien.com\/blog\/"},{"@type":"ListItem","position":2,"name":"D\u00e9couvrez Il Sereno Lago di Como en Italie"}]},{"@type":"WebSite","@id":"https:\/\/www.lartisien.com\/blog\/#website","url":"https:\/\/www.lartisien.com\/blog\/","name":"Lartisien","description":"Lartisien Blog","potentialAction":[{"@type":"SearchAction","target":{"@type":"EntryPoint","urlTemplate":"https:\/\/www.lartisien.com\/blog\/?s={search_term_string}"},"query-input":"required name=search_term_string"}],"inLanguage":"fr-FR"},{"@type":"Person","@id":"https:\/\/www.lartisien.com\/blog\/#\/schema\/person\/2ed1f61b2f02db0e04a7a282c266e5fb","name":"seoworks_web","image":{"@type":"ImageObject","inLanguage":"fr-FR","@id":"https:\/\/www.lartisien.com\/blog\/#\/schema\/person\/image\/","url":"https:\/\/secure.gravatar.com\/avatar\/317abccfb5b493f234451f32efc3cd33?s=96&d=mm&r=g","contentUrl":"https:\/\/secure.gravatar.com\/avatar\/317abccfb5b493f234451f32efc3cd33?s=96&d=mm&r=g","caption":"seoworks_web"},"url":"https:\/\/fr.lartisien.com\/blog\/author\/seoworks_web\/"}]}},"_links":{"self":[{"href":"https:\/\/fr.lartisien.com\/blog\/wp-json\/wp\/v2\/posts\/1353"}],"collection":[{"href":"https:\/\/fr.lartisien.com\/blog\/wp-json\/wp\/v2\/posts"}],"about":[{"href":"https:\/\/fr.lartisien.com\/blog\/wp-json\/wp\/v2\/types\/post"}],"author":[{"embeddable":true,"href":"https:\/\/fr.lartisien.com\/blog\/wp-json\/wp\/v2\/users\/8"}],"replies":[{"embeddable":true,"href":"https:\/\/fr.lartisien.com\/blog\/wp-json\/wp\/v2\/comments?post=1353"}],"version-history":[{"count":9,"href":"https:\/\/fr.lartisien.com\/blog\/wp-json\/wp\/v2\/posts\/1353\/revisions"}],"predecessor-version":[{"id":8513,"href":"https:\/\/fr.lartisien.com\/blog\/wp-json\/wp\/v2\/posts\/1353\/revisions\/8513"}],"wp:featuredmedia":[{"embeddable":true,"href":"https:\/\/fr.lartisien.com\/blog\/wp-json\/wp\/v2\/media\/666"}],"wp:attachment":[{"href":"https:\/\/fr.lartisien.com\/blog\/wp-json\/wp\/v2\/media?parent=1353"}],"wp:term":[{"taxonomy":"category","embeddable":true,"href":"https:\/\/fr.lartisien.com\/blog\/wp-json\/wp\/v2\/categories?post=1353"},{"taxonomy":"post_tag","embeddable":true,"href":"https:\/\/fr.lartisien.com\/blog\/wp-json\/wp\/v2\/tags?post=1353"},{"taxonomy":"location","embeddable":true,"href":"https:\/\/fr.lartisien.com\/blog\/wp-json\/wp\/v2\/location?post=1353"}],"curies":[{"name":"wp","href":"https:\/\/api.w.org\/{rel}","templated":true}]}}