{"id":1572,"date":"2022-09-13T08:00:00","date_gmt":"2022-09-13T08:00:00","guid":{"rendered":"https:\/\/www.lartisien.com\/blog\/decouvrez-lune-des-adresses-les-plus-exclusives-de-toute-la-france-airelles-chateau-de-versailles-le-grand-controle\/"},"modified":"2023-03-28T12:48:38","modified_gmt":"2023-03-28T12:48:38","slug":"decouvrez-lune-des-adresses-les-plus-exclusives-de-toute-la-france-airelles-chateau-de-versailles-le-grand-controle","status":"publish","type":"post","link":"https:\/\/fr.lartisien.com\/blog\/decouvrez-lune-des-adresses-les-plus-exclusives-de-toute-la-france-airelles-chateau-de-versailles-le-grand-controle\/","title":{"rendered":"D\u00e9couvrez l&#8217;h\u00f4tel Les Airelles Ch\u00e2teau de Versailles, Le Grand Contr\u00f4le"},"content":{"rendered":"\n<section class=\"introduction-paragraph-container\">\n    <p>Du r\u00e9veil authentique au festin royal pr\u00e9par\u00e9 par l&#8217;un des chefs les plus c\u00e9l\u00e8bres de France, <a href=\"https:\/\/fr.lartisien.com\/hotel\/airelles-chateau-de-versailles?cur=USD&amp;occ=a02\">l&#8217;Airelles Ch\u00e2teau de Versailles, Le Grand Contr\u00f4le<\/a> vous donne un aper\u00e7u de la vie de la royaut\u00e9 fran\u00e7aise au XVIIIe si\u00e8cle.<\/p>\n<\/section>\n\n\r\n<section class=\"image-grid image-grid-1 \">\r\n        <div class=\"image-container img-1\">\r\n        <picture class=\"img-1\">\n                <source srcset=\"https:\/\/fr.lartisien.com\/blog\/wp-content\/uploads\/2022\/09\/simon-champagne-9nXws2I_kgo-unsplash-1370x2048.jpg\" media=\"(min-width: 1400px)\">\n                <source srcset=\"https:\/\/fr.lartisien.com\/blog\/wp-content\/uploads\/2022\/09\/simon-champagne-9nXws2I_kgo-unsplash-1027x1536.jpg\" media=\"(min-width: 1000px)\">\n                <source srcset=\"https:\/\/fr.lartisien.com\/blog\/wp-content\/uploads\/2022\/09\/simon-champagne-9nXws2I_kgo-unsplash-685x1024.jpg\" media=\"(min-width: 600px)\">\n                <source srcset=\"https:\/\/fr.lartisien.com\/blog\/wp-content\/uploads\/2022\/09\/simon-champagne-9nXws2I_kgo-unsplash-768x1148.jpg\" media=\"(min-width: 100px)\">\n                <img decoding=\"async\" style=\"\" loading=\"lazy\" class=\"img-1\" src=\"https:\/\/fr.lartisien.com\/blog\/wp-content\/uploads\/2022\/09\/simon-champagne-9nXws2I_kgo-unsplash-685x1024.jpg\" alt=\"\" \/>\n            <\/picture>    <\/div>\r\n    <\/section>\r\n\n\n\n<h2>O\u00f9 se trouve l&#8217;h\u00f4tel Airelles Ch\u00e2teau de Versailles, Le Grand Contr\u00f4le ?<\/h2>\n\n\n\n<p>Le b\u00e2timent historique est situ\u00e9 dans le superbe parc du Ch\u00e2teau de Versailles, lui-m\u00eame au c\u0153ur de la r\u00e9gion \u00cele-de-France, l&#8217;un des sites les plus historiques de France.<\/p>\n\n\n\n<p>Surplombant les jardins de l&#8217;Orangerie et offrant des vues sur le palais embl\u00e9matique du roi Louis XIV, Le Grand Contr\u00f4le a \u00e9t\u00e9 con\u00e7u par l&#8217;architecte pr\u00e9f\u00e9r\u00e9 du roi, Jules Hardouin-Mansart, qui a insuffl\u00e9 au b\u00e2timent tout le panache et le style du Paris du XVIIIe si\u00e8cle.<\/p>\n\n\n\n<p>Construit \u00e0 l&#8217;origine pour le duc de Beauvilliers, qui \u00e9tait un fonctionnaire du gouvernement ainsi que le premier gentilhomme de la chambre du roi (une position qui donnait au duc le pouvoir de superviser les domestiques et l&#8217;entourage imm\u00e9diat du roi), le Grand Contr\u00f4le sera vendu en 1723 au roi Louis XV, qui l&#8217;annexera au domaine officiel du ch\u00e2teau et en fera la r\u00e9sidence de son ministre des Finances, Jacques Necker.<\/p>\n\n\n\r\n<section class=\"image-grid image-grid-2 sixty-forty-grid\">\r\n        <div class=\"image-container img-1\">\r\n        <picture class=\"img-1\">\n                <source srcset=\"https:\/\/fr.lartisien.com\/blog\/wp-content\/uploads\/2022\/11\/Untitled-12-1024x683-1.png\" media=\"(min-width: 1400px)\">\n                <source srcset=\"https:\/\/fr.lartisien.com\/blog\/wp-content\/uploads\/2022\/11\/Untitled-12-1024x683-1.png\" media=\"(min-width: 1000px)\">\n                <source srcset=\"https:\/\/fr.lartisien.com\/blog\/wp-content\/uploads\/2022\/11\/Untitled-12-1024x683-1.png\" media=\"(min-width: 600px)\">\n                <source srcset=\"https:\/\/fr.lartisien.com\/blog\/wp-content\/uploads\/2022\/11\/Untitled-12-1024x683-1-768x512.png\" media=\"(min-width: 100px)\">\n                <img decoding=\"async\" style=\"\" loading=\"lazy\" class=\"img-1\" src=\"https:\/\/fr.lartisien.com\/blog\/wp-content\/uploads\/2022\/11\/Untitled-12-1024x683-1.png\" alt=\"\" \/>\n            <\/picture>    <\/div>\r\n        <div class=\"image-container img-2\">\r\n        <picture class=\"img-2\">\n                <source srcset=\"https:\/\/fr.lartisien.com\/blog\/wp-content\/uploads\/2022\/09\/elena-rabkina-rSUnleCRZ78-unsplash-1536x2048.jpg\" media=\"(min-width: 1400px)\">\n                <source srcset=\"https:\/\/fr.lartisien.com\/blog\/wp-content\/uploads\/2022\/09\/elena-rabkina-rSUnleCRZ78-unsplash-1152x1536.jpg\" media=\"(min-width: 1000px)\">\n                <source srcset=\"https:\/\/fr.lartisien.com\/blog\/wp-content\/uploads\/2022\/09\/elena-rabkina-rSUnleCRZ78-unsplash-768x1024.jpg\" media=\"(min-width: 600px)\">\n                <source srcset=\"https:\/\/fr.lartisien.com\/blog\/wp-content\/uploads\/2022\/09\/elena-rabkina-rSUnleCRZ78-unsplash-768x1024.jpg\" media=\"(min-width: 100px)\">\n                <img decoding=\"async\" style=\"\" loading=\"lazy\" class=\"img-2\" src=\"https:\/\/fr.lartisien.com\/blog\/wp-content\/uploads\/2022\/09\/elena-rabkina-rSUnleCRZ78-unsplash-768x1024.jpg\" alt=\"\" \/>\n            <\/picture>    <\/div>\r\n    <\/section>\r\n\n\n\n<h2>Ambiance et style luxueux<\/h2>\n\n\n\n<p>Bien que Le Grand Contr\u00f4le ait vu le jour dans les ann\u00e9es 1680, le b\u00e2timent est rest\u00e9 une ic\u00f4ne de l&#8217;architecture et de l&#8217;esth\u00e9tique fran\u00e7aises \u00e0 travers les si\u00e8cles. Dot\u00e9 d&#8217;un ext\u00e9rieur en pierre impressionnant qui abritait un int\u00e9rieur baroque fait notamment de marbre, de sculptures, de peintures en stuc et de lustres en cristal suspendus \u00e0 des plafonds lacunaires, Le Grand Contr\u00f4le a fini par se d\u00e9labrer, sans toutefois \u00eatre compl\u00e8tement abandonn\u00e9.<\/p>\n\n\n\n<p>C&#8217;est en 2016 que le b\u00e2timent a finalement trouv\u00e9 une nouvelle vocation. Apr\u00e8s une intense guerre d&#8217;ench\u00e8res, le groupe Airelles, une filiale de LOV Hotel Collection, a finalement d\u00e9croch\u00e9 le contrat. Quatre ans et 48 millions de dollars plus tard, Le Grand Contr\u00f4le est revenu sur le devant de la sc\u00e8ne, arborant sa gloire d&#8217;antan et allant m\u00eame au-del\u00e0.<\/p>\n\n\n\n<p>La raison pour laquelle les Airelles ont remport\u00e9 le march\u00e9 est finalement tr\u00e8s simple : contrairement \u00e0 tous les autres groupes, ils voulaient restaurer Le Grand Contr\u00f4le tel qu&#8217;il \u00e9tait au XVIIIe si\u00e8cle, et faire d\u00e9couvrir au monde sa beaut\u00e9 inh\u00e9rente.<\/p>\n\n\n\r\n<section class=\"image-grid image-grid-2 \">\r\n        <div class=\"image-container img-1\">\r\n        <picture class=\"img-1\">\n                <source srcset=\"https:\/\/fr.lartisien.com\/blog\/wp-content\/uploads\/2022\/09\/101132-root-interiors-corridors-1638x2048.jpeg\" media=\"(min-width: 1400px)\">\n                <source srcset=\"https:\/\/fr.lartisien.com\/blog\/wp-content\/uploads\/2022\/09\/101132-root-interiors-corridors-1229x1536.jpeg\" media=\"(min-width: 1000px)\">\n                <source srcset=\"https:\/\/fr.lartisien.com\/blog\/wp-content\/uploads\/2022\/09\/101132-root-interiors-corridors-819x1024.jpeg\" media=\"(min-width: 600px)\">\n                <source srcset=\"https:\/\/fr.lartisien.com\/blog\/wp-content\/uploads\/2022\/09\/101132-root-interiors-corridors-768x960.jpeg\" media=\"(min-width: 100px)\">\n                <img decoding=\"async\" style=\"\" loading=\"lazy\" class=\"img-1\" src=\"https:\/\/fr.lartisien.com\/blog\/wp-content\/uploads\/2022\/09\/101132-root-interiors-corridors-819x1024.jpeg\" alt=\"\" \/>\n            <\/picture>    <\/div>\r\n        <div class=\"image-container img-2\">\r\n        <picture class=\"img-2\">\n                <source srcset=\"https:\/\/fr.lartisien.com\/blog\/wp-content\/uploads\/2022\/09\/101173-root-building-and-property-interiors.jpg\" media=\"(min-width: 1400px)\">\n                <source srcset=\"https:\/\/fr.lartisien.com\/blog\/wp-content\/uploads\/2022\/09\/101173-root-building-and-property-interiors.jpg\" media=\"(min-width: 1000px)\">\n                <source srcset=\"https:\/\/fr.lartisien.com\/blog\/wp-content\/uploads\/2022\/09\/101173-root-building-and-property-interiors.jpg\" media=\"(min-width: 600px)\">\n                <source srcset=\"https:\/\/fr.lartisien.com\/blog\/wp-content\/uploads\/2022\/09\/101173-root-building-and-property-interiors.jpg\" media=\"(min-width: 100px)\">\n                <img decoding=\"async\" style=\"\" loading=\"lazy\" class=\"img-2\" src=\"https:\/\/fr.lartisien.com\/blog\/wp-content\/uploads\/2022\/09\/101173-root-building-and-property-interiors.jpg\" alt=\"\" \/>\n            <\/picture>    <\/div>\r\n    <\/section>\r\n\n\n\n<p>Le Grand Contr\u00f4le a \u00e9t\u00e9 minutieusement restaur\u00e9 tel qu\u2019il existait en 1782, sa plus belle \u00e9poque, qui a \u00e9t\u00e9 l\u2019influence principale de l&#8217;architecte d&#8217;int\u00e9rieur Christophe Tollemer. Ce dernier a en effet tout mis en \u0153uvre pour que l&#8217;adresse conserve autant que possible sa beaut\u00e9 d&#8217;origine.<\/p>\n\n\n\n<p>Le r\u00e9sultat est un v\u00e9ritable voyage dans le temps, puisque les invit\u00e9s peuvent p\u00e9n\u00e9trer dans un d\u00e9cor qui les transporte imm\u00e9diatement dans la France du XVIIIe si\u00e8cle. Les escaliers en bois dur, avec leur rampe en fer forg\u00e9 et ses accents dor\u00e9s, les cand\u00e9labres sur chaque palier, les tableaux d&#8217;\u00e9poque accroch\u00e9s aux murs couleur sable, les meubles en velours et les plateaux en granit contrastant avec les murs \u00e0 la fran\u00e7aise blanc cass\u00e9 et or dans les parties communes&#8230; le lieu semble ressurgir du pass\u00e9.<\/p>\n\n\n\n<h2>Chambres et suites de l&#8217;h\u00f4tel Airelles Ch\u00e2teau de Versailles, Le Grand Contr\u00f4le<\/h2>\n\n\n\n<p>Avec ses 11 chambres, ses 2 suites signature et son appartement, portant tous le nom d&#8217;un personnage ou d&#8217;un \u00e9l\u00e9ment important de la cour de Versailles, Le Grand Contr\u00f4le invite ses clients \u00e0 vivre un s\u00e9jour digne de la royaut\u00e9.<\/p>\n\n\n\r\n<section class=\"image-grid image-grid-1 \">\r\n        <div class=\"image-container img-1\">\r\n        <picture class=\"img-1\">\n                <source srcset=\"https:\/\/fr.lartisien.com\/blog\/wp-content\/uploads\/2022\/09\/101134-root-madame-de-fouquet-main-bedroom-1024x683-1.jpg\" media=\"(min-width: 1400px)\">\n                <source srcset=\"https:\/\/fr.lartisien.com\/blog\/wp-content\/uploads\/2022\/09\/101134-root-madame-de-fouquet-main-bedroom-1024x683-1.jpg\" media=\"(min-width: 1000px)\">\n                <source srcset=\"https:\/\/fr.lartisien.com\/blog\/wp-content\/uploads\/2022\/09\/101134-root-madame-de-fouquet-main-bedroom-1024x683-1.jpg\" media=\"(min-width: 600px)\">\n                <source srcset=\"https:\/\/fr.lartisien.com\/blog\/wp-content\/uploads\/2022\/09\/101134-root-madame-de-fouquet-main-bedroom-1024x683-1-768x512.jpg\" media=\"(min-width: 100px)\">\n                <img decoding=\"async\" style=\"\" loading=\"lazy\" class=\"img-1\" src=\"https:\/\/fr.lartisien.com\/blog\/wp-content\/uploads\/2022\/09\/101134-root-madame-de-fouquet-main-bedroom-1024x683-1.jpg\" alt=\"\" \/>\n            <\/picture>    <\/div>\r\n    <\/section>\r\n\n\n\n<p>En faisant appel aux artisans les plus experts de France, le Grand Contr\u00f4le s&#8217;est donn\u00e9 pour mission de cr\u00e9er des chambres parfaites, une entreprise unique en son genre. Des noms et des marques c\u00e9l\u00e8bres du secteur, comme la Maison Pierre Frey pour les tissus et Tr\u00e9ca pour les matelas, ont collabor\u00e9 pour faire revivre chaque centim\u00e8tre du Grand Contr\u00f4le, tout en offrant un confort incroyable.<\/p>\n\n\n\r\n<section class=\"image-grid image-grid-2 forty-sixty-grid\">\r\n        <div class=\"image-container img-1\">\r\n        <picture class=\"img-1\">\n                <source srcset=\"https:\/\/fr.lartisien.com\/blog\/wp-content\/uploads\/2022\/09\/101144-root-suite-marquis-de-fouquet-main-bedroom-1024x683-1.jpg\" media=\"(min-width: 1400px)\">\n                <source srcset=\"https:\/\/fr.lartisien.com\/blog\/wp-content\/uploads\/2022\/09\/101144-root-suite-marquis-de-fouquet-main-bedroom-1024x683-1.jpg\" media=\"(min-width: 1000px)\">\n                <source srcset=\"https:\/\/fr.lartisien.com\/blog\/wp-content\/uploads\/2022\/09\/101144-root-suite-marquis-de-fouquet-main-bedroom-1024x683-1.jpg\" media=\"(min-width: 600px)\">\n                <source srcset=\"https:\/\/fr.lartisien.com\/blog\/wp-content\/uploads\/2022\/09\/101144-root-suite-marquis-de-fouquet-main-bedroom-1024x683-1-768x512.jpg\" media=\"(min-width: 100px)\">\n                <img decoding=\"async\" style=\"\" loading=\"lazy\" class=\"img-1\" src=\"https:\/\/fr.lartisien.com\/blog\/wp-content\/uploads\/2022\/09\/101144-root-suite-marquis-de-fouquet-main-bedroom-1024x683-1.jpg\" alt=\"\" \/>\n            <\/picture>    <\/div>\r\n        <div class=\"image-container img-2\">\r\n        <picture class=\"img-2\">\n                <source srcset=\"https:\/\/fr.lartisien.com\/blog\/wp-content\/uploads\/2022\/09\/101135-root-madame-de-fouquet-bathroom-1638x2048.jpg\" media=\"(min-width: 1400px)\">\n                <source srcset=\"https:\/\/fr.lartisien.com\/blog\/wp-content\/uploads\/2022\/09\/101135-root-madame-de-fouquet-bathroom-1229x1536.jpg\" media=\"(min-width: 1000px)\">\n                <source srcset=\"https:\/\/fr.lartisien.com\/blog\/wp-content\/uploads\/2022\/09\/101135-root-madame-de-fouquet-bathroom-819x1024.jpg\" media=\"(min-width: 600px)\">\n                <source srcset=\"https:\/\/fr.lartisien.com\/blog\/wp-content\/uploads\/2022\/09\/101135-root-madame-de-fouquet-bathroom-768x960.jpg\" media=\"(min-width: 100px)\">\n                <img decoding=\"async\" style=\"\" loading=\"lazy\" class=\"img-2\" src=\"https:\/\/fr.lartisien.com\/blog\/wp-content\/uploads\/2022\/09\/101135-root-madame-de-fouquet-bathroom-819x1024.jpg\" alt=\"\" \/>\n            <\/picture>    <\/div>\r\n    <\/section>\r\n\n\n\n<p>Par exemple, la suite Necker pr\u00e9sente des rideaux dont les tissus portent les m\u00eames motifs que ceux utilis\u00e9s \u00e0 l&#8217;origine au XVIIIe si\u00e8cle, tandis que la suite Marquis de Fouquet est orn\u00e9e d\u2019un papier peint inspir\u00e9 des motifs monochromes d&#8217;un jupon du XVIIIe si\u00e8cle.<\/p>\n\n\n\n<p>Outre la chemin\u00e9e en marbre, le parquet hongrois au sol et les papiers peints \u00e0 motifs floraux, les chambres comportent \u00e9galement une quantit\u00e9 impressionnante de meubles, d&#8217;\u0153uvres d&#8217;art et d&#8217;objets d&#8217;\u00e9poque authentiques, qui rendent l&#8217;exp\u00e9rience encore plus immersive.<\/p>\n\n\n\r\n<section class=\"image-grid image-grid-1 \">\r\n        <div class=\"image-container img-1\">\r\n        <picture class=\"img-1\">\n                <source srcset=\"https:\/\/fr.lartisien.com\/blog\/wp-content\/uploads\/2022\/09\/101147-root-suite-necker-main-bedroom-1024x683-1.jpg\" media=\"(min-width: 1400px)\">\n                <source srcset=\"https:\/\/fr.lartisien.com\/blog\/wp-content\/uploads\/2022\/09\/101147-root-suite-necker-main-bedroom-1024x683-1.jpg\" media=\"(min-width: 1000px)\">\n                <source srcset=\"https:\/\/fr.lartisien.com\/blog\/wp-content\/uploads\/2022\/09\/101147-root-suite-necker-main-bedroom-1024x683-1.jpg\" media=\"(min-width: 600px)\">\n                <source srcset=\"https:\/\/fr.lartisien.com\/blog\/wp-content\/uploads\/2022\/09\/101147-root-suite-necker-main-bedroom-1024x683-1-768x512.jpg\" media=\"(min-width: 100px)\">\n                <img decoding=\"async\" style=\"\" loading=\"lazy\" class=\"img-1\" src=\"https:\/\/fr.lartisien.com\/blog\/wp-content\/uploads\/2022\/09\/101147-root-suite-necker-main-bedroom-1024x683-1.jpg\" alt=\"\" \/>\n            <\/picture>    <\/div>\r\n    <\/section>\r\n\n\n\n<h2>Profitez d\u2019un festin de roi \u00e0 l&#8217;h\u00f4tel Airelles Ch\u00e2teau de Versailles, Le Grand Contr\u00f4le<\/h2>\n\n\n\n<p>Sous la houlette de l&#8217;un des noms les plus c\u00e9l\u00e8bres de l&#8217;histoire de la cuisine fran\u00e7aise, l&#8217;Airelles Ch\u00e2teau de Versailles, Le Grand Contr\u00f4le s&#8217;enorgueillit de l&#8217;incroyable talent du chef \u00e9toil\u00e9 Alain Ducasse et de son \u00e9quipe.<\/p>\n\n\n\n<p>Puisant notamment son inspiration dans les classiques de la cuisine fran\u00e7aise qui figuraient souvent au menu de la cour, le restaurant du Grand Contr\u00f4le vous donne l&#8217;impression de d\u00eener \u00e0 une autre \u00e9poque.<\/p>\n\n\n\n<p>Bien que le d\u00e9jeuner et le \u00ab tea time \u00bb (con\u00e7u par le chef Ducasse pour refl\u00e9ter les go\u00fbts de la reine Marie-Antoinette) soient d\u00e9j\u00e0 impressionnants, c&#8217;est le d\u00eener qui est le point culminant de l&#8217;exp\u00e9rience.<\/p>\n\n\n\r\n<section class=\"image-grid image-grid-2 sixty-forty-grid\">\r\n        <div class=\"image-container img-1\">\r\n        <picture class=\"img-1\">\n                <source srcset=\"https:\/\/fr.lartisien.com\/blog\/wp-content\/uploads\/2022\/09\/101196-root-alain-ducasse-au-grand-controle-chateau-de-versailles-dining-room-1024x683-1.jpg\" media=\"(min-width: 1400px)\">\n                <source srcset=\"https:\/\/fr.lartisien.com\/blog\/wp-content\/uploads\/2022\/09\/101196-root-alain-ducasse-au-grand-controle-chateau-de-versailles-dining-room-1024x683-1.jpg\" media=\"(min-width: 1000px)\">\n                <source srcset=\"https:\/\/fr.lartisien.com\/blog\/wp-content\/uploads\/2022\/09\/101196-root-alain-ducasse-au-grand-controle-chateau-de-versailles-dining-room-1024x683-1.jpg\" media=\"(min-width: 600px)\">\n                <source srcset=\"https:\/\/fr.lartisien.com\/blog\/wp-content\/uploads\/2022\/09\/101196-root-alain-ducasse-au-grand-controle-chateau-de-versailles-dining-room-1024x683-1-768x512.jpg\" media=\"(min-width: 100px)\">\n                <img decoding=\"async\" style=\"\" loading=\"lazy\" class=\"img-1\" src=\"https:\/\/fr.lartisien.com\/blog\/wp-content\/uploads\/2022\/09\/101196-root-alain-ducasse-au-grand-controle-chateau-de-versailles-dining-room-1024x683-1.jpg\" alt=\"\" \/>\n            <\/picture>    <\/div>\r\n        <div class=\"image-container img-2\">\r\n        <picture class=\"img-2\">\n                <source srcset=\"https:\/\/fr.lartisien.com\/blog\/wp-content\/uploads\/2022\/09\/101192-root-alain-ducasse-au-grand-controle-chateau-de-versailles-private-dining-1638x2048.jpeg\" media=\"(min-width: 1400px)\">\n                <source srcset=\"https:\/\/fr.lartisien.com\/blog\/wp-content\/uploads\/2022\/09\/101192-root-alain-ducasse-au-grand-controle-chateau-de-versailles-private-dining-1229x1536.jpeg\" media=\"(min-width: 1000px)\">\n                <source srcset=\"https:\/\/fr.lartisien.com\/blog\/wp-content\/uploads\/2022\/09\/101192-root-alain-ducasse-au-grand-controle-chateau-de-versailles-private-dining-819x1024.jpeg\" media=\"(min-width: 600px)\">\n                <source srcset=\"https:\/\/fr.lartisien.com\/blog\/wp-content\/uploads\/2022\/09\/101192-root-alain-ducasse-au-grand-controle-chateau-de-versailles-private-dining-768x960.jpeg\" media=\"(min-width: 100px)\">\n                <img decoding=\"async\" style=\"\" loading=\"lazy\" class=\"img-2\" src=\"https:\/\/fr.lartisien.com\/blog\/wp-content\/uploads\/2022\/09\/101192-root-alain-ducasse-au-grand-controle-chateau-de-versailles-private-dining-819x1024.jpeg\" alt=\"\" \/>\n            <\/picture>    <\/div>\r\n    <\/section>\r\n\n\n\n<p>V\u00e9ritable mise en sc\u00e8ne de l&#8217;art culinaire, pour le d\u00eener de l\u2019h\u00f4tel Airelles Ch\u00e2teau de Versailles, Le Grand Contr\u00f4le les lumi\u00e8res sont tamis\u00e9es et les bougies allum\u00e9es d\u00e8s le coucher du soleil. Dans ce cadre atmosph\u00e9rique intime et confortable, les clients assistent \u00e0 un ballet de serveurs v\u00eatus de costumes d&#8217;\u00e9poque amenant chaque plat dans la salle \u00e0 manger. Pendant ce temps, le chef sommelier fait le tour des tables et conseille les clients sur le vin de la cave de l&#8217;h\u00f4tel qui accompagnera le mieux leur plat.<\/p>\n\n\n\n<h2>Bien-\u00eatre et exp\u00e9riences \u00e0 l\u2019h\u00f4tel Airelles Ch\u00e2teau de Versailles, Le Grand Contr\u00f4le<\/h2>\n\n\n\n<p>Pour agr\u00e9menter l&#8217;exp\u00e9rience unique que repr\u00e9sente un s\u00e9jour dans l&#8217;une des adresses les plus embl\u00e9matiques de France, Le Grand Contr\u00f4le a fait appel au savoir-faire de la c\u00e9l\u00e8bre marque suisse Valmont.<\/p>\n\n\n\n<p>Le Spa \u00e0 Versailles accueille ses clients dans un espace nich\u00e9 au c\u0153ur de l&#8217;h\u00f4tel, o\u00f9 les murs de briques rouges anciennes sont orn\u00e9s de bustes en marbre et de luminaires r\u00e9tro, ainsi que d&#8217;un magnifique lustre dor\u00e9, suspendu juste au-dessus de la piscine de 15 m\u00e8tres.<\/p>\n\n\n\r\n<section class=\"image-grid image-grid-2 forty-sixty-grid\">\r\n        <div class=\"image-container img-1\">\r\n        <picture class=\"img-1\">\n                <source srcset=\"https:\/\/fr.lartisien.com\/blog\/wp-content\/uploads\/2022\/09\/101174-root-pool-indoor-pool-1024x683-1.jpg\" media=\"(min-width: 1400px)\">\n                <source srcset=\"https:\/\/fr.lartisien.com\/blog\/wp-content\/uploads\/2022\/09\/101174-root-pool-indoor-pool-1024x683-1.jpg\" media=\"(min-width: 1000px)\">\n                <source srcset=\"https:\/\/fr.lartisien.com\/blog\/wp-content\/uploads\/2022\/09\/101174-root-pool-indoor-pool-1024x683-1.jpg\" media=\"(min-width: 600px)\">\n                <source srcset=\"https:\/\/fr.lartisien.com\/blog\/wp-content\/uploads\/2022\/09\/101174-root-pool-indoor-pool-1024x683-1-768x512.jpg\" media=\"(min-width: 100px)\">\n                <img decoding=\"async\" style=\"\" loading=\"lazy\" class=\"img-1\" src=\"https:\/\/fr.lartisien.com\/blog\/wp-content\/uploads\/2022\/09\/101174-root-pool-indoor-pool-1024x683-1.jpg\" alt=\"\" \/>\n            <\/picture>    <\/div>\r\n        <div class=\"image-container img-2\">\r\n        <picture class=\"img-2\">\n                <source srcset=\"https:\/\/fr.lartisien.com\/blog\/wp-content\/uploads\/2022\/09\/101179-root-spa-treatment-room-1638x2048.jpg\" media=\"(min-width: 1400px)\">\n                <source srcset=\"https:\/\/fr.lartisien.com\/blog\/wp-content\/uploads\/2022\/09\/101179-root-spa-treatment-room-1229x1536.jpg\" media=\"(min-width: 1000px)\">\n                <source srcset=\"https:\/\/fr.lartisien.com\/blog\/wp-content\/uploads\/2022\/09\/101179-root-spa-treatment-room-819x1024.jpg\" media=\"(min-width: 600px)\">\n                <source srcset=\"https:\/\/fr.lartisien.com\/blog\/wp-content\/uploads\/2022\/09\/101179-root-spa-treatment-room-768x960.jpg\" media=\"(min-width: 100px)\">\n                <img decoding=\"async\" style=\"\" loading=\"lazy\" class=\"img-2\" src=\"https:\/\/fr.lartisien.com\/blog\/wp-content\/uploads\/2022\/09\/101179-root-spa-treatment-room-819x1024.jpg\" alt=\"\" \/>\n            <\/picture>    <\/div>\r\n    <\/section>\r\n\n\n\n<p>Tranquille et apaisant, le Spa offre l&#8217;atmosph\u00e8re intime de deux suites de soins, la Marie-Antoinette et la Gabrielle, o\u00f9 les clients peuvent profiter de la gamme de soins et de massages signature disponibles, tels que le Miroir Majestueux (un soin du visage sp\u00e9cialement con\u00e7u par Valmont pour Le Grand Contr\u00f4le) et le Roi Soleil, un traitement holistique pour les sens.<\/p>\n\n\n\n<p>Enfin, bien s\u00fbr, lorsque vous s\u00e9journez au Grand Contr\u00f4le, le ch\u00e2teau de Versailles lui-m\u00eame fait partie de l\u2019exp\u00e9rience \u00e0 part enti\u00e8re. C&#8217;est pourquoi les clients de l&#8217;h\u00f4tel ont acc\u00e8s au magnifique palais, \u00e0 savoir aux Appartements du roi et de la reine, qui sont rarement accessibles au public, puis \u00e0 la galerie des Glaces. Pour rendre l\u2019exp\u00e9rience encore plus sp\u00e9ciale, c&#8217;est une fois que le ch\u00e2teau est ferm\u00e9 pour la journ\u00e9e et que le public est parti que les clients peuvent les visiter, ce qui leur donne la chance d&#8217;en profiter seuls.<\/p>\n\n\n\n<h2>Ce que nous aimons :<\/h2>\n\n\n\n<ul>\n<li>Les vues extraordinaires sur le ch\u00e2teau de Versailles, ainsi que l&#8217;un des endroits les plus charmants du domaine, l&#8217;Orangerie.<\/li>\n\n\n\n<li>D&#8217;une rare \u00e9l\u00e9gance, le d\u00e9cor a \u00e9t\u00e9 r\u00e9alis\u00e9 gr\u00e2ce \u00e0 la collaboration de divers artisans fran\u00e7ais incroyables.<\/li>\n\n\n\n<li>L&#8217;acc\u00e8s au ch\u00e2teau en dehors des heures d&#8217;ouverture, quand il est ferm\u00e9 pour la journ\u00e9e et tous les visiteurs sont partis.<\/li>\n<\/ul>\n\n\n<section class=\"important-information\">\r\n    <p class=\"p--4 important-information-header\">Airelles Ch\u00e2teau de Versailles, Le Grand Contr\u00f4le<\/p>\r\n    <div class=\"p--5 important-information-content\"><p><em><strong>Adresse :<\/strong> 12, rue de l&#8217;Ind\u00e9pendance Am\u00e9ricaine, 78000 Versailles, France<\/em><\/p>\n<p><em><strong>P\u00e9riode d&#8217;ouverture :<\/strong> toutes saisons<\/em><\/p>\n<\/div>\r\n<\/section>\n\n\r\n<section class=\"highlighted-text-container\">\r\n    <div class=\"highlighted-text-inner\">\r\n                <div class=\"highlighted-text-content\">\r\n            <p>R\u00e9servez votre s\u00e9jour \u00e0 <a href=\"https:\/\/fr.lartisien.com\/hotel\/airelles-chateau-de-versailles?cur=USD&amp;occ=a02\" target=\"_blank\" rel=\"noreferrer noopener\">l\u2019h\u00f4tel Airelles Ch\u00e2teau de Versailles<\/a>, Le Grand Contr\u00f4le avec Lartisien ! Consultez le site internet de Lartisien ou <a href=\"https:\/\/fr.lartisien.com\/contact-us?cur=GBP\" target=\"_blank\" rel=\"noreferrer noopener\">contactez notre \u00e9quipe de GEM d\u00e9di\u00e9s<\/a>,qui pourront vous aider dans votre r\u00e9servation.<\/p>\n        <\/div>\r\n            <\/div>\r\n<\/section>","protected":false},"excerpt":{"rendered":"O\u00f9 se trouve l&#8217;h\u00f4tel Airelles Ch\u00e2teau de Versailles, Le Grand Contr\u00f4le ? Le b\u00e2timent historique est situ\u00e9 dans le superbe parc du Ch\u00e2teau de Versailles, lui-m\u00eame au c\u0153ur de la r\u00e9gion \u00cele-de-France, l&#8217;un des sites les plus historiques de France. Surplombant les jardins de l&#8217;Orangerie et offrant des vues sur le palais embl\u00e9matique du roi&#8230;","protected":false},"author":8,"featured_media":2564,"comment_status":"open","ping_status":"open","sticky":false,"template":"","format":"standard","meta":{"inline_featured_image":false},"categories":[66],"tags":[],"location":[79],"acf":[],"yoast_head":"<!-- This site is optimized with the Yoast SEO plugin v20.0 - https:\/\/yoast.com\/wordpress\/plugins\/seo\/ -->\n<title>D\u00e9couvrez l&#039;Airelles Versailles, Le Grand Contr\u00f4le | Lartisien<\/title>\n<meta name=\"description\" content=\"Cet h\u00f4tel historique est situ\u00e9 sur les terres du Ch\u00e2teau de Versailles, un lieu fabuleux \u00e0 seulement 45 minutes de Paris. D\u00e9couvrez-en plus ici\" \/>\n<meta name=\"robots\" content=\"index, follow, max-snippet:-1, max-image-preview:large, max-video-preview:-1\" \/>\n<link rel=\"canonical\" href=\"https:\/\/fr.lartisien.com\/blog\/decouvrez-lune-des-adresses-les-plus-exclusives-de-toute-la-france-airelles-chateau-de-versailles-le-grand-controle\/\" \/>\n<meta property=\"og:locale\" content=\"fr_FR\" \/>\n<meta property=\"og:type\" content=\"article\" \/>\n<meta property=\"og:title\" content=\"D\u00e9couvrez l&#039;Airelles Versailles, Le Grand Contr\u00f4le | Lartisien\" \/>\n<meta property=\"og:description\" content=\"Cet h\u00f4tel historique est situ\u00e9 sur les terres du Ch\u00e2teau de Versailles, un lieu fabuleux \u00e0 seulement 45 minutes de Paris. D\u00e9couvrez-en plus ici\" \/>\n<meta property=\"og:url\" content=\"https:\/\/fr.lartisien.com\/blog\/decouvrez-lune-des-adresses-les-plus-exclusives-de-toute-la-france-airelles-chateau-de-versailles-le-grand-controle\/\" \/>\n<meta property=\"og:site_name\" content=\"Lartisien\" \/>\n<meta property=\"article:published_time\" content=\"2022-09-13T08:00:00+00:00\" \/>\n<meta property=\"article:modified_time\" content=\"2023-03-28T12:48:38+00:00\" \/>\n<meta property=\"og:image\" content=\"https:\/\/fr.lartisien.com\/blog\/wp-content\/uploads\/2022\/09\/Airelles-scaled.jpg\" \/>\n\t<meta property=\"og:image:width\" content=\"2560\" \/>\n\t<meta property=\"og:image:height\" content=\"1706\" \/>\n\t<meta property=\"og:image:type\" content=\"image\/jpeg\" \/>\n<meta name=\"author\" content=\"seoworks_web\" \/>\n<meta name=\"twitter:card\" content=\"summary_large_image\" \/>\n<meta name=\"twitter:label1\" content=\"Written by\" \/>\n\t<meta name=\"twitter:data1\" content=\"seoworks_web\" \/>\n\t<meta name=\"twitter:label2\" content=\"Est. reading time\" \/>\n\t<meta name=\"twitter:data2\" content=\"6 minutes\" \/>\n<script type=\"application\/ld+json\" class=\"yoast-schema-graph\">{\"@context\":\"https:\/\/schema.org\",\"@graph\":[{\"@type\":\"WebPage\",\"@id\":\"https:\/\/fr.lartisien.com\/blog\/decouvrez-lune-des-adresses-les-plus-exclusives-de-toute-la-france-airelles-chateau-de-versailles-le-grand-controle\/\",\"url\":\"https:\/\/fr.lartisien.com\/blog\/decouvrez-lune-des-adresses-les-plus-exclusives-de-toute-la-france-airelles-chateau-de-versailles-le-grand-controle\/\",\"name\":\"D\u00e9couvrez l'Airelles Versailles, Le Grand Contr\u00f4le | Lartisien\",\"isPartOf\":{\"@id\":\"https:\/\/www.lartisien.com\/blog\/#website\"},\"datePublished\":\"2022-09-13T08:00:00+00:00\",\"dateModified\":\"2023-03-28T12:48:38+00:00\",\"author\":{\"@id\":\"https:\/\/www.lartisien.com\/blog\/#\/schema\/person\/2ed1f61b2f02db0e04a7a282c266e5fb\"},\"description\":\"Cet h\u00f4tel historique est situ\u00e9 sur les terres du Ch\u00e2teau de Versailles, un lieu fabuleux \u00e0 seulement 45 minutes de Paris. D\u00e9couvrez-en plus ici\",\"breadcrumb\":{\"@id\":\"https:\/\/fr.lartisien.com\/blog\/decouvrez-lune-des-adresses-les-plus-exclusives-de-toute-la-france-airelles-chateau-de-versailles-le-grand-controle\/#breadcrumb\"},\"inLanguage\":\"fr-FR\",\"potentialAction\":[{\"@type\":\"ReadAction\",\"target\":[\"https:\/\/fr.lartisien.com\/blog\/decouvrez-lune-des-adresses-les-plus-exclusives-de-toute-la-france-airelles-chateau-de-versailles-le-grand-controle\/\"]}]},{\"@type\":\"BreadcrumbList\",\"@id\":\"https:\/\/fr.lartisien.com\/blog\/decouvrez-lune-des-adresses-les-plus-exclusives-de-toute-la-france-airelles-chateau-de-versailles-le-grand-controle\/#breadcrumb\",\"itemListElement\":[{\"@type\":\"ListItem\",\"position\":1,\"name\":\"Home\",\"item\":\"https:\/\/fr.lartisien.com\/blog\/\"},{\"@type\":\"ListItem\",\"position\":2,\"name\":\"D\u00e9couvrez l&#8217;h\u00f4tel Les Airelles Ch\u00e2teau de Versailles, Le Grand Contr\u00f4le\"}]},{\"@type\":\"WebSite\",\"@id\":\"https:\/\/www.lartisien.com\/blog\/#website\",\"url\":\"https:\/\/www.lartisien.com\/blog\/\",\"name\":\"Lartisien\",\"description\":\"Lartisien Blog\",\"potentialAction\":[{\"@type\":\"SearchAction\",\"target\":{\"@type\":\"EntryPoint\",\"urlTemplate\":\"https:\/\/www.lartisien.com\/blog\/?s={search_term_string}\"},\"query-input\":\"required name=search_term_string\"}],\"inLanguage\":\"fr-FR\"},{\"@type\":\"Person\",\"@id\":\"https:\/\/www.lartisien.com\/blog\/#\/schema\/person\/2ed1f61b2f02db0e04a7a282c266e5fb\",\"name\":\"seoworks_web\",\"image\":{\"@type\":\"ImageObject\",\"inLanguage\":\"fr-FR\",\"@id\":\"https:\/\/www.lartisien.com\/blog\/#\/schema\/person\/image\/\",\"url\":\"https:\/\/secure.gravatar.com\/avatar\/317abccfb5b493f234451f32efc3cd33?s=96&d=mm&r=g\",\"contentUrl\":\"https:\/\/secure.gravatar.com\/avatar\/317abccfb5b493f234451f32efc3cd33?s=96&d=mm&r=g\",\"caption\":\"seoworks_web\"},\"url\":\"https:\/\/fr.lartisien.com\/blog\/author\/seoworks_web\/\"}]}<\/script>\n<!-- \/ Yoast SEO plugin. -->","yoast_head_json":{"title":"D\u00e9couvrez l'Airelles Versailles, Le Grand Contr\u00f4le | Lartisien","description":"Cet h\u00f4tel historique est situ\u00e9 sur les terres du Ch\u00e2teau de Versailles, un lieu fabuleux \u00e0 seulement 45 minutes de Paris. D\u00e9couvrez-en plus ici","robots":{"index":"index","follow":"follow","max-snippet":"max-snippet:-1","max-image-preview":"max-image-preview:large","max-video-preview":"max-video-preview:-1"},"canonical":"https:\/\/fr.lartisien.com\/blog\/decouvrez-lune-des-adresses-les-plus-exclusives-de-toute-la-france-airelles-chateau-de-versailles-le-grand-controle\/","og_locale":"fr_FR","og_type":"article","og_title":"D\u00e9couvrez l'Airelles Versailles, Le Grand Contr\u00f4le | Lartisien","og_description":"Cet h\u00f4tel historique est situ\u00e9 sur les terres du Ch\u00e2teau de Versailles, un lieu fabuleux \u00e0 seulement 45 minutes de Paris. D\u00e9couvrez-en plus ici","og_url":"https:\/\/fr.lartisien.com\/blog\/decouvrez-lune-des-adresses-les-plus-exclusives-de-toute-la-france-airelles-chateau-de-versailles-le-grand-controle\/","og_site_name":"Lartisien","article_published_time":"2022-09-13T08:00:00+00:00","article_modified_time":"2023-03-28T12:48:38+00:00","og_image":[{"width":2560,"height":1706,"url":"https:\/\/fr.lartisien.com\/blog\/wp-content\/uploads\/2022\/09\/Airelles-scaled.jpg","type":"image\/jpeg"}],"author":"seoworks_web","twitter_card":"summary_large_image","twitter_misc":{"Written by":"seoworks_web","Est. reading time":"6 minutes"},"schema":{"@context":"https:\/\/schema.org","@graph":[{"@type":"WebPage","@id":"https:\/\/fr.lartisien.com\/blog\/decouvrez-lune-des-adresses-les-plus-exclusives-de-toute-la-france-airelles-chateau-de-versailles-le-grand-controle\/","url":"https:\/\/fr.lartisien.com\/blog\/decouvrez-lune-des-adresses-les-plus-exclusives-de-toute-la-france-airelles-chateau-de-versailles-le-grand-controle\/","name":"D\u00e9couvrez l'Airelles Versailles, Le Grand Contr\u00f4le | Lartisien","isPartOf":{"@id":"https:\/\/www.lartisien.com\/blog\/#website"},"datePublished":"2022-09-13T08:00:00+00:00","dateModified":"2023-03-28T12:48:38+00:00","author":{"@id":"https:\/\/www.lartisien.com\/blog\/#\/schema\/person\/2ed1f61b2f02db0e04a7a282c266e5fb"},"description":"Cet h\u00f4tel historique est situ\u00e9 sur les terres du Ch\u00e2teau de Versailles, un lieu fabuleux \u00e0 seulement 45 minutes de Paris. D\u00e9couvrez-en plus ici","breadcrumb":{"@id":"https:\/\/fr.lartisien.com\/blog\/decouvrez-lune-des-adresses-les-plus-exclusives-de-toute-la-france-airelles-chateau-de-versailles-le-grand-controle\/#breadcrumb"},"inLanguage":"fr-FR","potentialAction":[{"@type":"ReadAction","target":["https:\/\/fr.lartisien.com\/blog\/decouvrez-lune-des-adresses-les-plus-exclusives-de-toute-la-france-airelles-chateau-de-versailles-le-grand-controle\/"]}]},{"@type":"BreadcrumbList","@id":"https:\/\/fr.lartisien.com\/blog\/decouvrez-lune-des-adresses-les-plus-exclusives-de-toute-la-france-airelles-chateau-de-versailles-le-grand-controle\/#breadcrumb","itemListElement":[{"@type":"ListItem","position":1,"name":"Home","item":"https:\/\/fr.lartisien.com\/blog\/"},{"@type":"ListItem","position":2,"name":"D\u00e9couvrez l&#8217;h\u00f4tel Les Airelles Ch\u00e2teau de Versailles, Le Grand Contr\u00f4le"}]},{"@type":"WebSite","@id":"https:\/\/www.lartisien.com\/blog\/#website","url":"https:\/\/www.lartisien.com\/blog\/","name":"Lartisien","description":"Lartisien Blog","potentialAction":[{"@type":"SearchAction","target":{"@type":"EntryPoint","urlTemplate":"https:\/\/www.lartisien.com\/blog\/?s={search_term_string}"},"query-input":"required name=search_term_string"}],"inLanguage":"fr-FR"},{"@type":"Person","@id":"https:\/\/www.lartisien.com\/blog\/#\/schema\/person\/2ed1f61b2f02db0e04a7a282c266e5fb","name":"seoworks_web","image":{"@type":"ImageObject","inLanguage":"fr-FR","@id":"https:\/\/www.lartisien.com\/blog\/#\/schema\/person\/image\/","url":"https:\/\/secure.gravatar.com\/avatar\/317abccfb5b493f234451f32efc3cd33?s=96&d=mm&r=g","contentUrl":"https:\/\/secure.gravatar.com\/avatar\/317abccfb5b493f234451f32efc3cd33?s=96&d=mm&r=g","caption":"seoworks_web"},"url":"https:\/\/fr.lartisien.com\/blog\/author\/seoworks_web\/"}]}},"_links":{"self":[{"href":"https:\/\/fr.lartisien.com\/blog\/wp-json\/wp\/v2\/posts\/1572"}],"collection":[{"href":"https:\/\/fr.lartisien.com\/blog\/wp-json\/wp\/v2\/posts"}],"about":[{"href":"https:\/\/fr.lartisien.com\/blog\/wp-json\/wp\/v2\/types\/post"}],"author":[{"embeddable":true,"href":"https:\/\/fr.lartisien.com\/blog\/wp-json\/wp\/v2\/users\/8"}],"replies":[{"embeddable":true,"href":"https:\/\/fr.lartisien.com\/blog\/wp-json\/wp\/v2\/comments?post=1572"}],"version-history":[{"count":15,"href":"https:\/\/fr.lartisien.com\/blog\/wp-json\/wp\/v2\/posts\/1572\/revisions"}],"predecessor-version":[{"id":8525,"href":"https:\/\/fr.lartisien.com\/blog\/wp-json\/wp\/v2\/posts\/1572\/revisions\/8525"}],"wp:featuredmedia":[{"embeddable":true,"href":"https:\/\/fr.lartisien.com\/blog\/wp-json\/wp\/v2\/media\/2564"}],"wp:attachment":[{"href":"https:\/\/fr.lartisien.com\/blog\/wp-json\/wp\/v2\/media?parent=1572"}],"wp:term":[{"taxonomy":"category","embeddable":true,"href":"https:\/\/fr.lartisien.com\/blog\/wp-json\/wp\/v2\/categories?post=1572"},{"taxonomy":"post_tag","embeddable":true,"href":"https:\/\/fr.lartisien.com\/blog\/wp-json\/wp\/v2\/tags?post=1572"},{"taxonomy":"location","embeddable":true,"href":"https:\/\/fr.lartisien.com\/blog\/wp-json\/wp\/v2\/location?post=1572"}],"curies":[{"name":"wp","href":"https:\/\/api.w.org\/{rel}","templated":true}]}}