{"id":4610,"date":"2023-01-13T14:37:59","date_gmt":"2023-01-13T14:37:59","guid":{"rendered":"https:\/\/www.lartisien.com\/blog\/?p=4610"},"modified":"2023-04-06T16:34:01","modified_gmt":"2023-04-06T16:34:01","slug":"quel-palace-choisir-a-paris","status":"publish","type":"post","link":"https:\/\/fr.lartisien.com\/blog\/quel-palace-choisir-a-paris\/","title":{"rendered":"Quel palace choisir \u00e0 Paris?"},"content":{"rendered":"\n<h3 class=\"has-text-align-center\">La Ville Lumi\u00e8re a fait son chemin sur la liste de nombreux voyageurs pour de bonnes raisons. La capitale fran\u00e7aise est le lieu du romantisme, de l&#8217;art, de la culture et de l&#8217;excellence. Et rien n&#8217;incarne mieux l&#8217;excellence que ces h\u00f4tels parisiens. Du glamour du Ritz \u00e0 l&#8217;intimit\u00e9 de la Maison Villeroy, d\u00e9couvrez comment choisir le bon h\u00f4tel \u00e0 Paris.<\/h3>\n\n\n\n<h2> O\u00f9 s\u00e9journer au coeur de Paris ?<\/h2>\n\n\n\r\n<section class=\"text-and-image-container \">\r\n    <div class=\"text-and-image-content text-and-image-image\">\r\n        <picture class=\"\">\n                <source srcset=\"https:\/\/fr.lartisien.com\/blog\/wp-content\/uploads\/2023\/01\/RITZ-PARIS-1.jpeg\" media=\"(min-width: 1400px)\">\n                <source srcset=\"https:\/\/fr.lartisien.com\/blog\/wp-content\/uploads\/2023\/01\/RITZ-PARIS-1-1536x1025.jpeg\" media=\"(min-width: 1000px)\">\n                <source srcset=\"https:\/\/fr.lartisien.com\/blog\/wp-content\/uploads\/2023\/01\/RITZ-PARIS-1-1024x684.jpeg\" media=\"(min-width: 600px)\">\n                <source srcset=\"https:\/\/fr.lartisien.com\/blog\/wp-content\/uploads\/2023\/01\/RITZ-PARIS-1-768x513.jpeg\" media=\"(min-width: 100px)\">\n                <img decoding=\"async\" style=\"\" loading=\"lazy\" class=\"\" src=\"https:\/\/fr.lartisien.com\/blog\/wp-content\/uploads\/2023\/01\/RITZ-PARIS-1-1024x684.jpeg\" alt=\"\" \/>\n            <\/picture>    <\/div>\r\n    <div class=\"text-and-image-content text-and-image-text\">\r\n                <h2 class=\"text-and-image-block-title\">Ritz Paris <\/h2>\r\n                <p>Situ\u00e9 au c\u0153ur de la ville, place Vend\u00f4me, le <a href=\"https:\/\/fr.lartisien.com\/hotel\/ritz-paris\">Ritz Paris<\/a> est \u00e0 proximit\u00e9 d&#8217;un ensemble d&#8217;adresses culturelles et de boutiques. L&#8217;h\u00f4tel est au centre d&#8217;un grand triangle form\u00e9 par la place de la Concorde, l&#8217;Op\u00e9ra Garnier et le mus\u00e9e du Louvre, tous \u00e0 moins de 10 minutes \u00e0 pied. Pour faire les boutiques, la Place Vend\u00f4me abrite les plus grandes maisons de joaillerie de Paris &#8211; Van Cleef &amp; Arpels, Chanel, Dior, Boucheron, Chaumet, Graff et Bulgari &#8211; et se situe \u00e0 une rue de la rue du Faubourg Saint Honor\u00e9 o\u00f9 se trouvent toutes les boutiques des marques de luxe &#8211; Herm\u00e8s, Burberry, Lanvin, Prada, Miu Miu, Gucci, Roger Vivier, etc. Pour un instant de gourmandise, la boutique de C\u00e9dric Grolet est situ\u00e9e sur l&#8217;une des art\u00e8res de la Place Vend\u00f4me, rue de Castiglione, et Pierre Herm\u00e9, rue Cambon, \u00e0 3 minutes \u00e0 pied.<\/p>\n            <\/div>\r\n    \r\n<\/section>\n\n\r\n<section class=\"image-grid image-grid-2 fifty-fifty-grid\">\r\n        <div class=\"image-container img-1\">\r\n        <picture class=\"img-1\">\n                <source srcset=\"https:\/\/fr.lartisien.com\/blog\/wp-content\/uploads\/2023\/01\/Ritz-Paris-1367x2048.jpeg\" media=\"(min-width: 1400px)\">\n                <source srcset=\"https:\/\/fr.lartisien.com\/blog\/wp-content\/uploads\/2023\/01\/Ritz-Paris-1025x1536.jpeg\" media=\"(min-width: 1000px)\">\n                <source srcset=\"https:\/\/fr.lartisien.com\/blog\/wp-content\/uploads\/2023\/01\/Ritz-Paris-683x1024.jpeg\" media=\"(min-width: 600px)\">\n                <source srcset=\"https:\/\/fr.lartisien.com\/blog\/wp-content\/uploads\/2023\/01\/Ritz-Paris-768x1151.jpeg\" media=\"(min-width: 100px)\">\n                <img decoding=\"async\" style=\"\" loading=\"lazy\" class=\"img-1\" src=\"https:\/\/fr.lartisien.com\/blog\/wp-content\/uploads\/2023\/01\/Ritz-Paris-683x1024.jpeg\" alt=\"\" \/>\n            <\/picture>    <\/div>\r\n        <div class=\"image-container img-2\">\r\n        <picture class=\"img-2\">\n                <source srcset=\"https:\/\/fr.lartisien.com\/blog\/wp-content\/uploads\/2023\/01\/Ritz-Paris-4-1367x2048.jpeg\" media=\"(min-width: 1400px)\">\n                <source srcset=\"https:\/\/fr.lartisien.com\/blog\/wp-content\/uploads\/2023\/01\/Ritz-Paris-4-1025x1536.jpeg\" media=\"(min-width: 1000px)\">\n                <source srcset=\"https:\/\/fr.lartisien.com\/blog\/wp-content\/uploads\/2023\/01\/Ritz-Paris-4-683x1024.jpeg\" media=\"(min-width: 600px)\">\n                <source srcset=\"https:\/\/fr.lartisien.com\/blog\/wp-content\/uploads\/2023\/01\/Ritz-Paris-4-768x1151.jpeg\" media=\"(min-width: 100px)\">\n                <img decoding=\"async\" style=\"\" loading=\"lazy\" class=\"img-2\" src=\"https:\/\/fr.lartisien.com\/blog\/wp-content\/uploads\/2023\/01\/Ritz-Paris-4-683x1024.jpeg\" alt=\"\" \/>\n            <\/picture>    <\/div>\r\n    <\/section>\r\n\n\n\r\n<section class=\"text-and-image-container container-reversed\">\r\n    <div class=\"text-and-image-content text-and-image-image\">\r\n        <picture class=\"\">\n                <source srcset=\"https:\/\/fr.lartisien.com\/blog\/wp-content\/uploads\/2023\/01\/Ritz-Paris-5-2048x1367.jpeg\" media=\"(min-width: 1400px)\">\n                <source srcset=\"https:\/\/fr.lartisien.com\/blog\/wp-content\/uploads\/2023\/01\/Ritz-Paris-5-1536x1025.jpeg\" media=\"(min-width: 1000px)\">\n                <source srcset=\"https:\/\/fr.lartisien.com\/blog\/wp-content\/uploads\/2023\/01\/Ritz-Paris-5-1024x683.jpeg\" media=\"(min-width: 600px)\">\n                <source srcset=\"https:\/\/fr.lartisien.com\/blog\/wp-content\/uploads\/2023\/01\/Ritz-Paris-5-768x513.jpeg\" media=\"(min-width: 100px)\">\n                <img decoding=\"async\" style=\"\" loading=\"lazy\" class=\"\" src=\"https:\/\/fr.lartisien.com\/blog\/wp-content\/uploads\/2023\/01\/Ritz-Paris-5-1024x683.jpeg\" alt=\"\" \/>\n            <\/picture>    <\/div>\r\n    <div class=\"text-and-image-content text-and-image-text\">\r\n                <p>Les 142 chambres et suites de l&#8217;<a href=\"https:\/\/fr.lartisien.com\/hotel\/ritz-paris\">h\u00f4tel<\/a> pr\u00e9sentent un d\u00e9cor inspir\u00e9 de la Belle \u00c9poque. Les meubles Louis XV sont habill\u00e9s de velours et de soie damass\u00e9e, des lustres sont suspendus \u00e0 chaque plafond, projetant leurs lumi\u00e8res chaudes sur les tableaux qui ornent les murs. Depuis les fen\u00eatres de leurs chambres, les clients ont une vue imprenable sur la Place.<\/p>\n            <\/div>\r\n    \r\n<\/section>\n\n\r\n<section class=\"text-and-image-container \">\r\n    <div class=\"text-and-image-content text-and-image-image\">\r\n        <picture class=\"\">\n                <source srcset=\"https:\/\/fr.lartisien.com\/blog\/wp-content\/uploads\/2023\/01\/Ritz-Paris-3-1367x2048.jpeg\" media=\"(min-width: 1400px)\">\n                <source srcset=\"https:\/\/fr.lartisien.com\/blog\/wp-content\/uploads\/2023\/01\/Ritz-Paris-3-1025x1536.jpeg\" media=\"(min-width: 1000px)\">\n                <source srcset=\"https:\/\/fr.lartisien.com\/blog\/wp-content\/uploads\/2023\/01\/Ritz-Paris-3-683x1024.jpeg\" media=\"(min-width: 600px)\">\n                <source srcset=\"https:\/\/fr.lartisien.com\/blog\/wp-content\/uploads\/2023\/01\/Ritz-Paris-3-768x1151.jpeg\" media=\"(min-width: 100px)\">\n                <img decoding=\"async\" style=\"\" loading=\"lazy\" class=\"\" src=\"https:\/\/fr.lartisien.com\/blog\/wp-content\/uploads\/2023\/01\/Ritz-Paris-3-683x1024.jpeg\" alt=\"\" \/>\n            <\/picture>    <\/div>\r\n    <div class=\"text-and-image-content text-and-image-text\">\r\n                <p>La particularit\u00e9 du <a href=\"https:\/\/fr.lartisien.com\/hotel\/ritz-paris\">Ritz Paris<\/a> tient \u00e9galement \u00e0 ses suites qui ont abrit\u00e9 les plus grandes personnalit\u00e9s de ce monde. La suite Coco Chanel n\u2019\u00e9tait ni plus ni moins que l\u2019appartement de la cr\u00e9atrice durant 34 ans, dans lequel elle fit venir son mobilier pr\u00e9f\u00e9r\u00e9. Maria Callas, trouvait refuge au Ritz apr\u00e8s ses concerts. La suite Chopin rend hommage au compositeur qui fut l\u2019un des plus grands fid\u00e8les de l\u2019h\u00f4tel, notamment avec la pr\u00e9sence d\u2019un piano \u00e0 queue. Toutes ces suites sont des voyages dans le temps et explorent le go\u00fbt et la personnalit\u00e9 de ces grandes figures.<\/p>\n            <\/div>\r\n    \r\n<\/section>\n\n\r\n<section class=\"image-grid image-grid-2 fifty-fifty-grid\">\r\n        <div class=\"image-container img-1\">\r\n        <picture class=\"img-1\">\n                <source srcset=\"https:\/\/fr.lartisien.com\/blog\/wp-content\/uploads\/2023\/01\/Ritz-restaurant-2048x1367.jpeg\" media=\"(min-width: 1400px)\">\n                <source srcset=\"https:\/\/fr.lartisien.com\/blog\/wp-content\/uploads\/2023\/01\/Ritz-restaurant-1536x1025.jpeg\" media=\"(min-width: 1000px)\">\n                <source srcset=\"https:\/\/fr.lartisien.com\/blog\/wp-content\/uploads\/2023\/01\/Ritz-restaurant-1024x683.jpeg\" media=\"(min-width: 600px)\">\n                <source srcset=\"https:\/\/fr.lartisien.com\/blog\/wp-content\/uploads\/2023\/01\/Ritz-restaurant-768x513.jpeg\" media=\"(min-width: 100px)\">\n                <img decoding=\"async\" style=\"\" loading=\"lazy\" class=\"img-1\" src=\"https:\/\/fr.lartisien.com\/blog\/wp-content\/uploads\/2023\/01\/Ritz-restaurant-1024x683.jpeg\" alt=\"\" \/>\n            <\/picture>    <\/div>\r\n        <div class=\"image-container img-2\">\r\n        <picture class=\"img-2\">\n                <source srcset=\"https:\/\/fr.lartisien.com\/blog\/wp-content\/uploads\/2023\/01\/Ritz20bar-2048x1367.jpeg\" media=\"(min-width: 1400px)\">\n                <source srcset=\"https:\/\/fr.lartisien.com\/blog\/wp-content\/uploads\/2023\/01\/Ritz20bar-1536x1025.jpeg\" media=\"(min-width: 1000px)\">\n                <source srcset=\"https:\/\/fr.lartisien.com\/blog\/wp-content\/uploads\/2023\/01\/Ritz20bar-1024x683.jpeg\" media=\"(min-width: 600px)\">\n                <source srcset=\"https:\/\/fr.lartisien.com\/blog\/wp-content\/uploads\/2023\/01\/Ritz20bar-768x513.jpeg\" media=\"(min-width: 100px)\">\n                <img decoding=\"async\" style=\"\" loading=\"lazy\" class=\"img-2\" src=\"https:\/\/fr.lartisien.com\/blog\/wp-content\/uploads\/2023\/01\/Ritz20bar-1024x683.jpeg\" alt=\"\" \/>\n            <\/picture>    <\/div>\r\n    <\/section>\r\n\n\n\n<p>Sur le plan culinaire, le <a href=\"https:\/\/fr.lartisien.com\/hotel\/ritz-paris\">Ritz Paris<\/a> impressionne avec une s\u00e9rie de restaurants gastronomiques, dont le Bar Vend\u00f4me, de style brasserie, le Salon Proust, sur le th\u00e8me de la Belle \u00c9poque, le Ritz Bar, de style Art d\u00e9co, et enfin l&#8217;embl\u00e9matique Bar Hemingway. Les restaurants \u00e9toil\u00e9s Michelin Pur&#8217; &#8211; Jean-Francois Rouquette et Sur Mesure par Thierry Marx, \u00e0 quelques rues sont accessibles en 3 minutes \u00e0 pied. Pour compl\u00e9ter son offre, l&#8217;h\u00f4tel accueille ses clients dans son Ritz Club and Spa au d\u00e9cor romanesque grandiose et aux soins et massages haut de gamme. L\u2019h\u00f4tel dispose \u00e9galement d\u2019une belle piscine dans un \u00e9crin art d\u00e9co cr\u00e8me m\u00ealant double escalier et colonnades.<\/p>\n\n\n\r\n<section class=\"image-grid image-grid-1 \">\r\n        <div class=\"image-container img-1\">\r\n        <picture class=\"img-1\">\n                <source srcset=\"https:\/\/fr.lartisien.com\/blog\/wp-content\/uploads\/2023\/01\/ritz-view-2048x1367.jpeg\" media=\"(min-width: 1400px)\">\n                <source srcset=\"https:\/\/fr.lartisien.com\/blog\/wp-content\/uploads\/2023\/01\/ritz-view-1536x1025.jpeg\" media=\"(min-width: 1000px)\">\n                <source srcset=\"https:\/\/fr.lartisien.com\/blog\/wp-content\/uploads\/2023\/01\/ritz-view-1024x683.jpeg\" media=\"(min-width: 600px)\">\n                <source srcset=\"https:\/\/fr.lartisien.com\/blog\/wp-content\/uploads\/2023\/01\/ritz-view-768x513.jpeg\" media=\"(min-width: 100px)\">\n                <img decoding=\"async\" style=\"\" loading=\"lazy\" class=\"img-1\" src=\"https:\/\/fr.lartisien.com\/blog\/wp-content\/uploads\/2023\/01\/ritz-view-1024x683.jpeg\" alt=\"\" \/>\n            <\/picture>    <\/div>\r\n    <\/section>\r\n\n\n<section class=\"important-information\">\r\n    <p class=\"p--4 important-information-header\"><\/p>\r\n    <div class=\"p--5 important-information-content\"><p><a href=\"https:\/\/fr.lartisien.com\/hotel\/ritz-paris\"><strong>Ritz Paris<\/strong><\/a><\/p>\n<p><i><span style=\"font-weight: 400;\"><strong>Address:<\/strong> 15 Pl. Vend\u00f4me, 75001 Paris, France<\/span><\/i><span style=\"font-weight: 400;\">\u00a0<\/span><\/p>\n<p><i><span style=\"font-weight: 400;\"><strong>Transfer:<\/strong> 45 minutes from Paris Charles de Gaulle Airport<\/span><\/i><span style=\"font-weight: 400;\">\u00a0<\/span><\/p>\n<p><i><span style=\"font-weight: 400;\"><strong>Opening period:<\/strong> All year<\/span><\/i><span style=\"font-weight: 400;\">\u00a0<\/span><\/p>\n<\/div>\r\n<\/section>\n\n\r\n<section class=\"text-and-image-container \">\r\n    <div class=\"text-and-image-content text-and-image-image\">\r\n        <picture class=\"\">\n                <source srcset=\"https:\/\/fr.lartisien.com\/blog\/wp-content\/uploads\/2023\/01\/100966-root-exteriors-front-facade-scaled.jpeg\" media=\"(min-width: 1400px)\">\n                <source srcset=\"https:\/\/fr.lartisien.com\/blog\/wp-content\/uploads\/2023\/01\/100966-root-exteriors-front-facade-scaled.jpeg\" media=\"(min-width: 1000px)\">\n                <source srcset=\"https:\/\/fr.lartisien.com\/blog\/wp-content\/uploads\/2023\/01\/100966-root-exteriors-front-facade-scaled.jpeg\" media=\"(min-width: 600px)\">\n                <source srcset=\"https:\/\/fr.lartisien.com\/blog\/wp-content\/uploads\/2023\/01\/100966-root-exteriors-front-facade-scaled.jpeg\" media=\"(min-width: 100px)\">\n                <img decoding=\"async\" style=\"\" loading=\"lazy\" class=\"\" src=\"https:\/\/fr.lartisien.com\/blog\/wp-content\/uploads\/2023\/01\/100966-root-exteriors-front-facade-scaled.jpeg\" alt=\"\" \/>\n            <\/picture>    <\/div>\r\n    <div class=\"text-and-image-content text-and-image-text\">\r\n                <h2 class=\"text-and-image-block-title\">Le Meurice <\/h2>\r\n                <p>Proche voisin du <a href=\"https:\/\/fr.lartisien.com\/hotel\/ritz-paris\">Ritz Paris<\/a>, rue de Rivoli, entre le Louvre et la Place de la Concorde, face aux jardins des Tuileries. <a href=\"https:\/\/fr.lartisien.com\/hotel\/le-meurice\">Le Meurice<\/a> est un des plus vieux palaces de la capitale puisqu\u2019il ouvrit en 1835, et est une ode au raffinement fran\u00e7ais.<\/p>\n            <\/div>\r\n    \r\n<\/section>\n\n\r\n<section class=\"image-grid image-grid-1 \">\r\n        <div class=\"image-container img-1\">\r\n        <picture class=\"img-1\">\n                <source srcset=\"https:\/\/fr.lartisien.com\/blog\/wp-content\/uploads\/2023\/01\/88626-root-executive-room-park-view-with-balcony-bed-2048x1365.jpeg\" media=\"(min-width: 1400px)\">\n                <source srcset=\"https:\/\/fr.lartisien.com\/blog\/wp-content\/uploads\/2023\/01\/88626-root-executive-room-park-view-with-balcony-bed-1536x1024.jpeg\" media=\"(min-width: 1000px)\">\n                <source srcset=\"https:\/\/fr.lartisien.com\/blog\/wp-content\/uploads\/2023\/01\/88626-root-executive-room-park-view-with-balcony-bed-1024x683.jpeg\" media=\"(min-width: 600px)\">\n                <source srcset=\"https:\/\/fr.lartisien.com\/blog\/wp-content\/uploads\/2023\/01\/88626-root-executive-room-park-view-with-balcony-bed-768x512.jpeg\" media=\"(min-width: 100px)\">\n                <img decoding=\"async\" style=\"\" loading=\"lazy\" class=\"img-1\" src=\"https:\/\/fr.lartisien.com\/blog\/wp-content\/uploads\/2023\/01\/88626-root-executive-room-park-view-with-balcony-bed-1024x683.jpeg\" alt=\"\" \/>\n            <\/picture>    <\/div>\r\n    <\/section>\r\n\n\n\n<p>L\u2019int\u00e9rieur de ce b\u00e2timent n\u00e9oclassique arbore un style Louis Philippe modernis\u00e9 par la d\u00e9coration int\u00e9rieure contemporaine de Philippe Starck. Les 160 chambres et suites pr\u00e9sentent des lustres de cristal, gravures, portraits et peintures, rideaux en damas et meubles d\u2019\u00e9poque, ainsi que salles de bain en marbre. Certaines chambres, pr\u00e9sentent m\u00eame des papiers peints fait-main. Parmi ses suites embl\u00e9matiques, la Belle Etoile Penthouse Suite avec terrasse offre une vue \u00e0 360 degr\u00e9s sur la ville.<\/p>\n\n\n\r\n<section class=\"image-grid image-grid-2 forty-sixty-grid\">\r\n        <div class=\"image-container img-1\">\r\n        <picture class=\"img-1\">\n                <source srcset=\"https:\/\/fr.lartisien.com\/blog\/wp-content\/uploads\/2023\/01\/100984-root-belle-etoile-penthouse-suite-with-terrace-bathroom-1-2048x1537.jpeg\" media=\"(min-width: 1400px)\">\n                <source srcset=\"https:\/\/fr.lartisien.com\/blog\/wp-content\/uploads\/2023\/01\/100984-root-belle-etoile-penthouse-suite-with-terrace-bathroom-1-1536x1152.jpeg\" media=\"(min-width: 1000px)\">\n                <source srcset=\"https:\/\/fr.lartisien.com\/blog\/wp-content\/uploads\/2023\/01\/100984-root-belle-etoile-penthouse-suite-with-terrace-bathroom-1-1024x768.jpeg\" media=\"(min-width: 600px)\">\n                <source srcset=\"https:\/\/fr.lartisien.com\/blog\/wp-content\/uploads\/2023\/01\/100984-root-belle-etoile-penthouse-suite-with-terrace-bathroom-1-768x576.jpeg\" media=\"(min-width: 100px)\">\n                <img decoding=\"async\" style=\"\" loading=\"lazy\" class=\"img-1\" src=\"https:\/\/fr.lartisien.com\/blog\/wp-content\/uploads\/2023\/01\/100984-root-belle-etoile-penthouse-suite-with-terrace-bathroom-1-1024x768.jpeg\" alt=\"\" \/>\n            <\/picture>    <\/div>\r\n        <div class=\"image-container img-2\">\r\n        <picture class=\"img-2\">\n                <source srcset=\"https:\/\/fr.lartisien.com\/blog\/wp-content\/uploads\/2023\/01\/100919-root-deluxe-room-bed-1-2048x1537.jpeg\" media=\"(min-width: 1400px)\">\n                <source srcset=\"https:\/\/fr.lartisien.com\/blog\/wp-content\/uploads\/2023\/01\/100919-root-deluxe-room-bed-1-1536x1152.jpeg\" media=\"(min-width: 1000px)\">\n                <source srcset=\"https:\/\/fr.lartisien.com\/blog\/wp-content\/uploads\/2023\/01\/100919-root-deluxe-room-bed-1-1024x768.jpeg\" media=\"(min-width: 600px)\">\n                <source srcset=\"https:\/\/fr.lartisien.com\/blog\/wp-content\/uploads\/2023\/01\/100919-root-deluxe-room-bed-1-768x576.jpeg\" media=\"(min-width: 100px)\">\n                <img decoding=\"async\" style=\"\" loading=\"lazy\" class=\"img-2\" src=\"https:\/\/fr.lartisien.com\/blog\/wp-content\/uploads\/2023\/01\/100919-root-deluxe-room-bed-1-1024x768.jpeg\" alt=\"\" \/>\n            <\/picture>    <\/div>\r\n    <\/section>\r\n\n\n\n<p>De m\u00eame, les 4 restaurants du <a href=\"https:\/\/fr.lartisien.com\/hotel\/le-meurice\">Meurice<\/a> pr\u00e9sentent un d\u00e9cor grandiose. Le Restaurant Le Meurice Alain Ducasse est la t\u00eate d&#8217;affiche de l&#8217;offre F&amp;B de l&#8217;h\u00f4tel avec un menu 2 \u00e9toiles Michelin. Le restaurant Le Dali offre un cadre con\u00e7u par Philippe Starck, et propose un menu fran\u00e7ais de saison. Les clients peuvent d\u00e9guster des cocktails artisanaux au Bar 228, et l&#8217;h\u00f4tel peut se vanter d&#8217;une collaboration avec le chef p\u00e2tissier C\u00e9dric Grolet \u00e0 La P\u00e2tisserie du Meurice.<\/p>\n\n\n\r\n<section class=\"image-grid image-grid-1 \">\r\n        <div class=\"image-container img-1\">\r\n        <picture class=\"img-1\">\n                <source srcset=\"https:\/\/fr.lartisien.com\/blog\/wp-content\/uploads\/2023\/01\/le-dali-2048x1365.jpeg\" media=\"(min-width: 1400px)\">\n                <source srcset=\"https:\/\/fr.lartisien.com\/blog\/wp-content\/uploads\/2023\/01\/le-dali-1536x1024.jpeg\" media=\"(min-width: 1000px)\">\n                <source srcset=\"https:\/\/fr.lartisien.com\/blog\/wp-content\/uploads\/2023\/01\/le-dali-1024x683.jpeg\" media=\"(min-width: 600px)\">\n                <source srcset=\"https:\/\/fr.lartisien.com\/blog\/wp-content\/uploads\/2023\/01\/le-dali-768x512.jpeg\" media=\"(min-width: 100px)\">\n                <img decoding=\"async\" style=\"\" loading=\"lazy\" class=\"img-1\" src=\"https:\/\/fr.lartisien.com\/blog\/wp-content\/uploads\/2023\/01\/le-dali-1024x683.jpeg\" alt=\"\" \/>\n            <\/picture>    <\/div>\r\n    <\/section>\r\n\n\n\r\n<section class=\"image-grid image-grid-2 sixty-forty-grid\">\r\n        <div class=\"image-container img-1\">\r\n        <picture class=\"img-1\">\n                <source srcset=\"https:\/\/fr.lartisien.com\/blog\/wp-content\/uploads\/2023\/01\/81002-root-spa-treatment-room-2048x1434.jpeg\" media=\"(min-width: 1400px)\">\n                <source srcset=\"https:\/\/fr.lartisien.com\/blog\/wp-content\/uploads\/2023\/01\/81002-root-spa-treatment-room-1536x1075.jpeg\" media=\"(min-width: 1000px)\">\n                <source srcset=\"https:\/\/fr.lartisien.com\/blog\/wp-content\/uploads\/2023\/01\/81002-root-spa-treatment-room-1024x717.jpeg\" media=\"(min-width: 600px)\">\n                <source srcset=\"https:\/\/fr.lartisien.com\/blog\/wp-content\/uploads\/2023\/01\/81002-root-spa-treatment-room-768x538.jpeg\" media=\"(min-width: 100px)\">\n                <img decoding=\"async\" style=\"\" loading=\"lazy\" class=\"img-1\" src=\"https:\/\/fr.lartisien.com\/blog\/wp-content\/uploads\/2023\/01\/81002-root-spa-treatment-room-1024x717.jpeg\" alt=\"\" \/>\n            <\/picture>    <\/div>\r\n        <div class=\"image-container img-2\">\r\n        <picture class=\"img-2\">\n                <source srcset=\"https:\/\/fr.lartisien.com\/blog\/wp-content\/uploads\/2023\/01\/100974-root-restaurants-bars-afternoon-tea-1475x2048.jpeg\" media=\"(min-width: 1400px)\">\n                <source srcset=\"https:\/\/fr.lartisien.com\/blog\/wp-content\/uploads\/2023\/01\/100974-root-restaurants-bars-afternoon-tea-1106x1536.jpeg\" media=\"(min-width: 1000px)\">\n                <source srcset=\"https:\/\/fr.lartisien.com\/blog\/wp-content\/uploads\/2023\/01\/100974-root-restaurants-bars-afternoon-tea-737x1024.jpeg\" media=\"(min-width: 600px)\">\n                <source srcset=\"https:\/\/fr.lartisien.com\/blog\/wp-content\/uploads\/2023\/01\/100974-root-restaurants-bars-afternoon-tea-768x1067.jpeg\" media=\"(min-width: 100px)\">\n                <img decoding=\"async\" style=\"\" loading=\"lazy\" class=\"img-2\" src=\"https:\/\/fr.lartisien.com\/blog\/wp-content\/uploads\/2023\/01\/100974-root-restaurants-bars-afternoon-tea-737x1024.jpeg\" alt=\"\" \/>\n            <\/picture>    <\/div>\r\n    <\/section>\r\n\n\n\n<p>Les clients peuvent d\u00e9guster des cocktails artisanaux au Bar 228, et l&#8217;h\u00f4tel peut se vanter d&#8217;une collaboration avec le chef p\u00e2tissier C\u00e9dric Grolet \u00e0 La P\u00e2tisserie du Meurice.<\/p>\n\n\n<section class=\"important-information\">\r\n    <p class=\"p--4 important-information-header\"><\/p>\r\n    <div class=\"p--5 important-information-content\"><p><a href=\"https:\/\/fr.lartisien.com\/hotel\/le-meurice\">Le Meurice<\/a><\/p>\n<p><em><strong>Address:<\/strong> 228 rue de Rivoli, Paris<\/em><\/p>\n<p><em><strong>Transfer:<\/strong> 40 minutes from Paris Charles de Gaulle Airport<\/em><\/p>\n<p><em><strong>Opening period:<\/strong> All year<\/em><\/p>\n<\/div>\r\n<\/section>\n\n\r\n<section class=\"text-and-image-container \">\r\n    <div class=\"text-and-image-content text-and-image-image\">\r\n        <picture class=\"\">\n                <source srcset=\"https:\/\/fr.lartisien.com\/blog\/wp-content\/uploads\/2023\/01\/front-2048x1365.jpeg\" media=\"(min-width: 1400px)\">\n                <source srcset=\"https:\/\/fr.lartisien.com\/blog\/wp-content\/uploads\/2023\/01\/front-1536x1023.jpeg\" media=\"(min-width: 1000px)\">\n                <source srcset=\"https:\/\/fr.lartisien.com\/blog\/wp-content\/uploads\/2023\/01\/front-1024x682.jpeg\" media=\"(min-width: 600px)\">\n                <source srcset=\"https:\/\/fr.lartisien.com\/blog\/wp-content\/uploads\/2023\/01\/front-768x512.jpeg\" media=\"(min-width: 100px)\">\n                <img decoding=\"async\" style=\"\" loading=\"lazy\" class=\"\" src=\"https:\/\/fr.lartisien.com\/blog\/wp-content\/uploads\/2023\/01\/front-1024x682.jpeg\" alt=\"\" \/>\n            <\/picture>    <\/div>\r\n    <div class=\"text-and-image-content text-and-image-text\">\r\n                <h2 class=\"text-and-image-block-title\">H\u00f4tel de Crillon, A Rosewood Hotel <\/h2>\r\n                <p>Sur la place de la Concorde, face \u00e0 l\u2019Assembl\u00e9e nationale, et au pied des Champs-Elys\u00e9es depuis 1758, l&#8217;<a href=\"https:\/\/fr.lartisien.com\/hotel\/hotel-de-crillon\">H\u00f4tel de Crillon<\/a> existe depuis 1758 et est \u00e0 ce titre, l&#8217;un des plus anciens palaces de la Ville Lumi\u00e8re, class\u00e9 monument historique depuis les ann\u00e9es 1900.<\/p>\n            <\/div>\r\n    \r\n<\/section>\n\n\r\n<section class=\"image-grid image-grid-1 \">\r\n        <div class=\"image-container img-1\">\r\n            <\/div>\r\n    <\/section>\r\n\n\n\n<p>Dot\u00e9 d&#8217;une fa\u00e7ade n\u00e9oclassique (portique, fronton, colonnades) con\u00e7ue par l&#8217;architecte Ange-Jacques Gabriel, le b\u00e2timent a \u00e9t\u00e9 command\u00e9 par le roi Louis XV qui souhaitait en faire les bureaux de l&#8217;\u00c9tat fran\u00e7ais. Aujourd&#8217;hui, le b\u00e2timent compte 124 chambres, suites et suites signature qui pr\u00e9sentent un amalgame du style r\u00e9sidentiel fran\u00e7ais classique et des \u00e9l\u00e9ments de d\u00e9cor du baroque fran\u00e7ais, qui sont plus prononc\u00e9s dans les suites de niveau sup\u00e9rieur, comme la suite Grand Premier. On y trouve des lustres, de la soie damass\u00e9e sur les murs, du parquet en bois, ainsi que des meubles Louis XV et des peintures sur les murs.<\/p>\n\n\n\r\n<section class=\"image-grid image-grid-2 forty-sixty-grid\">\r\n        <div class=\"image-container img-1\">\r\n        <picture class=\"img-1\">\n                <source srcset=\"https:\/\/fr.lartisien.com\/blog\/wp-content\/uploads\/2023\/01\/92069-root-grand-appartement-eiffel-living-room.jpg\" media=\"(min-width: 1400px)\">\n                <source srcset=\"https:\/\/fr.lartisien.com\/blog\/wp-content\/uploads\/2023\/01\/92069-root-grand-appartement-eiffel-living-room-1053x1536.jpg\" media=\"(min-width: 1000px)\">\n                <source srcset=\"https:\/\/fr.lartisien.com\/blog\/wp-content\/uploads\/2023\/01\/92069-root-grand-appartement-eiffel-living-room-702x1024.jpg\" media=\"(min-width: 600px)\">\n                <source srcset=\"https:\/\/fr.lartisien.com\/blog\/wp-content\/uploads\/2023\/01\/92069-root-grand-appartement-eiffel-living-room-768x1121.jpg\" media=\"(min-width: 100px)\">\n                <img decoding=\"async\" style=\"\" loading=\"lazy\" class=\"img-1\" src=\"https:\/\/fr.lartisien.com\/blog\/wp-content\/uploads\/2023\/01\/92069-root-grand-appartement-eiffel-living-room-702x1024.jpg\" alt=\"\" \/>\n            <\/picture>    <\/div>\r\n        <div class=\"image-container img-2\">\r\n        <picture class=\"img-2\">\n                <source srcset=\"https:\/\/fr.lartisien.com\/blog\/wp-content\/uploads\/2023\/01\/bathroom.jpeg\" media=\"(min-width: 1400px)\">\n                <source srcset=\"https:\/\/fr.lartisien.com\/blog\/wp-content\/uploads\/2023\/01\/bathroom-1536x1022.jpeg\" media=\"(min-width: 1000px)\">\n                <source srcset=\"https:\/\/fr.lartisien.com\/blog\/wp-content\/uploads\/2023\/01\/bathroom-1024x681.jpeg\" media=\"(min-width: 600px)\">\n                <source srcset=\"https:\/\/fr.lartisien.com\/blog\/wp-content\/uploads\/2023\/01\/bathroom-768x511.jpeg\" media=\"(min-width: 100px)\">\n                <img decoding=\"async\" style=\"\" loading=\"lazy\" class=\"img-2\" src=\"https:\/\/fr.lartisien.com\/blog\/wp-content\/uploads\/2023\/01\/bathroom-1024x681.jpeg\" alt=\"\" \/>\n            <\/picture>    <\/div>\r\n    <\/section>\r\n\n\n\r\n<section class=\"text-and-image-container \">\r\n    <div class=\"text-and-image-content text-and-image-image\">\r\n        <picture class=\"\">\n                <source srcset=\"https:\/\/fr.lartisien.com\/blog\/wp-content\/uploads\/2023\/01\/71528-root-restaurants-bars-summer-in-the-patio-2048x1367.jpeg\" media=\"(min-width: 1400px)\">\n                <source srcset=\"https:\/\/fr.lartisien.com\/blog\/wp-content\/uploads\/2023\/01\/71528-root-restaurants-bars-summer-in-the-patio-1536x1025.jpeg\" media=\"(min-width: 1000px)\">\n                <source srcset=\"https:\/\/fr.lartisien.com\/blog\/wp-content\/uploads\/2023\/01\/71528-root-restaurants-bars-summer-in-the-patio-1024x683.jpeg\" media=\"(min-width: 600px)\">\n                <source srcset=\"https:\/\/fr.lartisien.com\/blog\/wp-content\/uploads\/2023\/01\/71528-root-restaurants-bars-summer-in-the-patio-768x513.jpeg\" media=\"(min-width: 100px)\">\n                <img decoding=\"async\" style=\"\" loading=\"lazy\" class=\"\" src=\"https:\/\/fr.lartisien.com\/blog\/wp-content\/uploads\/2023\/01\/71528-root-restaurants-bars-summer-in-the-patio-1024x683.jpeg\" alt=\"\" \/>\n            <\/picture>    <\/div>\r\n    <div class=\"text-and-image-content text-and-image-text\">\r\n                <p>Le petit d\u00e9jeuner est servi \u00e0 la conviviale Brasserie D&#8217;Aumont, tandis que L&#8217;Ecrin est le restaurant phare de l&#8217;h\u00f4tel, \u00e9toil\u00e9 au Michelin, o\u00f9 les clients peuvent savourer la cuisine gastronomique du chef Boris Campanella. Ailleurs, le Jardin d&#8217;Hiver permet de savourer une s\u00e9lection de p\u00e2tisseries fran\u00e7aises r\u00e9alis\u00e9es par le chef p\u00e2tissier Matthieu Carlin de l\u2019\u00e9tablissement, tandis que le Bar Les Ambassadeurs invite les clients dans un cadre baroque grandiose pour d\u00e9guster des cocktails et des spiritueux fins. La Cave, est une salle \u00e0 manger priv\u00e9e pouvant accueillir des d\u00eeners accompagn\u00e9s de l\u2019expertise du chef sommelier Xavier Thuizat.<\/p>\n            <\/div>\r\n    \r\n<\/section>\n\n\r\n<section class=\"image-grid image-grid-1 \">\r\n        <div class=\"image-container img-1\">\r\n        <picture class=\"img-1\">\n                <source srcset=\"https:\/\/fr.lartisien.com\/blog\/wp-content\/uploads\/2023\/01\/CRILLON-2048x1363.jpeg\" media=\"(min-width: 1400px)\">\n                <source srcset=\"https:\/\/fr.lartisien.com\/blog\/wp-content\/uploads\/2023\/01\/CRILLON-1536x1022.jpeg\" media=\"(min-width: 1000px)\">\n                <source srcset=\"https:\/\/fr.lartisien.com\/blog\/wp-content\/uploads\/2023\/01\/CRILLON-1024x681.jpeg\" media=\"(min-width: 600px)\">\n                <source srcset=\"https:\/\/fr.lartisien.com\/blog\/wp-content\/uploads\/2023\/01\/CRILLON-768x511.jpeg\" media=\"(min-width: 100px)\">\n                <img decoding=\"async\" style=\"\" loading=\"lazy\" class=\"img-1\" src=\"https:\/\/fr.lartisien.com\/blog\/wp-content\/uploads\/2023\/01\/CRILLON-1024x681.jpeg\" alt=\"\" \/>\n            <\/picture>    <\/div>\r\n    <\/section>\r\n\n\n\n<p>L&#8217;<a href=\"https:\/\/fr.lartisien.com\/hotel\/hotel-de-crillon\">h\u00f4tel<\/a> compl\u00e8te son offre avec le Sense, A Rosewood Spa, o\u00f9 les clients peuvent profiter de la piscine, d\u2019un hammam, d\u2019un sauna infrarouge, du programme signature du spa Alchemy of Sleep, et d&#8217;un salon de coiffure David Lucas.<\/p>\n\n\n<section class=\"important-information\">\r\n    <p class=\"p--4 important-information-header\"><\/p>\r\n    <div class=\"p--5 important-information-content\"><p><a href=\"https:\/\/fr.lartisien.com\/hotel\/hotel-de-crillon\">H\u00f4tel de Crillon<\/a><\/p>\n<p><i><span style=\"font-weight: 400;\"><strong>Address:<\/strong> 10 place de la Concorde, Paris<\/span><\/i><span style=\"font-weight: 400;\">\u00a0<\/span><\/p>\n<p><i><span style=\"font-weight: 400;\"><strong>Transfer:<\/strong> 40 minutes from Paris Charles de Gaulle Airport<\/span><\/i><\/p>\n<p><i><span style=\"font-weight: 400;\"><strong>Opening period:<\/strong> All year<\/span><\/i><span style=\"font-weight: 400;\">\u00a0<\/span><\/p>\n<\/div>\r\n<\/section>\n\n\r\n<section class=\"text-and-image-container \">\r\n    <div class=\"text-and-image-content text-and-image-image\">\r\n        <picture class=\"\">\n                <source srcset=\"https:\/\/fr.lartisien.com\/blog\/wp-content\/uploads\/2023\/01\/Le_Bristol_Paris_Colonnade_1_1395.jpg\" media=\"(min-width: 1400px)\">\n                <source srcset=\"https:\/\/fr.lartisien.com\/blog\/wp-content\/uploads\/2023\/01\/Le_Bristol_Paris_Colonnade_1_1395-1536x1089.jpg\" media=\"(min-width: 1000px)\">\n                <source srcset=\"https:\/\/fr.lartisien.com\/blog\/wp-content\/uploads\/2023\/01\/Le_Bristol_Paris_Colonnade_1_1395-1024x726.jpg\" media=\"(min-width: 600px)\">\n                <source srcset=\"https:\/\/fr.lartisien.com\/blog\/wp-content\/uploads\/2023\/01\/Le_Bristol_Paris_Colonnade_1_1395-768x545.jpg\" media=\"(min-width: 100px)\">\n                <img decoding=\"async\" style=\"\" loading=\"lazy\" class=\"\" src=\"https:\/\/fr.lartisien.com\/blog\/wp-content\/uploads\/2023\/01\/Le_Bristol_Paris_Colonnade_1_1395-1024x726.jpg\" alt=\"\" \/>\n            <\/picture>    <\/div>\r\n    <div class=\"text-and-image-content text-and-image-text\">\r\n                <h2 class=\"text-and-image-block-title\">Le Bristol Paris, Oetker Collection<\/h2>\r\n                <p>Situ\u00e9 dans la rue du Faubourg Saint-Honor\u00e9, \u00e0 une rue de l\u2019Elys\u00e9e et de la galerie d\u2019art Emmanuel Perrotin, et quelques minutes des Jardins des Champs-Elys\u00e9es, du Petit Palais et de la Place de la Concorde, <a href=\"https:\/\/fr.lartisien.com\/hotel\/le-bristol-paris\">Le Bristol Paris<\/a> a \u00e9t\u00e9 le tout premier h\u00f4tel de la ville \u00e0 obtenir l&#8217;appellation &#8220;Palace&#8221;.<\/p>\n            <\/div>\r\n    \r\n<\/section>\n\n\r\n<section class=\"image-grid image-grid-1 \">\r\n        <div class=\"image-container img-1\">\r\n        <picture class=\"img-1\">\n                <source srcset=\"https:\/\/fr.lartisien.com\/blog\/wp-content\/uploads\/2023\/01\/Le-Bristol-Paris-Facade-@Romainreglade-6-1.jpg\" media=\"(min-width: 1400px)\">\n                <source srcset=\"https:\/\/fr.lartisien.com\/blog\/wp-content\/uploads\/2023\/01\/Le-Bristol-Paris-Facade-@Romainreglade-6-1-1536x727.jpg\" media=\"(min-width: 1000px)\">\n                <source srcset=\"https:\/\/fr.lartisien.com\/blog\/wp-content\/uploads\/2023\/01\/Le-Bristol-Paris-Facade-@Romainreglade-6-1-1024x485.jpg\" media=\"(min-width: 600px)\">\n                <source srcset=\"https:\/\/fr.lartisien.com\/blog\/wp-content\/uploads\/2023\/01\/Le-Bristol-Paris-Facade-@Romainreglade-6-1-768x364.jpg\" media=\"(min-width: 100px)\">\n                <img decoding=\"async\" style=\"\" loading=\"lazy\" class=\"img-1\" src=\"https:\/\/fr.lartisien.com\/blog\/wp-content\/uploads\/2023\/01\/Le-Bristol-Paris-Facade-@Romainreglade-6-1-1024x485.jpg\" alt=\"\" \/>\n            <\/picture>    <\/div>\r\n    <\/section>\r\n\n\n\n<p>Derri\u00e8re sa fa\u00e7ade haussmannienne d&#8217;un blanc immacul\u00e9, l&#8217;<a href=\"https:\/\/fr.lartisien.com\/hotel\/le-bristol-paris\">h\u00f4tel<\/a> abrite 190 chambres, suites et suites signature. Ses chambres pr\u00e9sentent un m\u00e9lange de style r\u00e9sidentiel parisien et de style Versailles notamment \u00e0 travers le mobilier d&#8217;\u00e9poque, les lustres, les rideaux \u00e0 motifs, les cadres de miroir dor\u00e9s et les \u0153uvres d&#8217;art aux murs, entre autres. L&#8217;h\u00f4tel dispose \u00e9galement de suites avec jardin priv\u00e9, comme la Suite Panoramique, la Suite Terrasse et la Suite Terrasse avec Spa ext\u00e9rieur.<\/p>\n\n\n\r\n<section class=\"image-grid image-grid-2 \">\r\n        <div class=\"image-container img-1\">\r\n        <picture class=\"img-1\">\n                <source srcset=\"https:\/\/fr.lartisien.com\/blog\/wp-content\/uploads\/2023\/01\/Le_Bristol_Paris_-_Suite_Lumiere_-_C_Claire_Cocano_9633.jpg\" media=\"(min-width: 1400px)\">\n                <source srcset=\"https:\/\/fr.lartisien.com\/blog\/wp-content\/uploads\/2023\/01\/Le_Bristol_Paris_-_Suite_Lumiere_-_C_Claire_Cocano_9633-1536x1024.jpg\" media=\"(min-width: 1000px)\">\n                <source srcset=\"https:\/\/fr.lartisien.com\/blog\/wp-content\/uploads\/2023\/01\/Le_Bristol_Paris_-_Suite_Lumiere_-_C_Claire_Cocano_9633-1024x682.jpg\" media=\"(min-width: 600px)\">\n                <source srcset=\"https:\/\/fr.lartisien.com\/blog\/wp-content\/uploads\/2023\/01\/Le_Bristol_Paris_-_Suite_Lumiere_-_C_Claire_Cocano_9633-768x512.jpg\" media=\"(min-width: 100px)\">\n                <img decoding=\"async\" style=\"\" loading=\"lazy\" class=\"img-1\" src=\"https:\/\/fr.lartisien.com\/blog\/wp-content\/uploads\/2023\/01\/Le_Bristol_Paris_-_Suite_Lumiere_-_C_Claire_Cocano_9633-1024x682.jpg\" alt=\"\" \/>\n            <\/picture>    <\/div>\r\n        <div class=\"image-container img-2\">\r\n        <picture class=\"img-2\">\n                <source srcset=\"https:\/\/fr.lartisien.com\/blog\/wp-content\/uploads\/2023\/01\/97740-root-junior-suite-living-area-scaled.jpeg\" media=\"(min-width: 1400px)\">\n                <source srcset=\"https:\/\/fr.lartisien.com\/blog\/wp-content\/uploads\/2023\/01\/97740-root-junior-suite-living-area-scaled.jpeg\" media=\"(min-width: 1000px)\">\n                <source srcset=\"https:\/\/fr.lartisien.com\/blog\/wp-content\/uploads\/2023\/01\/97740-root-junior-suite-living-area-scaled.jpeg\" media=\"(min-width: 600px)\">\n                <source srcset=\"https:\/\/fr.lartisien.com\/blog\/wp-content\/uploads\/2023\/01\/97740-root-junior-suite-living-area-scaled.jpeg\" media=\"(min-width: 100px)\">\n                <img decoding=\"async\" style=\"\" loading=\"lazy\" class=\"img-2\" src=\"https:\/\/fr.lartisien.com\/blog\/wp-content\/uploads\/2023\/01\/97740-root-junior-suite-living-area-scaled.jpeg\" alt=\"\" \/>\n            <\/picture>    <\/div>\r\n    <\/section>\r\n\n\n\r\n<section class=\"image-grid image-grid-1 \">\r\n        <div class=\"image-container img-1\">\r\n        <picture class=\"img-1\">\n                <source srcset=\"https:\/\/fr.lartisien.com\/blog\/wp-content\/uploads\/2023\/01\/Le_Bristol_Paris_-_Jardin_-_C_Marianne_Majerus_5817.jpg\" media=\"(min-width: 1400px)\">\n                <source srcset=\"https:\/\/fr.lartisien.com\/blog\/wp-content\/uploads\/2023\/01\/Le_Bristol_Paris_-_Jardin_-_C_Marianne_Majerus_5817-1536x1024.jpg\" media=\"(min-width: 1000px)\">\n                <source srcset=\"https:\/\/fr.lartisien.com\/blog\/wp-content\/uploads\/2023\/01\/Le_Bristol_Paris_-_Jardin_-_C_Marianne_Majerus_5817-1024x682.jpg\" media=\"(min-width: 600px)\">\n                <source srcset=\"https:\/\/fr.lartisien.com\/blog\/wp-content\/uploads\/2023\/01\/Le_Bristol_Paris_-_Jardin_-_C_Marianne_Majerus_5817-768x512.jpg\" media=\"(min-width: 100px)\">\n                <img decoding=\"async\" style=\"\" loading=\"lazy\" class=\"img-1\" src=\"https:\/\/fr.lartisien.com\/blog\/wp-content\/uploads\/2023\/01\/Le_Bristol_Paris_-_Jardin_-_C_Marianne_Majerus_5817-1024x682.jpg\" alt=\"\" \/>\n            <\/picture>    <\/div>\r\n    <\/section>\r\n\n\n\r\n<section class=\"text-and-image-container \">\r\n    <div class=\"text-and-image-content text-and-image-image\">\r\n        <picture class=\"\">\n                <source srcset=\"https:\/\/fr.lartisien.com\/blog\/wp-content\/uploads\/2023\/01\/Le_Bristol_Paris_-_Epicure_-_C_Claire_Cocano_3034.jpg\" media=\"(min-width: 1400px)\">\n                <source srcset=\"https:\/\/fr.lartisien.com\/blog\/wp-content\/uploads\/2023\/01\/Le_Bristol_Paris_-_Epicure_-_C_Claire_Cocano_3034-1536x1024.jpg\" media=\"(min-width: 1000px)\">\n                <source srcset=\"https:\/\/fr.lartisien.com\/blog\/wp-content\/uploads\/2023\/01\/Le_Bristol_Paris_-_Epicure_-_C_Claire_Cocano_3034-1024x682.jpg\" media=\"(min-width: 600px)\">\n                <source srcset=\"https:\/\/fr.lartisien.com\/blog\/wp-content\/uploads\/2023\/01\/Le_Bristol_Paris_-_Epicure_-_C_Claire_Cocano_3034-768x512.jpg\" media=\"(min-width: 100px)\">\n                <img decoding=\"async\" style=\"\" loading=\"lazy\" class=\"\" src=\"https:\/\/fr.lartisien.com\/blog\/wp-content\/uploads\/2023\/01\/Le_Bristol_Paris_-_Epicure_-_C_Claire_Cocano_3034-1024x682.jpg\" alt=\"\" \/>\n            <\/picture>    <\/div>\r\n    <div class=\"text-and-image-content text-and-image-text\">\r\n                <p>Avec ses 5 restaurants et bars, l&#8217;<a href=\"https:\/\/fr.lartisien.com\/hotel\/le-bristol-paris\">h\u00f4tel<\/a> compte pas moins de 4 \u00e9toiles Michelin. La t\u00eate d&#8217;affiche de l&#8217;offre culinaire est l&#8217;Epicure, 3 \u00e9toiles Michelin, qui propose la cuisine gastronomique du chef Eric Frechon. Le 113 Faubourg est le restaurant \u00e9toil\u00e9 Michelin de l&#8217;h\u00f4tel. Le Caf\u00e9 Antonia et le Bar du Bristol offrent deux cadres distincts pour les boissons et les snacks. L&#8217;un des joyaux de l&#8217;h\u00f4tel Le Bristol Paris est toutefois le Jardin Fran\u00e7ais, une cour de 13 000 m\u00b2 situ\u00e9e au c\u0153ur de l&#8217;h\u00f4tel.<\/p>\n            <\/div>\r\n    \r\n<\/section>\n\n\r\n<section class=\"image-grid image-grid-1 \">\r\n        <div class=\"image-container img-1\">\r\n        <picture class=\"img-1\">\n                <source srcset=\"https:\/\/fr.lartisien.com\/blog\/wp-content\/uploads\/2023\/01\/Le_Bristol_Paris_-_Piscine_-_Claire_Cocano_-_5_3268.jpg\" media=\"(min-width: 1400px)\">\n                <source srcset=\"https:\/\/fr.lartisien.com\/blog\/wp-content\/uploads\/2023\/01\/Le_Bristol_Paris_-_Piscine_-_Claire_Cocano_-_5_3268-1536x1024.jpg\" media=\"(min-width: 1000px)\">\n                <source srcset=\"https:\/\/fr.lartisien.com\/blog\/wp-content\/uploads\/2023\/01\/Le_Bristol_Paris_-_Piscine_-_Claire_Cocano_-_5_3268-1024x682.jpg\" media=\"(min-width: 600px)\">\n                <source srcset=\"https:\/\/fr.lartisien.com\/blog\/wp-content\/uploads\/2023\/01\/Le_Bristol_Paris_-_Piscine_-_Claire_Cocano_-_5_3268-768x512.jpg\" media=\"(min-width: 100px)\">\n                <img decoding=\"async\" style=\"\" loading=\"lazy\" class=\"img-1\" src=\"https:\/\/fr.lartisien.com\/blog\/wp-content\/uploads\/2023\/01\/Le_Bristol_Paris_-_Piscine_-_Claire_Cocano_-_5_3268-1024x682.jpg\" alt=\"\" \/>\n            <\/picture>    <\/div>\r\n    <\/section>\r\n\n\n\r\n<section class=\"text-and-image-container container-reversed\">\r\n    <div class=\"text-and-image-content text-and-image-image\">\r\n        <picture class=\"\">\n                <source srcset=\"https:\/\/fr.lartisien.com\/blog\/wp-content\/uploads\/2023\/01\/78954-root-spa-treatment-room-2048x1366.jpeg\" media=\"(min-width: 1400px)\">\n                <source srcset=\"https:\/\/fr.lartisien.com\/blog\/wp-content\/uploads\/2023\/01\/78954-root-spa-treatment-room-1536x1024.jpeg\" media=\"(min-width: 1000px)\">\n                <source srcset=\"https:\/\/fr.lartisien.com\/blog\/wp-content\/uploads\/2023\/01\/78954-root-spa-treatment-room-1024x683.jpeg\" media=\"(min-width: 600px)\">\n                <source srcset=\"https:\/\/fr.lartisien.com\/blog\/wp-content\/uploads\/2023\/01\/78954-root-spa-treatment-room-768x512.jpeg\" media=\"(min-width: 100px)\">\n                <img decoding=\"async\" style=\"\" loading=\"lazy\" class=\"\" src=\"https:\/\/fr.lartisien.com\/blog\/wp-content\/uploads\/2023\/01\/78954-root-spa-treatment-room-1024x683.jpeg\" alt=\"\" \/>\n            <\/picture>    <\/div>\r\n    <div class=\"text-and-image-content text-and-image-text\">\r\n                <p>Le Spa Le Bristol by La Prairie propose 8 salles de soins, avec acc\u00e8s \u00e0 un jardin int\u00e9rieur priv\u00e9, et b\u00e9n\u00e9ficie \u00e9galement d\u2019une collaboration Tata Harper. La piscine, au 6e \u00e9tage pr\u00e9sente un int\u00e9rieur compl\u00e8tement bois\u00e9 qui lui donne des allures de pont de navire, et est ouverte sur la ville gr\u00e2ce \u00e0 ses grandes fen\u00eatres, permettant d\u2019admirer la Tour Eiffel ainsi que le Sacr\u00e9 coeur. <\/p>\n            <\/div>\r\n    \r\n<\/section>\n\n<section class=\"important-information\">\r\n    <p class=\"p--4 important-information-header\"><\/p>\r\n    <div class=\"p--5 important-information-content\"><p><a href=\"https:\/\/fr.lartisien.com\/hotel\/le-bristol-paris\">Le Bristol<\/a><\/p>\n<p><i><span style=\"font-weight: 400;\"><strong>Address:<\/strong> 112, rue du Faubourg Saint Honor\u00e9, Paris<\/span><\/i><span style=\"font-weight: 400;\">\u00a0<\/span><\/p>\n<p><i><span style=\"font-weight: 400;\"><strong>Transfer:<\/strong> 40 minutes from Paris Charles de Gaulle Airport<\/span><\/i><span style=\"font-weight: 400;\">\u00a0<\/span><\/p>\n<p><i><span style=\"font-weight: 400;\"><strong>Opening period:<\/strong> All year<\/span><\/i><span style=\"font-weight: 400;\">\u00a0<\/span><\/p>\n<\/div>\r\n<\/section>\n\n\r\n<section class=\"text-and-image-container \">\r\n    <div class=\"text-and-image-content text-and-image-image\">\r\n        <picture class=\"\">\n                <source srcset=\"https:\/\/fr.lartisien.com\/blog\/wp-content\/uploads\/2023\/01\/reserve-front-2048x1365.jpeg\" media=\"(min-width: 1400px)\">\n                <source srcset=\"https:\/\/fr.lartisien.com\/blog\/wp-content\/uploads\/2023\/01\/reserve-front-1536x1024.jpeg\" media=\"(min-width: 1000px)\">\n                <source srcset=\"https:\/\/fr.lartisien.com\/blog\/wp-content\/uploads\/2023\/01\/reserve-front-1024x682.jpeg\" media=\"(min-width: 600px)\">\n                <source srcset=\"https:\/\/fr.lartisien.com\/blog\/wp-content\/uploads\/2023\/01\/reserve-front-768x512.jpeg\" media=\"(min-width: 100px)\">\n                <img decoding=\"async\" style=\"\" loading=\"lazy\" class=\"\" src=\"https:\/\/fr.lartisien.com\/blog\/wp-content\/uploads\/2023\/01\/reserve-front-1024x682.jpeg\" alt=\"\" \/>\n            <\/picture>    <\/div>\r\n    <div class=\"text-and-image-content text-and-image-text\">\r\n                <h2 class=\"text-and-image-block-title\">La R\u00e9serve Paris Hotel &#038; Spa <\/h2>\r\n                <p>Situ\u00e9 \u00e0 mi-chemin entre l&#8217;avenue Montaigne et la rue du Faubourg Saint-Honor\u00e9, avec vue sur la Tour Eiffel et le Panth\u00e9on, l\u2019h\u00f4tel <a href=\"https:\/\/fr.lartisien.com\/hotel\/lareserve-paris-hotel-spa\">La R\u00e9serve Paris Hotel &amp; Spa<\/a> se d\u00e9marque des palaces de Paris en proposant un s\u00e9jour beaucoup plus intime et priv\u00e9.<\/p>\n            <\/div>\r\n    \r\n<\/section>\n\n\r\n<section class=\"image-grid image-grid-1 \">\r\n        <div class=\"image-container img-1\">\r\n        <picture class=\"img-1\">\n                <source srcset=\"https:\/\/fr.lartisien.com\/blog\/wp-content\/uploads\/2023\/01\/84466-root-interiors-library-scaled.jpeg\" media=\"(min-width: 1400px)\">\n                <source srcset=\"https:\/\/fr.lartisien.com\/blog\/wp-content\/uploads\/2023\/01\/84466-root-interiors-library-scaled.jpeg\" media=\"(min-width: 1000px)\">\n                <source srcset=\"https:\/\/fr.lartisien.com\/blog\/wp-content\/uploads\/2023\/01\/84466-root-interiors-library-scaled.jpeg\" media=\"(min-width: 600px)\">\n                <source srcset=\"https:\/\/fr.lartisien.com\/blog\/wp-content\/uploads\/2023\/01\/84466-root-interiors-library-scaled.jpeg\" media=\"(min-width: 100px)\">\n                <img decoding=\"async\" style=\"\" loading=\"lazy\" class=\"img-1\" src=\"https:\/\/fr.lartisien.com\/blog\/wp-content\/uploads\/2023\/01\/84466-root-interiors-library-scaled.jpeg\" alt=\"\" \/>\n            <\/picture>    <\/div>\r\n    <\/section>\r\n\n\n\n<p>Autrefois la demeure du Duc de Morny, demi-fr\u00e8re de Napol\u00e9on III, cet immeuble haussmannien a \u00e9t\u00e9 transform\u00e9 en h\u00f4tel en 2015. Le designer parisien star, Jacques Garcia, a \u00e9t\u00e9 charg\u00e9 de donner \u00e0 l&#8217;h\u00f4tel son nouveau look m\u00ealant esth\u00e9tique du Vieux Monde et confort plus contemporain. Dans les espaces communs, le style Second Empire avec l\u2019usage de couleurs cramoisie et vert \u00e9meraude, de meubles en bois sombre et de dorures, cr\u00e9ent une atmosph\u00e8re confidentielle tr\u00e8s \u00e9l\u00e9gante. Dans les 40 chambres et suites de l&#8217;h\u00f4tel, les clients b\u00e9n\u00e9ficient d&#8217;un d\u00e9cor parisien chic du XIXe si\u00e8cle, avec des murs en damas de soie, des meubles d&#8217;\u00e9poque avec des d\u00e9tails dor\u00e9s, des luminaires Art d\u00e9co et des salles de bains en marbre de Carrare avec douche italienne et double vasque. Chaque chambre est dot\u00e9e d&#8217;un service de majordome d\u00e9di\u00e9.<\/p>\n\n\n\r\n<section class=\"image-grid image-grid-2 fifty-fifty-grid\">\r\n        <div class=\"image-container img-1\">\r\n        <picture class=\"img-1\">\n                <source srcset=\"https:\/\/fr.lartisien.com\/blog\/wp-content\/uploads\/2023\/01\/reserve-2048x1409.jpeg\" media=\"(min-width: 1400px)\">\n                <source srcset=\"https:\/\/fr.lartisien.com\/blog\/wp-content\/uploads\/2023\/01\/reserve-1536x1057.jpeg\" media=\"(min-width: 1000px)\">\n                <source srcset=\"https:\/\/fr.lartisien.com\/blog\/wp-content\/uploads\/2023\/01\/reserve-1024x704.jpeg\" media=\"(min-width: 600px)\">\n                <source srcset=\"https:\/\/fr.lartisien.com\/blog\/wp-content\/uploads\/2023\/01\/reserve-768x528.jpeg\" media=\"(min-width: 100px)\">\n                <img decoding=\"async\" style=\"\" loading=\"lazy\" class=\"img-1\" src=\"https:\/\/fr.lartisien.com\/blog\/wp-content\/uploads\/2023\/01\/reserve-1024x704.jpeg\" alt=\"\" \/>\n            <\/picture>    <\/div>\r\n        <div class=\"image-container img-2\">\r\n        <picture class=\"img-2\">\n                <source srcset=\"https:\/\/fr.lartisien.com\/blog\/wp-content\/uploads\/2023\/01\/84549-root-presidential-suite-bed-2048x1365.jpeg\" media=\"(min-width: 1400px)\">\n                <source srcset=\"https:\/\/fr.lartisien.com\/blog\/wp-content\/uploads\/2023\/01\/84549-root-presidential-suite-bed-1536x1024.jpeg\" media=\"(min-width: 1000px)\">\n                <source srcset=\"https:\/\/fr.lartisien.com\/blog\/wp-content\/uploads\/2023\/01\/84549-root-presidential-suite-bed-1024x683.jpeg\" media=\"(min-width: 600px)\">\n                <source srcset=\"https:\/\/fr.lartisien.com\/blog\/wp-content\/uploads\/2023\/01\/84549-root-presidential-suite-bed-768x512.jpeg\" media=\"(min-width: 100px)\">\n                <img decoding=\"async\" style=\"\" loading=\"lazy\" class=\"img-2\" src=\"https:\/\/fr.lartisien.com\/blog\/wp-content\/uploads\/2023\/01\/84549-root-presidential-suite-bed-1024x683.jpeg\" alt=\"\" \/>\n            <\/picture>    <\/div>\r\n    <\/section>\r\n\n\n\r\n<section class=\"image-grid image-grid-1 \">\r\n        <div class=\"image-container img-1\">\r\n        <picture class=\"img-1\">\n                <source srcset=\"https:\/\/fr.lartisien.com\/blog\/wp-content\/uploads\/2023\/01\/61511-root-presidential-suite-living-area-2048x1366.jpeg\" media=\"(min-width: 1400px)\">\n                <source srcset=\"https:\/\/fr.lartisien.com\/blog\/wp-content\/uploads\/2023\/01\/61511-root-presidential-suite-living-area-1536x1024.jpeg\" media=\"(min-width: 1000px)\">\n                <source srcset=\"https:\/\/fr.lartisien.com\/blog\/wp-content\/uploads\/2023\/01\/61511-root-presidential-suite-living-area-1024x683.jpeg\" media=\"(min-width: 600px)\">\n                <source srcset=\"https:\/\/fr.lartisien.com\/blog\/wp-content\/uploads\/2023\/01\/61511-root-presidential-suite-living-area-768x512.jpeg\" media=\"(min-width: 100px)\">\n                <img decoding=\"async\" style=\"\" loading=\"lazy\" class=\"img-1\" src=\"https:\/\/fr.lartisien.com\/blog\/wp-content\/uploads\/2023\/01\/61511-root-presidential-suite-living-area-1024x683.jpeg\" alt=\"\" \/>\n            <\/picture>    <\/div>\r\n    <\/section>\r\n\n\n\r\n<section class=\"text-and-image-container \">\r\n    <div class=\"text-and-image-content text-and-image-image\">\r\n        <picture class=\"\">\n                <source srcset=\"https:\/\/fr.lartisien.com\/blog\/wp-content\/uploads\/2023\/01\/84461-root-la-pagode-de-cos-dining-room-2048x1365.jpeg\" media=\"(min-width: 1400px)\">\n                <source srcset=\"https:\/\/fr.lartisien.com\/blog\/wp-content\/uploads\/2023\/01\/84461-root-la-pagode-de-cos-dining-room-1536x1024.jpeg\" media=\"(min-width: 1000px)\">\n                <source srcset=\"https:\/\/fr.lartisien.com\/blog\/wp-content\/uploads\/2023\/01\/84461-root-la-pagode-de-cos-dining-room-1024x683.jpeg\" media=\"(min-width: 600px)\">\n                <source srcset=\"https:\/\/fr.lartisien.com\/blog\/wp-content\/uploads\/2023\/01\/84461-root-la-pagode-de-cos-dining-room-768x512.jpeg\" media=\"(min-width: 100px)\">\n                <img decoding=\"async\" style=\"\" loading=\"lazy\" class=\"\" src=\"https:\/\/fr.lartisien.com\/blog\/wp-content\/uploads\/2023\/01\/84461-root-la-pagode-de-cos-dining-room-1024x683.jpeg\" alt=\"\" \/>\n            <\/picture>    <\/div>\r\n    <div class=\"text-and-image-content text-and-image-text\">\r\n                <p><a href=\"https:\/\/fr.lartisien.com\/hotel\/lareserve-paris-hotel-spa\">La R\u00e9serve Paris Hotel &amp; Spa<\/a> propose la cuisine du chef \u00e9toil\u00e9 J\u00e9r\u00f4me Banctel aux restaurants Le Gabriel et La Pagode de Cos. La belle biblioth\u00e8que Duc de Morny permet de d\u00e9jeuner l\u00e9ger ou de prendre l\u2019afternoon tea. Au Gaspard, bar de l\u2019h\u00f4tel, les clients peuvent profiter des cocktails et de la musique.<\/p>\n            <\/div>\r\n    \r\n<\/section>\n\n\r\n<section class=\"text-and-image-container container-reversed\">\r\n    <div class=\"text-and-image-content text-and-image-image\">\r\n        <picture class=\"\">\n                <source srcset=\"https:\/\/fr.lartisien.com\/blog\/wp-content\/uploads\/2023\/01\/57170-root-pool-indoor-pool-2048x1366.jpeg\" media=\"(min-width: 1400px)\">\n                <source srcset=\"https:\/\/fr.lartisien.com\/blog\/wp-content\/uploads\/2023\/01\/57170-root-pool-indoor-pool-1536x1024.jpeg\" media=\"(min-width: 1000px)\">\n                <source srcset=\"https:\/\/fr.lartisien.com\/blog\/wp-content\/uploads\/2023\/01\/57170-root-pool-indoor-pool-1024x683.jpeg\" media=\"(min-width: 600px)\">\n                <source srcset=\"https:\/\/fr.lartisien.com\/blog\/wp-content\/uploads\/2023\/01\/57170-root-pool-indoor-pool-768x512.jpeg\" media=\"(min-width: 100px)\">\n                <img decoding=\"async\" style=\"\" loading=\"lazy\" class=\"\" src=\"https:\/\/fr.lartisien.com\/blog\/wp-content\/uploads\/2023\/01\/57170-root-pool-indoor-pool-1024x683.jpeg\" alt=\"\" \/>\n            <\/picture>    <\/div>\r\n    <div class=\"text-and-image-content text-and-image-text\">\r\n                <p>Le spa propose un programme de bien-\u00eatre con\u00e7u par Nescens-Swiss. En plus d&#8217;une piscine de 16 m\u00e8tres, d&#8217;un hammam et d&#8217;un espace de remise en forme, les clients peuvent profiter du programme exclusif du spa dans trois salles de soins.<\/p>\n            <\/div>\r\n    \r\n<\/section>\n\n<section class=\"important-information\">\r\n    <p class=\"p--4 important-information-header\"><\/p>\r\n    <div class=\"p--5 important-information-content\"><p><a href=\"https:\/\/fr.lartisien.com\/hotel\/lareserve-paris-hotel-spa\">La R\u00e9serve Paris H\u00f4tel &amp; Spa<\/a><br \/>\n<i><span style=\"font-weight: 400;\"><strong>Address:<\/strong> 42 Avenue Gabriel, Paris<\/span><\/i><span style=\"font-weight: 400;\">\u00a0<\/span><\/p>\n<p><i><span style=\"font-weight: 400;\"><strong>Transfer:<\/strong> 40 minutes from Paris Charles de Gaulle Airport<\/span><\/i><span style=\"font-weight: 400;\">\u00a0<\/span><\/p>\n<p><i><span style=\"font-weight: 400;\"><strong>Opening period:<\/strong> All year<\/span><\/i><span style=\"font-weight: 400;\">\u00a0<\/span><\/p>\n<\/div>\r\n<\/section>\n\n\n<h2>O\u00f9 s\u00e9journer pr\u00e8s des Champs-Elys\u00e9es ?<\/h2>\n\n\n\r\n<section class=\"text-and-image-container \">\r\n    <div class=\"text-and-image-content text-and-image-image\">\r\n        <picture class=\"\">\n                <source srcset=\"https:\/\/fr.lartisien.com\/blog\/wp-content\/uploads\/2023\/01\/98152-root-penthouse-suite-terrace-2048x1367.jpeg\" media=\"(min-width: 1400px)\">\n                <source srcset=\"https:\/\/fr.lartisien.com\/blog\/wp-content\/uploads\/2023\/01\/98152-root-penthouse-suite-terrace-1536x1025.jpeg\" media=\"(min-width: 1000px)\">\n                <source srcset=\"https:\/\/fr.lartisien.com\/blog\/wp-content\/uploads\/2023\/01\/98152-root-penthouse-suite-terrace-1024x683.jpeg\" media=\"(min-width: 600px)\">\n                <source srcset=\"https:\/\/fr.lartisien.com\/blog\/wp-content\/uploads\/2023\/01\/98152-root-penthouse-suite-terrace-768x513.jpeg\" media=\"(min-width: 100px)\">\n                <img decoding=\"async\" style=\"\" loading=\"lazy\" class=\"\" src=\"https:\/\/fr.lartisien.com\/blog\/wp-content\/uploads\/2023\/01\/98152-root-penthouse-suite-terrace-1024x683.jpeg\" alt=\"\" \/>\n            <\/picture>    <\/div>\r\n    <div class=\"text-and-image-content text-and-image-text\">\r\n                <h2 class=\"text-and-image-block-title\">Four Seasons Hotel George V <\/h2>\r\n                <p>Situ\u00e9 dans le Triangle d&#8217;Or de Paris, quartier le plus fastueux de la capitale, le <a href=\"https:\/\/fr.lartisien.com\/hotel\/four-seasons-george-v\">Four Seasons Hotel George V<\/a> place ses clients dans le quartier des flagships des plus grandes maisons de haute couture avec sa localisation, entre les Champs Elys\u00e9es, avenue la plus c\u00e9l\u00e8bre de France, l\u2019Avenue Montaigne et l\u2019avenue George V. Louis Vuitton, Dior, Chanel, Ralph Lauren.<\/p>\n            <\/div>\r\n    \r\n<\/section>\n\n\r\n<section class=\"text-and-image-container \">\r\n    <div class=\"text-and-image-content text-and-image-image\">\r\n            <\/div>\r\n    <div class=\"text-and-image-content text-and-image-text\">\r\n                            <\/div>\r\n    \r\n<\/section>\n\n\r\n<section class=\"image-grid image-grid-2 sixty-forty-grid\">\r\n        <div class=\"image-container img-1\">\r\n        <picture class=\"img-1\">\n                <source srcset=\"https:\/\/fr.lartisien.com\/blog\/wp-content\/uploads\/2023\/01\/98110-root-superior-room-bed-2048x1367.jpeg\" media=\"(min-width: 1400px)\">\n                <source srcset=\"https:\/\/fr.lartisien.com\/blog\/wp-content\/uploads\/2023\/01\/98110-root-superior-room-bed-1536x1025.jpeg\" media=\"(min-width: 1000px)\">\n                <source srcset=\"https:\/\/fr.lartisien.com\/blog\/wp-content\/uploads\/2023\/01\/98110-root-superior-room-bed-1024x683.jpeg\" media=\"(min-width: 600px)\">\n                <source srcset=\"https:\/\/fr.lartisien.com\/blog\/wp-content\/uploads\/2023\/01\/98110-root-superior-room-bed-768x513.jpeg\" media=\"(min-width: 100px)\">\n                <img decoding=\"async\" style=\"\" loading=\"lazy\" class=\"img-1\" src=\"https:\/\/fr.lartisien.com\/blog\/wp-content\/uploads\/2023\/01\/98110-root-superior-room-bed-1024x683.jpeg\" alt=\"\" \/>\n            <\/picture>    <\/div>\r\n        <div class=\"image-container img-2\">\r\n        <picture class=\"img-2\">\n                <source srcset=\"https:\/\/fr.lartisien.com\/blog\/wp-content\/uploads\/2023\/01\/98131-root-eiffel-tower-suite-outside-view-2048x1363.jpeg\" media=\"(min-width: 1400px)\">\n                <source srcset=\"https:\/\/fr.lartisien.com\/blog\/wp-content\/uploads\/2023\/01\/98131-root-eiffel-tower-suite-outside-view-1536x1023.jpeg\" media=\"(min-width: 1000px)\">\n                <source srcset=\"https:\/\/fr.lartisien.com\/blog\/wp-content\/uploads\/2023\/01\/98131-root-eiffel-tower-suite-outside-view-1024x682.jpeg\" media=\"(min-width: 600px)\">\n                <source srcset=\"https:\/\/fr.lartisien.com\/blog\/wp-content\/uploads\/2023\/01\/98131-root-eiffel-tower-suite-outside-view-768x511.jpeg\" media=\"(min-width: 100px)\">\n                <img decoding=\"async\" style=\"\" loading=\"lazy\" class=\"img-2\" src=\"https:\/\/fr.lartisien.com\/blog\/wp-content\/uploads\/2023\/01\/98131-root-eiffel-tower-suite-outside-view-1024x682.jpeg\" alt=\"\" \/>\n            <\/picture>    <\/div>\r\n    <\/section>\r\n\n\n\n<p>Aujourd&#8217;hui, les 244 chambres et suites de ce b\u00e2timent Art d\u00e9co pr\u00e9sentent un style r\u00e9sidentiel chic toutefois r\u00e9hauss\u00e9 par des objets d\u2019art, des peintures. Le plus beau d\u00e9cor de cet h\u00f4tel est certainement la Tour Eiffel, visible depuis les terrasses de nombreuses chambres. L&#8217;h\u00f4tel dispose m\u00eame de la Suite Tour Eiffel, qui offre une vue panoramique sur la ville et la tour \u00e9ponyme.<\/p>\n\n\n\r\n<section class=\"image-grid image-grid-1 \">\r\n        <div class=\"image-container img-1\">\r\n        <picture class=\"img-1\">\n                <source srcset=\"https:\/\/fr.lartisien.com\/blog\/wp-content\/uploads\/2023\/01\/82922-root-restaurants-bars-la-galerie-2048x1365.jpeg\" media=\"(min-width: 1400px)\">\n                <source srcset=\"https:\/\/fr.lartisien.com\/blog\/wp-content\/uploads\/2023\/01\/82922-root-restaurants-bars-la-galerie-1536x1024.jpeg\" media=\"(min-width: 1000px)\">\n                <source srcset=\"https:\/\/fr.lartisien.com\/blog\/wp-content\/uploads\/2023\/01\/82922-root-restaurants-bars-la-galerie-1024x683.jpeg\" media=\"(min-width: 600px)\">\n                <source srcset=\"https:\/\/fr.lartisien.com\/blog\/wp-content\/uploads\/2023\/01\/82922-root-restaurants-bars-la-galerie-768x512.jpeg\" media=\"(min-width: 100px)\">\n                <img decoding=\"async\" style=\"\" loading=\"lazy\" class=\"img-1\" src=\"https:\/\/fr.lartisien.com\/blog\/wp-content\/uploads\/2023\/01\/82922-root-restaurants-bars-la-galerie-1024x683.jpeg\" alt=\"\" \/>\n            <\/picture>    <\/div>\r\n    <\/section>\r\n\n\n\n<p>L&#8217;<a href=\"https:\/\/fr.lartisien.com\/hotel\/four-seasons-george-v\">h\u00f4tel<\/a> poss\u00e8de son propre restaurant \u00e9toil\u00e9 au Michelin, Le Cinq. Cette adresse 3 \u00e9toiles Michelin, sign\u00e9e Christian Le Squer, est l&#8217;incarnation m\u00eame de la gastronomie fran\u00e7aise et s&#8217;accompagne de vins choisis par le chef sommelier prim\u00e9, Eric Beaumard.&nbsp;<\/p>\n\n\n\r\n<section class=\"image-grid image-grid-2 \">\r\n        <div class=\"image-container img-1\">\r\n        <picture class=\"img-1\">\n                <source srcset=\"https:\/\/fr.lartisien.com\/blog\/wp-content\/uploads\/2023\/01\/67466-root-restaurants-bars-le-george-scaled.jpeg\" media=\"(min-width: 1400px)\">\n                <source srcset=\"https:\/\/fr.lartisien.com\/blog\/wp-content\/uploads\/2023\/01\/67466-root-restaurants-bars-le-george-scaled.jpeg\" media=\"(min-width: 1000px)\">\n                <source srcset=\"https:\/\/fr.lartisien.com\/blog\/wp-content\/uploads\/2023\/01\/67466-root-restaurants-bars-le-george-scaled.jpeg\" media=\"(min-width: 600px)\">\n                <source srcset=\"https:\/\/fr.lartisien.com\/blog\/wp-content\/uploads\/2023\/01\/67466-root-restaurants-bars-le-george-scaled.jpeg\" media=\"(min-width: 100px)\">\n                <img decoding=\"async\" style=\"\" loading=\"lazy\" class=\"img-1\" src=\"https:\/\/fr.lartisien.com\/blog\/wp-content\/uploads\/2023\/01\/67466-root-restaurants-bars-le-george-scaled.jpeg\" alt=\"\" \/>\n            <\/picture>    <\/div>\r\n        <div class=\"image-container img-2\">\r\n        <picture class=\"img-2\">\n                <source srcset=\"https:\/\/fr.lartisien.com\/blog\/wp-content\/uploads\/2023\/01\/82925-root-restaurants-bars-lorangerie-1-michelin-2048x1367.jpeg\" media=\"(min-width: 1400px)\">\n                <source srcset=\"https:\/\/fr.lartisien.com\/blog\/wp-content\/uploads\/2023\/01\/82925-root-restaurants-bars-lorangerie-1-michelin-1536x1025.jpeg\" media=\"(min-width: 1000px)\">\n                <source srcset=\"https:\/\/fr.lartisien.com\/blog\/wp-content\/uploads\/2023\/01\/82925-root-restaurants-bars-lorangerie-1-michelin-1024x683.jpeg\" media=\"(min-width: 600px)\">\n                <source srcset=\"https:\/\/fr.lartisien.com\/blog\/wp-content\/uploads\/2023\/01\/82925-root-restaurants-bars-lorangerie-1-michelin-768x513.jpeg\" media=\"(min-width: 100px)\">\n                <img decoding=\"async\" style=\"\" loading=\"lazy\" class=\"img-2\" src=\"https:\/\/fr.lartisien.com\/blog\/wp-content\/uploads\/2023\/01\/82925-root-restaurants-bars-lorangerie-1-michelin-1024x683.jpeg\" alt=\"\" \/>\n            <\/picture>    <\/div>\r\n    <\/section>\r\n\n\n\n<p>Le <a href=\"https:\/\/fr.lartisien.com\/hotel\/four-seasons-george-v\">Four Seasons Hotel George V<\/a> compte \u00e9galement deux autres restaurants une \u00e9toile Michelin, au George (o\u00f9 le chef Simone ravit avec les saveurs de la M\u00e9diterran\u00e9e) et \u00e0 L&#8217;Orangerie (un menu con\u00e7u par le chef Alain Taudon, autour des l\u00e9gumes verts et du poisson).<\/p>\n\n\n\r\n<section class=\"text-and-image-container container-reversed\">\r\n    <div class=\"text-and-image-content text-and-image-image\">\r\n        <picture class=\"\">\n                <source srcset=\"https:\/\/fr.lartisien.com\/blog\/wp-content\/uploads\/2023\/01\/83976-root-restaurants-bars-le-bar-2048x1365.jpeg\" media=\"(min-width: 1400px)\">\n                <source srcset=\"https:\/\/fr.lartisien.com\/blog\/wp-content\/uploads\/2023\/01\/83976-root-restaurants-bars-le-bar-1536x1024.jpeg\" media=\"(min-width: 1000px)\">\n                <source srcset=\"https:\/\/fr.lartisien.com\/blog\/wp-content\/uploads\/2023\/01\/83976-root-restaurants-bars-le-bar-1024x683.jpeg\" media=\"(min-width: 600px)\">\n                <source srcset=\"https:\/\/fr.lartisien.com\/blog\/wp-content\/uploads\/2023\/01\/83976-root-restaurants-bars-le-bar-768x512.jpeg\" media=\"(min-width: 100px)\">\n                <img decoding=\"async\" style=\"\" loading=\"lazy\" class=\"\" src=\"https:\/\/fr.lartisien.com\/blog\/wp-content\/uploads\/2023\/01\/83976-root-restaurants-bars-le-bar-1024x683.jpeg\" alt=\"\" \/>\n            <\/picture>    <\/div>\r\n    <div class=\"text-and-image-content text-and-image-text\">\r\n                <p>Les clients peuvent \u00e9galement s&#8217;asseoir \u00e0 La Gallerie pour d\u00e9guster des plats fran\u00e7ais traditionnels ou prendre un verre au Bar. L\u2019h\u00f4tel est \u00e9galement \u00e0 proximit\u00e9 de la l\u00e9gendaire brasserie du Fouquet\u2019s.<\/p>\n            <\/div>\r\n    \r\n<\/section>\n\n\r\n<section class=\"image-grid image-grid-1 \">\r\n        <div class=\"image-container img-1\">\r\n        <picture class=\"img-1\">\n                <source srcset=\"https:\/\/fr.lartisien.com\/blog\/wp-content\/uploads\/2023\/01\/82931-root-sport-lesiure-and-wellness-spa-2048x1418.jpeg\" media=\"(min-width: 1400px)\">\n                <source srcset=\"https:\/\/fr.lartisien.com\/blog\/wp-content\/uploads\/2023\/01\/82931-root-sport-lesiure-and-wellness-spa-1536x1064.jpeg\" media=\"(min-width: 1000px)\">\n                <source srcset=\"https:\/\/fr.lartisien.com\/blog\/wp-content\/uploads\/2023\/01\/82931-root-sport-lesiure-and-wellness-spa-1024x709.jpeg\" media=\"(min-width: 600px)\">\n                <source srcset=\"https:\/\/fr.lartisien.com\/blog\/wp-content\/uploads\/2023\/01\/82931-root-sport-lesiure-and-wellness-spa-768x532.jpeg\" media=\"(min-width: 100px)\">\n                <img decoding=\"async\" style=\"\" loading=\"lazy\" class=\"img-1\" src=\"https:\/\/fr.lartisien.com\/blog\/wp-content\/uploads\/2023\/01\/82931-root-sport-lesiure-and-wellness-spa-1024x709.jpeg\" alt=\"\" \/>\n            <\/picture>    <\/div>\r\n    <\/section>\r\n\n\n\n<p>Le spa de l&#8217;h\u00f4tel propose des soins exclusifs tels que le soin Haute Couture du Dr Burgener, ou la ligne de produits de soin d&#8217;Olivier Claire. L\u2019h\u00f4tel dispose \u00e9galement d\u2019un centre de fitness qui donne sur une piscine Art D\u00e9co.<\/p>\n\n\n<section class=\"important-information\">\r\n    <p class=\"p--4 important-information-header\"><\/p>\r\n    <div class=\"p--5 important-information-content\"><p><a href=\"https:\/\/fr.lartisien.com\/hotel\/four-seasons-george-v\">Four Seasons Hotel GeorgHotele V<\/a><br \/>\n<em><strong>Address:<\/strong> 31 Av. George V, 75008 Paris, France<\/em><\/p>\n<p><em><strong>Transfer:<\/strong> 40 minutes from Paris Charles de Gaulle Airport<\/em><\/p>\n<p><em><strong>Opening period:<\/strong> All year<\/em><\/p>\n<\/div>\r\n<\/section>\n\n\r\n<section class=\"text-and-image-container \">\r\n    <div class=\"text-and-image-content text-and-image-image\">\r\n        <picture class=\"\">\n                <source srcset=\"https:\/\/fr.lartisien.com\/blog\/wp-content\/uploads\/2023\/01\/3000x2000_Hero-2048x1365.jpg\" media=\"(min-width: 1400px)\">\n                <source srcset=\"https:\/\/fr.lartisien.com\/blog\/wp-content\/uploads\/2023\/01\/3000x2000_Hero-1536x1024.jpg\" media=\"(min-width: 1000px)\">\n                <source srcset=\"https:\/\/fr.lartisien.com\/blog\/wp-content\/uploads\/2023\/01\/3000x2000_Hero-1024x683.jpg\" media=\"(min-width: 600px)\">\n                <source srcset=\"https:\/\/fr.lartisien.com\/blog\/wp-content\/uploads\/2023\/01\/3000x2000_Hero-768x512.jpg\" media=\"(min-width: 100px)\">\n                <img decoding=\"async\" style=\"\" loading=\"lazy\" class=\"\" src=\"https:\/\/fr.lartisien.com\/blog\/wp-content\/uploads\/2023\/01\/3000x2000_Hero-1024x683.jpg\" alt=\"\" \/>\n            <\/picture>    <\/div>\r\n    <div class=\"text-and-image-content text-and-image-text\">\r\n                <h2 class=\"text-and-image-block-title\">Bulgari Hotel Paris <\/h2>\r\n                <p>Sur l\u2019Avenue George V, au croisement avec la rue Pierre de Serbie, presqu\u2019en face du <a href=\"https:\/\/fr.lartisien.com\/hotel\/four-seasons-george-v\">Four Seasons Hotel George V<\/a>, le <a href=\"https:\/\/fr.lartisien.com\/hotel\/bvlgari-hotel-paris\">Bulgari Hotel Paris<\/a> est l&#8217;un des derniers n\u00e9s de la sc\u00e8ne h\u00f4teli\u00e8re parisienne et se situe dans le triangle d\u2019or, \u00e0 proximit\u00e9 des flagships et boutiques des plus grandes maisons de luxe.<\/p>\n            <\/div>\r\n    \r\n<\/section>\n\n\r\n<section class=\"image-grid image-grid-2 sixty-forty-grid\">\r\n        <div class=\"image-container img-1\">\r\n        <picture class=\"img-1\">\n                <source srcset=\"https:\/\/fr.lartisien.com\/blog\/wp-content\/uploads\/2023\/01\/Bvlgari-Paris-Penthouse-Master-Bedroom.jpeg\" media=\"(min-width: 1400px)\">\n                <source srcset=\"https:\/\/fr.lartisien.com\/blog\/wp-content\/uploads\/2023\/01\/Bvlgari-Paris-Penthouse-Master-Bedroom-1536x1024.jpeg\" media=\"(min-width: 1000px)\">\n                <source srcset=\"https:\/\/fr.lartisien.com\/blog\/wp-content\/uploads\/2023\/01\/Bvlgari-Paris-Penthouse-Master-Bedroom-1024x683.jpeg\" media=\"(min-width: 600px)\">\n                <source srcset=\"https:\/\/fr.lartisien.com\/blog\/wp-content\/uploads\/2023\/01\/Bvlgari-Paris-Penthouse-Master-Bedroom-768x512.jpeg\" media=\"(min-width: 100px)\">\n                <img decoding=\"async\" style=\"\" loading=\"lazy\" class=\"img-1\" src=\"https:\/\/fr.lartisien.com\/blog\/wp-content\/uploads\/2023\/01\/Bvlgari-Paris-Penthouse-Master-Bedroom-1024x683.jpeg\" alt=\"\" \/>\n            <\/picture>    <\/div>\r\n        <div class=\"image-container img-2\">\r\n        <picture class=\"img-2\">\n                <source srcset=\"https:\/\/fr.lartisien.com\/blog\/wp-content\/uploads\/2023\/01\/102489-root-bulgari-penthouse-terrace-2048x1367.jpeg\" media=\"(min-width: 1400px)\">\n                <source srcset=\"https:\/\/fr.lartisien.com\/blog\/wp-content\/uploads\/2023\/01\/102489-root-bulgari-penthouse-terrace-1536x1025.jpeg\" media=\"(min-width: 1000px)\">\n                <source srcset=\"https:\/\/fr.lartisien.com\/blog\/wp-content\/uploads\/2023\/01\/102489-root-bulgari-penthouse-terrace-1024x683.jpeg\" media=\"(min-width: 600px)\">\n                <source srcset=\"https:\/\/fr.lartisien.com\/blog\/wp-content\/uploads\/2023\/01\/102489-root-bulgari-penthouse-terrace-768x513.jpeg\" media=\"(min-width: 100px)\">\n                <img decoding=\"async\" style=\"\" loading=\"lazy\" class=\"img-2\" src=\"https:\/\/fr.lartisien.com\/blog\/wp-content\/uploads\/2023\/01\/102489-root-bulgari-penthouse-terrace-1024x683.jpeg\" alt=\"\" \/>\n            <\/picture>    <\/div>\r\n    <\/section>\r\n\n\n\r\n<section class=\"text-and-image-container \">\r\n    <div class=\"text-and-image-content text-and-image-image\">\r\n        <picture class=\"\">\n                <source srcset=\"https:\/\/fr.lartisien.com\/blog\/wp-content\/uploads\/2023\/01\/Executive-Suite-Loggia.jpeg\" media=\"(min-width: 1400px)\">\n                <source srcset=\"https:\/\/fr.lartisien.com\/blog\/wp-content\/uploads\/2023\/01\/Executive-Suite-Loggia-1024x1536.jpeg\" media=\"(min-width: 1000px)\">\n                <source srcset=\"https:\/\/fr.lartisien.com\/blog\/wp-content\/uploads\/2023\/01\/Executive-Suite-Loggia-683x1024.jpeg\" media=\"(min-width: 600px)\">\n                <source srcset=\"https:\/\/fr.lartisien.com\/blog\/wp-content\/uploads\/2023\/01\/Executive-Suite-Loggia-768x1152.jpeg\" media=\"(min-width: 100px)\">\n                <img decoding=\"async\" style=\"\" loading=\"lazy\" class=\"\" src=\"https:\/\/fr.lartisien.com\/blog\/wp-content\/uploads\/2023\/01\/Executive-Suite-Loggia-683x1024.jpeg\" alt=\"\" \/>\n            <\/picture>    <\/div>\r\n    <div class=\"text-and-image-content text-and-image-text\">\r\n                <p>La fa\u00e7ade de l&#8217;<a href=\"https:\/\/fr.lartisien.com\/hotel\/bvlgari-hotel-paris\">h\u00f4tel<\/a> est la plus moderne de tous les h\u00f4tels parisiens de notre collection, avec ses nombreuses grandes fen\u00eatres. Pour l&#8217;int\u00e9rieur, la marque a fait appel \u00e0 son \u00e9quipe habituelle de designers et d&#8217;architectes experts pour recr\u00e9er l&#8217;essence de Bulgari et son esprit italien dans la capitale fran\u00e7aise. Les 76 chambres et suites de l&#8217;h\u00f4tel sont chaleureuses et spacieuses avec des couleurs douces et chaudes comme le beige, le camel, l&#8217;orange et le caf\u00e9, des parquets, des murs laqu\u00e9s et des meubles en cuir. Les salles de bains, en grands carreaux de pierre, pr\u00e9sentent le motif Serpenti Constellation, signature de la marque, sur des fresques en verre poli. Des fen\u00eatres du sol au plafond baignent les chambres de lumi\u00e8re et offrent des vues sur le quartier. Le joyau de l&#8217;h\u00f4tel est certainement sa suite Penthouse de 400 m\u00e8tres carr\u00e9s sur deux \u00e9tages, qui offre une vue panoramique sur Paris et ses monuments (Tour Eiffel, Petit Palais et Sacr\u00e9 C\u0153ur) et s&#8217;ouvre sur une terrasse-jardin proven\u00e7ale de 600 m\u00e8tres carr\u00e9s, o\u00f9 poussent ch\u00eanes, syringes, magnolias, groseilliers, poiriers et pommiers.<\/p>\n            <\/div>\r\n    \r\n<\/section>\n\n\r\n<section class=\"image-grid image-grid-2 forty-sixty-grid\">\r\n        <div class=\"image-container img-1\">\r\n        <picture class=\"img-1\">\n                <source srcset=\"https:\/\/fr.lartisien.com\/blog\/wp-content\/uploads\/2023\/01\/Lounge-4-2048x1365.jpg\" media=\"(min-width: 1400px)\">\n                <source srcset=\"https:\/\/fr.lartisien.com\/blog\/wp-content\/uploads\/2023\/01\/Lounge-4-1536x1024.jpg\" media=\"(min-width: 1000px)\">\n                <source srcset=\"https:\/\/fr.lartisien.com\/blog\/wp-content\/uploads\/2023\/01\/Lounge-4-1024x683.jpg\" media=\"(min-width: 600px)\">\n                <source srcset=\"https:\/\/fr.lartisien.com\/blog\/wp-content\/uploads\/2023\/01\/Lounge-4-768x512.jpg\" media=\"(min-width: 100px)\">\n                <img decoding=\"async\" style=\"\" loading=\"lazy\" class=\"img-1\" src=\"https:\/\/fr.lartisien.com\/blog\/wp-content\/uploads\/2023\/01\/Lounge-4-1024x683.jpg\" alt=\"\" \/>\n            <\/picture>    <\/div>\r\n        <div class=\"image-container img-2\">\r\n        <picture class=\"img-2\">\n                <source srcset=\"https:\/\/fr.lartisien.com\/blog\/wp-content\/uploads\/2023\/01\/52675-root-club-lounge-lounge-1-1365x2048.jpeg\" media=\"(min-width: 1400px)\">\n                <source srcset=\"https:\/\/fr.lartisien.com\/blog\/wp-content\/uploads\/2023\/01\/52675-root-club-lounge-lounge-1-1024x1536.jpeg\" media=\"(min-width: 1000px)\">\n                <source srcset=\"https:\/\/fr.lartisien.com\/blog\/wp-content\/uploads\/2023\/01\/52675-root-club-lounge-lounge-1-683x1024.jpeg\" media=\"(min-width: 600px)\">\n                <source srcset=\"https:\/\/fr.lartisien.com\/blog\/wp-content\/uploads\/2023\/01\/52675-root-club-lounge-lounge-1-768x1152.jpeg\" media=\"(min-width: 100px)\">\n                <img decoding=\"async\" style=\"\" loading=\"lazy\" class=\"img-2\" src=\"https:\/\/fr.lartisien.com\/blog\/wp-content\/uploads\/2023\/01\/52675-root-club-lounge-lounge-1-683x1024.jpeg\" alt=\"\" \/>\n            <\/picture>    <\/div>\r\n    <\/section>\r\n\n\n\n<p>L&#8217;<a href=\"https:\/\/fr.lartisien.com\/hotel\/bvlgari-hotel-paris\">h\u00f4tel<\/a> abrite Il Ristorante de Niko Romito, un restaurant 3 \u00e9toiles, et le Bulgari Bar, avec son comptoir cuivr\u00e9 et marbr\u00e9. Le Lounge, quant \u00e0 lui, avec ses murs en bois vernis, son plafond \u00e0 caissons et ses canap\u00e9s en cuir vieilli, est l&#8217;endroit id\u00e9al pour s&#8217;asseoir et d\u00e9guster l&#8217;un des spiritueux de sa vaste collection. <\/p>\n\n\n\r\n<section class=\"text-and-image-container \">\r\n    <div class=\"text-and-image-content text-and-image-image\">\r\n        <picture class=\"\">\n                <source srcset=\"https:\/\/fr.lartisien.com\/blog\/wp-content\/uploads\/2023\/01\/Vitality-Pool.jpeg\" media=\"(min-width: 1400px)\">\n                <source srcset=\"https:\/\/fr.lartisien.com\/blog\/wp-content\/uploads\/2023\/01\/Vitality-Pool-1536x1024.jpeg\" media=\"(min-width: 1000px)\">\n                <source srcset=\"https:\/\/fr.lartisien.com\/blog\/wp-content\/uploads\/2023\/01\/Vitality-Pool-1024x683.jpeg\" media=\"(min-width: 600px)\">\n                <source srcset=\"https:\/\/fr.lartisien.com\/blog\/wp-content\/uploads\/2023\/01\/Vitality-Pool-768x512.jpeg\" media=\"(min-width: 100px)\">\n                <img decoding=\"async\" style=\"\" loading=\"lazy\" class=\"\" src=\"https:\/\/fr.lartisien.com\/blog\/wp-content\/uploads\/2023\/01\/Vitality-Pool-1024x683.jpeg\" alt=\"\" \/>\n            <\/picture>    <\/div>\r\n    <div class=\"text-and-image-content text-and-image-text\">\r\n                <p>Le Bulgari Spa m\u00e9rite d&#8217;\u00eatre mentionn\u00e9 pour son d\u00e9cor et le fait qu&#8217;il occupe pas moins de 1300 m\u00e8tres carr\u00e9s sur deux \u00e9tages. En pierre de Vicenza (V\u00e9n\u00e9tie) et teck birman, le spa offre un large menu de soins signature, deux piscines &#8211; dont une semi-olympique de 25 m\u00e8tres &#8211; ainsi que des \u00e9quipements de fitness dernier cri, un salon de beaut\u00e9 et de coiffure. La mosa\u00efque de la piscine, aux nuances \u00e9meraude, de jade et malachite stri\u00e9es d\u2019or est remarquable et n\u2019est pas sans \u00e9voquer le faste de la Rome antique, la seconde piscine s\u2019inspire d\u2019ailleurs des thermes de Caracalla.<\/p>\n            <\/div>\r\n    \r\n<\/section>\n\n\r\n<section class=\"image-grid image-grid-1 \">\r\n        <div class=\"image-container img-1\">\r\n        <picture class=\"img-1\">\n                <source srcset=\"https:\/\/fr.lartisien.com\/blog\/wp-content\/uploads\/2023\/01\/102453-root-spa-spa-pool-2048x1184.jpeg\" media=\"(min-width: 1400px)\">\n                <source srcset=\"https:\/\/fr.lartisien.com\/blog\/wp-content\/uploads\/2023\/01\/102453-root-spa-spa-pool-1536x888.jpeg\" media=\"(min-width: 1000px)\">\n                <source srcset=\"https:\/\/fr.lartisien.com\/blog\/wp-content\/uploads\/2023\/01\/102453-root-spa-spa-pool-1024x592.jpeg\" media=\"(min-width: 600px)\">\n                <source srcset=\"https:\/\/fr.lartisien.com\/blog\/wp-content\/uploads\/2023\/01\/102453-root-spa-spa-pool-768x444.jpeg\" media=\"(min-width: 100px)\">\n                <img decoding=\"async\" style=\"\" loading=\"lazy\" class=\"img-1\" src=\"https:\/\/fr.lartisien.com\/blog\/wp-content\/uploads\/2023\/01\/102453-root-spa-spa-pool-1024x592.jpeg\" alt=\"\" \/>\n            <\/picture>    <\/div>\r\n    <\/section>\r\n\n\n<section class=\"important-information\">\r\n    <p class=\"p--4 important-information-header\"><\/p>\r\n    <div class=\"p--5 important-information-content\"><p><a href=\"https:\/\/fr.lartisien.com\/hotel\/bvlgari-hotel-paris\">Bvlgari H\u00f4tel Paris<\/a><\/p>\n<p>Adresse : 30 Av. George V, 75008 Paris, France<\/p>\n<p>Transfert : 40 minutes de l&#8217;a\u00e9roport de Paris Charles de Gaulle<\/p>\n<p>P\u00e9riode d&#8217;ouverture : Toute l&#8217;ann\u00e9e<\/p>\n<\/div>\r\n<\/section>\n\n\r\n<section class=\"text-and-image-container \">\r\n    <div class=\"text-and-image-content text-and-image-image\">\r\n        <picture class=\"\">\n                <source srcset=\"https:\/\/fr.lartisien.com\/blog\/wp-content\/uploads\/2023\/01\/49133-root-exteriors-front-facade-2048x1367.jpeg\" media=\"(min-width: 1400px)\">\n                <source srcset=\"https:\/\/fr.lartisien.com\/blog\/wp-content\/uploads\/2023\/01\/49133-root-exteriors-front-facade-1536x1025.jpeg\" media=\"(min-width: 1000px)\">\n                <source srcset=\"https:\/\/fr.lartisien.com\/blog\/wp-content\/uploads\/2023\/01\/49133-root-exteriors-front-facade-1024x683.jpeg\" media=\"(min-width: 600px)\">\n                <source srcset=\"https:\/\/fr.lartisien.com\/blog\/wp-content\/uploads\/2023\/01\/49133-root-exteriors-front-facade-768x513.jpeg\" media=\"(min-width: 100px)\">\n                <img decoding=\"async\" style=\"\" loading=\"lazy\" class=\"\" src=\"https:\/\/fr.lartisien.com\/blog\/wp-content\/uploads\/2023\/01\/49133-root-exteriors-front-facade-1024x683.jpeg\" alt=\"\" \/>\n            <\/picture>    <\/div>\r\n    <div class=\"text-and-image-content text-and-image-text\">\r\n                <h2 class=\"text-and-image-block-title\">H\u00f4tel Plaza Ath\u00e9n\u00e9e <\/h2>\r\n                <p>Situ\u00e9 sur la fastueuse avenue Montaigne qui r\u00e9unit toutes les plus grandes marques de luxe et notamment la maison m\u00e8re Christian Dior, l&#8217;<a href=\"https:\/\/fr.lartisien.com\/hotel\/hotel-plaza-athenee\">H\u00f4tel Plaza Ath\u00e9n\u00e9e<\/a> ouvre les portes de la Haute Couture \u00e0 Paris.<\/p>\n            <\/div>\r\n    \r\n<\/section>\n\n\r\n<section class=\"image-grid image-grid-1 \">\r\n        <div class=\"image-container img-1\">\r\n        <picture class=\"img-1\">\n                <source srcset=\"https:\/\/fr.lartisien.com\/blog\/wp-content\/uploads\/2023\/01\/104517-root-deluxe-suite-avenue-montaigne-view-with-balcony-outside-view-2048x1537.jpeg\" media=\"(min-width: 1400px)\">\n                <source srcset=\"https:\/\/fr.lartisien.com\/blog\/wp-content\/uploads\/2023\/01\/104517-root-deluxe-suite-avenue-montaigne-view-with-balcony-outside-view-1536x1152.jpeg\" media=\"(min-width: 1000px)\">\n                <source srcset=\"https:\/\/fr.lartisien.com\/blog\/wp-content\/uploads\/2023\/01\/104517-root-deluxe-suite-avenue-montaigne-view-with-balcony-outside-view-1024x768.jpeg\" media=\"(min-width: 600px)\">\n                <source srcset=\"https:\/\/fr.lartisien.com\/blog\/wp-content\/uploads\/2023\/01\/104517-root-deluxe-suite-avenue-montaigne-view-with-balcony-outside-view-768x576.jpeg\" media=\"(min-width: 100px)\">\n                <img decoding=\"async\" style=\"\" loading=\"lazy\" class=\"img-1\" src=\"https:\/\/fr.lartisien.com\/blog\/wp-content\/uploads\/2023\/01\/104517-root-deluxe-suite-avenue-montaigne-view-with-balcony-outside-view-1024x768.jpeg\" alt=\"\" \/>\n            <\/picture>    <\/div>\r\n    <\/section>\r\n\n\n\n<p>Avec son architecture haussmannienne en pierre de taille et ses balcons en fer forg\u00e9 fleuris d\u2019oeillets, l&#8217;<a href=\"https:\/\/fr.lartisien.com\/hotel\/hotel-plaza-athenee\">H\u00f4tel Plaza Ath\u00e9n\u00e9e<\/a> est une ic\u00f4ne. Ses 208 chambres et suites arborent toutes la signature de la philosophie Haute Couture de l&#8217;h\u00f4tel. M\u00e9langeant les styles et les \u00e9poques, de l&#8217;Art D\u00e9co au Baroque en passant par le R\u00e9sidentiel, les chambres sont toutes lumineuses, avec des murs blanc cass\u00e9 servant de toile pour les rouges, les fuchsias et le jaunes saisissants des meubles d&#8217;\u00e9poque, des couettes, des rideaux et des \u00e9l\u00e9ments d\u00e9coratifs. La plupart des suites signature b\u00e9n\u00e9ficient d\u2019une vue sur la Tour Eiffel.<\/p>\n\n\n\r\n<section class=\"image-grid image-grid-2 \">\r\n        <div class=\"image-container img-1\">\r\n        <picture class=\"img-1\">\n                <source srcset=\"https:\/\/fr.lartisien.com\/blog\/wp-content\/uploads\/2023\/01\/80507-root-deluxe-junior-suite-main-bedroom-1536x2048.jpeg\" media=\"(min-width: 1400px)\">\n                <source srcset=\"https:\/\/fr.lartisien.com\/blog\/wp-content\/uploads\/2023\/01\/80507-root-deluxe-junior-suite-main-bedroom-1152x1536.jpeg\" media=\"(min-width: 1000px)\">\n                <source srcset=\"https:\/\/fr.lartisien.com\/blog\/wp-content\/uploads\/2023\/01\/80507-root-deluxe-junior-suite-main-bedroom-768x1024.jpeg\" media=\"(min-width: 600px)\">\n                <source srcset=\"https:\/\/fr.lartisien.com\/blog\/wp-content\/uploads\/2023\/01\/80507-root-deluxe-junior-suite-main-bedroom-768x1024.jpeg\" media=\"(min-width: 100px)\">\n                <img decoding=\"async\" style=\"\" loading=\"lazy\" class=\"img-1\" src=\"https:\/\/fr.lartisien.com\/blog\/wp-content\/uploads\/2023\/01\/80507-root-deluxe-junior-suite-main-bedroom-768x1024.jpeg\" alt=\"\" \/>\n            <\/picture>    <\/div>\r\n        <div class=\"image-container img-2\">\r\n        <picture class=\"img-2\">\n                <source srcset=\"https:\/\/fr.lartisien.com\/blog\/wp-content\/uploads\/2023\/01\/80493-root-prestige-suite-living-room-1536x2048.jpeg\" media=\"(min-width: 1400px)\">\n                <source srcset=\"https:\/\/fr.lartisien.com\/blog\/wp-content\/uploads\/2023\/01\/80493-root-prestige-suite-living-room-1152x1536.jpeg\" media=\"(min-width: 1000px)\">\n                <source srcset=\"https:\/\/fr.lartisien.com\/blog\/wp-content\/uploads\/2023\/01\/80493-root-prestige-suite-living-room-768x1024.jpeg\" media=\"(min-width: 600px)\">\n                <source srcset=\"https:\/\/fr.lartisien.com\/blog\/wp-content\/uploads\/2023\/01\/80493-root-prestige-suite-living-room-768x1024.jpeg\" media=\"(min-width: 100px)\">\n                <img decoding=\"async\" style=\"\" loading=\"lazy\" class=\"img-2\" src=\"https:\/\/fr.lartisien.com\/blog\/wp-content\/uploads\/2023\/01\/80493-root-prestige-suite-living-room-768x1024.jpeg\" alt=\"\" \/>\n            <\/picture>    <\/div>\r\n    <\/section>\r\n\n\n\r\n<section class=\"image-grid image-grid-2 \">\r\n        <div class=\"image-container img-1\">\r\n        <picture class=\"img-1\">\n                <source srcset=\"https:\/\/fr.lartisien.com\/blog\/wp-content\/uploads\/2023\/01\/80521-root-junior-suite-avenue-montaigne-view-living-room-1.jpeg\" media=\"(min-width: 1400px)\">\n                <source srcset=\"https:\/\/fr.lartisien.com\/blog\/wp-content\/uploads\/2023\/01\/80521-root-junior-suite-avenue-montaigne-view-living-room-1-1152x1536.jpeg\" media=\"(min-width: 1000px)\">\n                <source srcset=\"https:\/\/fr.lartisien.com\/blog\/wp-content\/uploads\/2023\/01\/80521-root-junior-suite-avenue-montaigne-view-living-room-1-768x1024.jpeg\" media=\"(min-width: 600px)\">\n                <source srcset=\"https:\/\/fr.lartisien.com\/blog\/wp-content\/uploads\/2023\/01\/80521-root-junior-suite-avenue-montaigne-view-living-room-1-768x1024.jpeg\" media=\"(min-width: 100px)\">\n                <img decoding=\"async\" style=\"\" loading=\"lazy\" class=\"img-1\" src=\"https:\/\/fr.lartisien.com\/blog\/wp-content\/uploads\/2023\/01\/80521-root-junior-suite-avenue-montaigne-view-living-room-1-768x1024.jpeg\" alt=\"\" \/>\n            <\/picture>    <\/div>\r\n        <div class=\"image-container img-2\">\r\n        <picture class=\"img-2\">\n                <source srcset=\"https:\/\/fr.lartisien.com\/blog\/wp-content\/uploads\/2023\/01\/80538-root-royal-suite-living-room-scaled.jpeg\" media=\"(min-width: 1400px)\">\n                <source srcset=\"https:\/\/fr.lartisien.com\/blog\/wp-content\/uploads\/2023\/01\/80538-root-royal-suite-living-room-1024x1536.jpeg\" media=\"(min-width: 1000px)\">\n                <source srcset=\"https:\/\/fr.lartisien.com\/blog\/wp-content\/uploads\/2023\/01\/80538-root-royal-suite-living-room-683x1024.jpeg\" media=\"(min-width: 600px)\">\n                <source srcset=\"https:\/\/fr.lartisien.com\/blog\/wp-content\/uploads\/2023\/01\/80538-root-royal-suite-living-room-768x1152.jpeg\" media=\"(min-width: 100px)\">\n                <img decoding=\"async\" style=\"\" loading=\"lazy\" class=\"img-2\" src=\"https:\/\/fr.lartisien.com\/blog\/wp-content\/uploads\/2023\/01\/80538-root-royal-suite-living-room-683x1024.jpeg\" alt=\"\" \/>\n            <\/picture>    <\/div>\r\n    <\/section>\r\n\n\n\r\n<section class=\"text-and-image-container container-reversed\">\r\n    <div class=\"text-and-image-content text-and-image-image\">\r\n        <picture class=\"\">\n                <source srcset=\"https:\/\/fr.lartisien.com\/blog\/wp-content\/uploads\/2023\/01\/80553-root-le-bar-du-plaza-athenee-bar-2048x1536.jpeg\" media=\"(min-width: 1400px)\">\n                <source srcset=\"https:\/\/fr.lartisien.com\/blog\/wp-content\/uploads\/2023\/01\/80553-root-le-bar-du-plaza-athenee-bar-1536x1152.jpeg\" media=\"(min-width: 1000px)\">\n                <source srcset=\"https:\/\/fr.lartisien.com\/blog\/wp-content\/uploads\/2023\/01\/80553-root-le-bar-du-plaza-athenee-bar-1024x768.jpeg\" media=\"(min-width: 600px)\">\n                <source srcset=\"https:\/\/fr.lartisien.com\/blog\/wp-content\/uploads\/2023\/01\/80553-root-le-bar-du-plaza-athenee-bar-768x576.jpeg\" media=\"(min-width: 100px)\">\n                <img decoding=\"async\" style=\"\" loading=\"lazy\" class=\"\" src=\"https:\/\/fr.lartisien.com\/blog\/wp-content\/uploads\/2023\/01\/80553-root-le-bar-du-plaza-athenee-bar-1024x768.jpeg\" alt=\"\" \/>\n            <\/picture>    <\/div>\r\n    <div class=\"text-and-image-content text-and-image-text\">\r\n                <p>Suivant cet esprit Haute Couture, l&#8217;offre culinaire de l&#8217;H\u00f4tel Plaza Ath\u00e9n\u00e9e est domin\u00e9e par le restaurant Jean Imbert au Plaza Ath\u00e9n\u00e9e, \u00e9toil\u00e9 au Michelin. Le Relais Plaza est le point de vente Art d\u00e9co embl\u00e9matique de l&#8217;h\u00f4tel, tandis que La Galerie offre un espace calme et chic pour le petit d\u00e9jeuner et les repas l\u00e9gers. En hiver, la Cour Jardin, se pare d\u2019une patinoire et d\u2019un chalet pour y c\u00e9l\u00e9brer des d\u00eeners priv\u00e9s. En ext\u00e9rieur, la Terrasse Montaigne est un lieu id\u00e9al pour voir et \u00eatre vu, en particulier pour observer les fashionistas d\u00e9filer durant la fashion week. Les clients peuvent \u00e9galement se retirer au Bar le soir pour des cocktails et des collations.<\/p>\n            <\/div>\r\n    \r\n<\/section>\n\n\r\n<section class=\"image-grid image-grid-1 \">\r\n        <div class=\"image-container img-1\">\r\n        <picture class=\"img-1\">\n                <source srcset=\"https:\/\/fr.lartisien.com\/blog\/wp-content\/uploads\/2023\/01\/63341-root-spa-treatment-room-2048x1365.jpeg\" media=\"(min-width: 1400px)\">\n                <source srcset=\"https:\/\/fr.lartisien.com\/blog\/wp-content\/uploads\/2023\/01\/63341-root-spa-treatment-room-1536x1024.jpeg\" media=\"(min-width: 1000px)\">\n                <source srcset=\"https:\/\/fr.lartisien.com\/blog\/wp-content\/uploads\/2023\/01\/63341-root-spa-treatment-room-1024x683.jpeg\" media=\"(min-width: 600px)\">\n                <source srcset=\"https:\/\/fr.lartisien.com\/blog\/wp-content\/uploads\/2023\/01\/63341-root-spa-treatment-room-768x512.jpeg\" media=\"(min-width: 100px)\">\n                <img decoding=\"async\" style=\"\" loading=\"lazy\" class=\"img-1\" src=\"https:\/\/fr.lartisien.com\/blog\/wp-content\/uploads\/2023\/01\/63341-root-spa-treatment-room-1024x683.jpeg\" alt=\"\" \/>\n            <\/picture>    <\/div>\r\n    <\/section>\r\n\n\n\n<p>Avec ses alc\u00f4ves, le Spa Dior cr\u00e9e une ambiance une ambiance boudoir inspir\u00e9e par l\u2019univers du cr\u00e9ateur Christian Dior. Les clients peuvent y b\u00e9n\u00e9ficier de soins sp\u00e9cifiques ax\u00e9s sur une philosophie de la jeunesse retrouv\u00e9e valorisant un effet r\u00e9g\u00e9n\u00e9rant.<\/p>\n\n\n<section class=\"important-information\">\r\n    <p class=\"p--4 important-information-header\"><\/p>\r\n    <div class=\"p--5 important-information-content\"><p><a href=\"https:\/\/fr.lartisien.com\/hotel\/hotel-plaza-athenee\">H\u00f4tel Plaza Ath\u00e9n\u00e9e<\/a><br \/>\nAdresse : 25 avenue Montaigne, Paris<\/p>\n<p>Transfert : 40 minutes de l&#8217;a\u00e9roport de Paris Charles de Gaulle.<\/p>\n<p>P\u00e9riode d&#8217;ouverture : Toute l&#8217;ann\u00e9e<\/p>\n<\/div>\r\n<\/section>\n\n\r\n<section class=\"text-and-image-container \">\r\n    <div class=\"text-and-image-content text-and-image-image\">\r\n        <picture class=\"\">\n                <source srcset=\"https:\/\/fr.lartisien.com\/blog\/wp-content\/uploads\/2023\/01\/Maison-villeroy-1.jpeg\" media=\"(min-width: 1400px)\">\n                <source srcset=\"https:\/\/fr.lartisien.com\/blog\/wp-content\/uploads\/2023\/01\/Maison-villeroy-1-1024x1536.jpeg\" media=\"(min-width: 1000px)\">\n                <source srcset=\"https:\/\/fr.lartisien.com\/blog\/wp-content\/uploads\/2023\/01\/Maison-villeroy-1-683x1024.jpeg\" media=\"(min-width: 600px)\">\n                <source srcset=\"https:\/\/fr.lartisien.com\/blog\/wp-content\/uploads\/2023\/01\/Maison-villeroy-1-768x1152.jpeg\" media=\"(min-width: 100px)\">\n                <img decoding=\"async\" style=\"\" loading=\"lazy\" class=\"\" src=\"https:\/\/fr.lartisien.com\/blog\/wp-content\/uploads\/2023\/01\/Maison-villeroy-1-683x1024.jpeg\" alt=\"\" \/>\n            <\/picture>    <\/div>\r\n    <div class=\"text-and-image-content text-and-image-text\">\r\n                <h2 class=\"text-and-image-block-title\">Maison Villeroy<\/h2>\r\n                <p>Situ\u00e9e dans la rue calme Jean Goujon, entre l\u2019avenue Montaigne et les quais de Seine, la <a href=\"https:\/\/fr.lartisien.com\/hotel\/maison-villeroy\">Maison Villeroy<\/a> profite des m\u00eames adresses que le Four Seasons Hotel George V et le Bulgari Hotel Paris mais jouit d\u2019une plus grande intimit\u00e9, dans une atmosph\u00e8re d\u2019h\u00f4tel particulier.<\/p>\n<p>Les 11 suites (9) et appartements (2) pr\u00e9sentent pour la plupart un d\u00e9cor int\u00e9rieur associant gris et blancs cass\u00e9s qui contraste avec les tons plus fonc\u00e9s du mobilier Promemoria fabriqu\u00e9 \u00e0 la main, et des \u0153uvres d&#8217;art modernes sur les murs. En revanche, la suite C\u00e9leste et l\u2019appartement L\u2019Empyr\u00e9e rev\u00eatent des tonalit\u00e9s brunes et fonc\u00e9es, pour une atmosph\u00e8re plus enveloppante. Les salles de bains enti\u00e8rement en marbre sont \u00e9quip\u00e9es d&#8217;appareils Duravit Sensowash Starck dernier cri et de baignoires THG.\u00a0Chaque chambre b\u00e9n\u00e9ficie \u00e9galement d&#8217;un service de majordome 24h\/24, ainsi que d&#8217;un acc\u00e8s exclusif au restaurant, au bar et au spa de l&#8217;h\u00f4tel.<\/p>\n            <\/div>\r\n    \r\n<\/section>\n\n\r\n<section class=\"image-grid image-grid-2 sixty-forty-grid\">\r\n        <div class=\"image-container img-1\">\r\n        <picture class=\"img-1\">\n                <source srcset=\"https:\/\/fr.lartisien.com\/blog\/wp-content\/uploads\/2023\/01\/jean-gougon-1.jpeg\" media=\"(min-width: 1400px)\">\n                <source srcset=\"https:\/\/fr.lartisien.com\/blog\/wp-content\/uploads\/2023\/01\/jean-gougon-1-1536x1025.jpeg\" media=\"(min-width: 1000px)\">\n                <source srcset=\"https:\/\/fr.lartisien.com\/blog\/wp-content\/uploads\/2023\/01\/jean-gougon-1-1024x683.jpeg\" media=\"(min-width: 600px)\">\n                <source srcset=\"https:\/\/fr.lartisien.com\/blog\/wp-content\/uploads\/2023\/01\/jean-gougon-1-768x512.jpeg\" media=\"(min-width: 100px)\">\n                <img decoding=\"async\" style=\"\" loading=\"lazy\" class=\"img-1\" src=\"https:\/\/fr.lartisien.com\/blog\/wp-content\/uploads\/2023\/01\/jean-gougon-1-1024x683.jpeg\" alt=\"\" \/>\n            <\/picture>    <\/div>\r\n        <div class=\"image-container img-2\">\r\n        <picture class=\"img-2\">\n                <source srcset=\"https:\/\/fr.lartisien.com\/blog\/wp-content\/uploads\/2023\/01\/maisonvilleroy.com-stairs-lobby-14-1-1638x2048.jpg\" media=\"(min-width: 1400px)\">\n                <source srcset=\"https:\/\/fr.lartisien.com\/blog\/wp-content\/uploads\/2023\/01\/maisonvilleroy.com-stairs-lobby-14-1-1229x1536.jpg\" media=\"(min-width: 1000px)\">\n                <source srcset=\"https:\/\/fr.lartisien.com\/blog\/wp-content\/uploads\/2023\/01\/maisonvilleroy.com-stairs-lobby-14-1-819x1024.jpg\" media=\"(min-width: 600px)\">\n                <source srcset=\"https:\/\/fr.lartisien.com\/blog\/wp-content\/uploads\/2023\/01\/maisonvilleroy.com-stairs-lobby-14-1-768x960.jpg\" media=\"(min-width: 100px)\">\n                <img decoding=\"async\" style=\"\" loading=\"lazy\" class=\"img-2\" src=\"https:\/\/fr.lartisien.com\/blog\/wp-content\/uploads\/2023\/01\/maisonvilleroy.com-stairs-lobby-14-1-819x1024.jpg\" alt=\"\" \/>\n            <\/picture>    <\/div>\r\n    <\/section>\r\n\n\n\n<p>Sur le plan culinaire, le restaurant Trente-Trois sert dans une salle \u00e0 manger de style classique, enti\u00e8rement bois\u00e9e, et une chemin\u00e9e en marbre. Le restaurant s&#8217;enorgueillit des comp\u00e9tences et du talent du chef r\u00e9sident S\u00e9bastien Sanjou, qui accueille chaque mois un chef diff\u00e9rent, pour des menus sp\u00e9cialement con\u00e7us. Ailleurs, le Bar Jean Goujon, situ\u00e9 dans un \u00e9l\u00e9gant salon \u00e0 moulures dor\u00e9es \u00e0 la feuille d\u2019or, d\u00e9tient une chemin\u00e9e et prend des allures de club priv\u00e9, id\u00e9al pour se d\u00e9tendre autour d&#8217;un verre ou pour une r\u00e9union d&#8217;affaires.<\/p>\n\n\n\r\n<section class=\"image-grid image-grid-2 forty-sixty-grid\">\r\n        <div class=\"image-container img-1\">\r\n        <picture class=\"img-1\">\n                <source srcset=\"https:\/\/fr.lartisien.com\/blog\/wp-content\/uploads\/2023\/01\/maisonvilleroy.com-Suite-Celeste-c-DR-.jpg\" media=\"(min-width: 1400px)\">\n                <source srcset=\"https:\/\/fr.lartisien.com\/blog\/wp-content\/uploads\/2023\/01\/maisonvilleroy.com-Suite-Celeste-c-DR--1536x1024.jpg\" media=\"(min-width: 1000px)\">\n                <source srcset=\"https:\/\/fr.lartisien.com\/blog\/wp-content\/uploads\/2023\/01\/maisonvilleroy.com-Suite-Celeste-c-DR--1024x682.jpg\" media=\"(min-width: 600px)\">\n                <source srcset=\"https:\/\/fr.lartisien.com\/blog\/wp-content\/uploads\/2023\/01\/maisonvilleroy.com-Suite-Celeste-c-DR--768x512.jpg\" media=\"(min-width: 100px)\">\n                <img decoding=\"async\" style=\"\" loading=\"lazy\" class=\"img-1\" src=\"https:\/\/fr.lartisien.com\/blog\/wp-content\/uploads\/2023\/01\/maisonvilleroy.com-Suite-Celeste-c-DR--1024x682.jpg\" alt=\"\" \/>\n            <\/picture>    <\/div>\r\n        <div class=\"image-container img-2\">\r\n        <picture class=\"img-2\">\n                <source srcset=\"https:\/\/fr.lartisien.com\/blog\/wp-content\/uploads\/2023\/01\/96336-root-grand-premier-suite-bed-1.jpeg\" media=\"(min-width: 1400px)\">\n                <source srcset=\"https:\/\/fr.lartisien.com\/blog\/wp-content\/uploads\/2023\/01\/96336-root-grand-premier-suite-bed-1-1536x1024.jpeg\" media=\"(min-width: 1000px)\">\n                <source srcset=\"https:\/\/fr.lartisien.com\/blog\/wp-content\/uploads\/2023\/01\/96336-root-grand-premier-suite-bed-1-1024x682.jpeg\" media=\"(min-width: 600px)\">\n                <source srcset=\"https:\/\/fr.lartisien.com\/blog\/wp-content\/uploads\/2023\/01\/96336-root-grand-premier-suite-bed-1-768x512.jpeg\" media=\"(min-width: 100px)\">\n                <img decoding=\"async\" style=\"\" loading=\"lazy\" class=\"img-2\" src=\"https:\/\/fr.lartisien.com\/blog\/wp-content\/uploads\/2023\/01\/96336-root-grand-premier-suite-bed-1-1024x682.jpeg\" alt=\"\" \/>\n            <\/picture>    <\/div>\r\n    <\/section>\r\n\n\n\n<p>Tout le rez-de-chauss\u00e9e inf\u00e9rieur abrite le spa, avec des installations telles qu&#8217;un sauna, un hammam, un jacuzzi et une douche d&#8217;hydroth\u00e9rapie. Les clients auront \u00e9galement acc\u00e8s \u00e0 un gymnase ultramoderne avec la possibilit\u00e9 d\u2019un entra\u00eenement personnalis\u00e9.<\/p>\n\n\n\n<figure class=\"wp-block-image size-large\"><img decoding=\"async\" loading=\"lazy\" width=\"1024\" height=\"683\" src=\"https:\/\/fr.lartisien.com\/blog\/wp-content\/uploads\/2023\/01\/spa-2-1024x683.jpeg\" alt=\"\" class=\"wp-image-4462\" srcset=\"https:\/\/fr.lartisien.com\/blog\/wp-content\/uploads\/2023\/01\/spa-2-1024x683.jpeg 1024w, https:\/\/fr.lartisien.com\/blog\/wp-content\/uploads\/2023\/01\/spa-2-300x200.jpeg 300w, https:\/\/fr.lartisien.com\/blog\/wp-content\/uploads\/2023\/01\/spa-2-768x512.jpeg 768w, https:\/\/fr.lartisien.com\/blog\/wp-content\/uploads\/2023\/01\/spa-2-1536x1025.jpeg 1536w, https:\/\/fr.lartisien.com\/blog\/wp-content\/uploads\/2023\/01\/spa-2-350x233.jpeg 350w, https:\/\/fr.lartisien.com\/blog\/wp-content\/uploads\/2023\/01\/spa-2.jpeg 2000w\" sizes=\"(max-width: 1024px) 100vw, 1024px\" \/><\/figure>\n\n\n<section class=\"important-information\">\r\n    <p class=\"p--4 important-information-header\"><\/p>\r\n    <div class=\"p--5 important-information-content\"><p><a href=\"https:\/\/fr.lartisien.com\/hotel\/maison-villeroy\">Maison Villeroy<\/a><\/p>\n<p><strong>Address<\/strong>: 33 Rue Jean Goujon, 75008 Paris, France<\/p>\n<p><strong>Transfer<\/strong>: 40 minutes from Paris Charles de Gaulle Airport<\/p>\n<p>Opening period: All year<\/p>\n<\/div>\r\n<\/section>\n\n\n<h2>The Peninsula Paris<\/h2>\n\n\n\n<figure class=\"wp-block-image size-large\"><img decoding=\"async\" loading=\"lazy\" width=\"1024\" height=\"552\" src=\"https:\/\/fr.lartisien.com\/blog\/wp-content\/uploads\/2023\/01\/76412-root-hotel-setting-city-view-1-1024x552.jpeg\" alt=\"\" class=\"wp-image-4471\" srcset=\"https:\/\/fr.lartisien.com\/blog\/wp-content\/uploads\/2023\/01\/76412-root-hotel-setting-city-view-1-1024x552.jpeg 1024w, https:\/\/fr.lartisien.com\/blog\/wp-content\/uploads\/2023\/01\/76412-root-hotel-setting-city-view-1-300x162.jpeg 300w, https:\/\/fr.lartisien.com\/blog\/wp-content\/uploads\/2023\/01\/76412-root-hotel-setting-city-view-1-768x414.jpeg 768w, https:\/\/fr.lartisien.com\/blog\/wp-content\/uploads\/2023\/01\/76412-root-hotel-setting-city-view-1-1536x828.jpeg 1536w, https:\/\/fr.lartisien.com\/blog\/wp-content\/uploads\/2023\/01\/76412-root-hotel-setting-city-view-1.jpeg 2000w\" sizes=\"(max-width: 1024px) 100vw, 1024px\" \/><\/figure>\n\n\n\n<p>Avenue Kl\u00e9ber, le <a href=\"https:\/\/fr.lartisien.com\/hotel\/the-peninsula-paris\">Peninsula Paris<\/a> est le palace le plus \u00e0 l\u2019ouest de la capitale, situ\u00e9 entre la place de l\u2019Etoile et son Arc de Triomphe, et la place du Trocad\u00e9ro.<\/p>\n\n\n\n<p>Dans ce b\u00e2timent Belle Epoque massif, l&#8217;h\u00f4tel abrite 200 chambres et suites qui arborent des tons blancs et cr\u00e8me pour un int\u00e9rieur de style r\u00e9sidentiel moderne. Seule la suite historique affiche un classicisme \u00e0 la fran\u00e7aise.<\/p>\n\n\n\r\n<section class=\"image-grid image-grid-2 \">\r\n        <div class=\"image-container img-1\">\r\n        <picture class=\"img-1\">\n                <source srcset=\"https:\/\/fr.lartisien.com\/blog\/wp-content\/uploads\/2023\/01\/76436-root-historic-suite-main-bedroom-1.jpeg\" media=\"(min-width: 1400px)\">\n                <source srcset=\"https:\/\/fr.lartisien.com\/blog\/wp-content\/uploads\/2023\/01\/76436-root-historic-suite-main-bedroom-1-1536x996.jpeg\" media=\"(min-width: 1000px)\">\n                <source srcset=\"https:\/\/fr.lartisien.com\/blog\/wp-content\/uploads\/2023\/01\/76436-root-historic-suite-main-bedroom-1-1024x664.jpeg\" media=\"(min-width: 600px)\">\n                <source srcset=\"https:\/\/fr.lartisien.com\/blog\/wp-content\/uploads\/2023\/01\/76436-root-historic-suite-main-bedroom-1-768x498.jpeg\" media=\"(min-width: 100px)\">\n                <img decoding=\"async\" style=\"\" loading=\"lazy\" class=\"img-1\" src=\"https:\/\/fr.lartisien.com\/blog\/wp-content\/uploads\/2023\/01\/76436-root-historic-suite-main-bedroom-1-1024x664.jpeg\" alt=\"\" \/>\n            <\/picture>    <\/div>\r\n        <div class=\"image-container img-2\">\r\n        <picture class=\"img-2\">\n                <source srcset=\"https:\/\/fr.lartisien.com\/blog\/wp-content\/uploads\/2023\/01\/76456-root-le-bar-kleber-lounge-1.jpeg\" media=\"(min-width: 1400px)\">\n                <source srcset=\"https:\/\/fr.lartisien.com\/blog\/wp-content\/uploads\/2023\/01\/76456-root-le-bar-kleber-lounge-1-1536x1058.jpeg\" media=\"(min-width: 1000px)\">\n                <source srcset=\"https:\/\/fr.lartisien.com\/blog\/wp-content\/uploads\/2023\/01\/76456-root-le-bar-kleber-lounge-1-1024x705.jpeg\" media=\"(min-width: 600px)\">\n                <source srcset=\"https:\/\/fr.lartisien.com\/blog\/wp-content\/uploads\/2023\/01\/76456-root-le-bar-kleber-lounge-1-768x529.jpeg\" media=\"(min-width: 100px)\">\n                <img decoding=\"async\" style=\"\" loading=\"lazy\" class=\"img-2\" src=\"https:\/\/fr.lartisien.com\/blog\/wp-content\/uploads\/2023\/01\/76456-root-le-bar-kleber-lounge-1-1024x705.jpeg\" alt=\"\" \/>\n            <\/picture>    <\/div>\r\n    <\/section>\r\n\n\n\r\n<section class=\"text-and-image-container \">\r\n    <div class=\"text-and-image-content text-and-image-image\">\r\n        <picture class=\"\">\n                <source srcset=\"https:\/\/fr.lartisien.com\/blog\/wp-content\/uploads\/2023\/01\/76451-root-le-lobby-dining-room.jpg\" media=\"(min-width: 1400px)\">\n                <source srcset=\"https:\/\/fr.lartisien.com\/blog\/wp-content\/uploads\/2023\/01\/76451-root-le-lobby-dining-room-952x1536.jpg\" media=\"(min-width: 1000px)\">\n                <source srcset=\"https:\/\/fr.lartisien.com\/blog\/wp-content\/uploads\/2023\/01\/76451-root-le-lobby-dining-room-635x1024.jpg\" media=\"(min-width: 600px)\">\n                <source srcset=\"https:\/\/fr.lartisien.com\/blog\/wp-content\/uploads\/2023\/01\/76451-root-le-lobby-dining-room-768x1239.jpg\" media=\"(min-width: 100px)\">\n                <img decoding=\"async\" style=\"\" loading=\"lazy\" class=\"\" src=\"https:\/\/fr.lartisien.com\/blog\/wp-content\/uploads\/2023\/01\/76451-root-le-lobby-dining-room-635x1024.jpg\" alt=\"\" \/>\n            <\/picture>    <\/div>\r\n    <div class=\"text-and-image-content text-and-image-text\">\r\n                <p>Les six restaurants et bars de l&#8217;h\u00f4tel proposent un large \u00e9ventail de cuisines. Le Lili rend hommage aux origines hongkongaises du groupe, tandis que L&#8217;Oiseau Blanc invite les clients \u00e0 d\u00e9couvrir un menu gastronomique fran\u00e7ais 2 \u00e9toiles Michelin, con\u00e7u par le chef David Bizet. Le Lobby et la Terrasse Kl\u00e9bler proposent tous deux une cuisine fran\u00e7aise et internationale. Le Bar Kl\u00e9bler arbore un cadre \u00e9l\u00e9gant avec ses boiseries relev\u00e9es de dorures, et le Rooftop offre une vue \u00e0 couper le souffle sur Paris.<\/p>\n            <\/div>\r\n    \r\n<\/section>\n\n\r\n<section class=\"image-grid image-grid-2 forty-sixty-grid\">\r\n        <div class=\"image-container img-1\">\r\n        <picture class=\"img-1\">\n                <source srcset=\"https:\/\/fr.lartisien.com\/blog\/wp-content\/uploads\/2023\/01\/76457-root-spa-lounge.jpeg\" media=\"(min-width: 1400px)\">\n                <source srcset=\"https:\/\/fr.lartisien.com\/blog\/wp-content\/uploads\/2023\/01\/76457-root-spa-lounge-1536x1024.jpeg\" media=\"(min-width: 1000px)\">\n                <source srcset=\"https:\/\/fr.lartisien.com\/blog\/wp-content\/uploads\/2023\/01\/76457-root-spa-lounge-1024x682.jpeg\" media=\"(min-width: 600px)\">\n                <source srcset=\"https:\/\/fr.lartisien.com\/blog\/wp-content\/uploads\/2023\/01\/76457-root-spa-lounge-768x512.jpeg\" media=\"(min-width: 100px)\">\n                <img decoding=\"async\" style=\"\" loading=\"lazy\" class=\"img-1\" src=\"https:\/\/fr.lartisien.com\/blog\/wp-content\/uploads\/2023\/01\/76457-root-spa-lounge-1024x682.jpeg\" alt=\"\" \/>\n            <\/picture>    <\/div>\r\n        <div class=\"image-container img-2\">\r\n        <picture class=\"img-2\">\n                <source srcset=\"https:\/\/fr.lartisien.com\/blog\/wp-content\/uploads\/2023\/01\/76420-root-pool-indoor-pool.jpeg\" media=\"(min-width: 1400px)\">\n                <source srcset=\"https:\/\/fr.lartisien.com\/blog\/wp-content\/uploads\/2023\/01\/76420-root-pool-indoor-pool-1536x866.jpeg\" media=\"(min-width: 1000px)\">\n                <source srcset=\"https:\/\/fr.lartisien.com\/blog\/wp-content\/uploads\/2023\/01\/76420-root-pool-indoor-pool-1024x577.jpeg\" media=\"(min-width: 600px)\">\n                <source srcset=\"https:\/\/fr.lartisien.com\/blog\/wp-content\/uploads\/2023\/01\/76420-root-pool-indoor-pool-768x433.jpeg\" media=\"(min-width: 100px)\">\n                <img decoding=\"async\" style=\"\" loading=\"lazy\" class=\"img-2\" src=\"https:\/\/fr.lartisien.com\/blog\/wp-content\/uploads\/2023\/01\/76420-root-pool-indoor-pool-1024x577.jpeg\" alt=\"\" \/>\n            <\/picture>    <\/div>\r\n    <\/section>\r\n\n\n\n<p>Le Peninsula Spa accueille les clients dans son spa \u00e0 th\u00e8me asiatique et valorise son engagement pour le bien \u00eatre et la durabilit\u00e9 \u00e0 travers le lancement d\u2019une plateforme \u201cVivre le mieux possible\u201d qui comprend des conseils d\u2019experts pour de la remise en forme, de la relaxation ou nutrition. Le spa occupe 1 800 m\u00e8tres carr\u00e9s au niveau du sous-sol de l&#8217;h\u00f4tel et d\u00e9tient 6 salles de soins, une piscine int\u00e9rieure chauff\u00e9e de 20 m\u00e8tres, un bain \u00e0 remous s\u00e9par\u00e9 et un centre de remise en forme.<\/p>\n\n\n<section class=\"important-information\">\r\n    <p class=\"p--4 important-information-header\"><\/p>\r\n    <div class=\"p--5 important-information-content\"><p><a href=\"https:\/\/fr.lartisien.com\/hotel\/the-peninsula-paris\">The Peninsula Paris<\/a><\/p>\n<p><strong>Address:<\/strong> 19 Avenue Kl\u00e9ber, Paris<\/p>\n<p><strong>Transfer:<\/strong> 40 minutes from Paris Charles de Gaulle Airport<\/p>\n<p>Opening period: All year<\/p>\n<\/div>\r\n<\/section>\n\n\n<h2>O\u00f9 s\u00e9journer sur la Rive Gauche ?<\/h2>\n\n\n\r\n<section class=\"text-and-image-container \">\r\n    <div class=\"text-and-image-content text-and-image-image\">\r\n        <picture class=\"\">\n                <source srcset=\"https:\/\/fr.lartisien.com\/blog\/wp-content\/uploads\/2023\/01\/89859-root-exteriors-front-facade-1.jpeg\" media=\"(min-width: 1400px)\">\n                <source srcset=\"https:\/\/fr.lartisien.com\/blog\/wp-content\/uploads\/2023\/01\/89859-root-exteriors-front-facade-1-1536x1023.jpeg\" media=\"(min-width: 1000px)\">\n                <source srcset=\"https:\/\/fr.lartisien.com\/blog\/wp-content\/uploads\/2023\/01\/89859-root-exteriors-front-facade-1-1024x682.jpeg\" media=\"(min-width: 600px)\">\n                <source srcset=\"https:\/\/fr.lartisien.com\/blog\/wp-content\/uploads\/2023\/01\/89859-root-exteriors-front-facade-1-768x511.jpeg\" media=\"(min-width: 100px)\">\n                <img decoding=\"async\" style=\"\" loading=\"lazy\" class=\"\" src=\"https:\/\/fr.lartisien.com\/blog\/wp-content\/uploads\/2023\/01\/89859-root-exteriors-front-facade-1-1024x682.jpeg\" alt=\"\" \/>\n            <\/picture>    <\/div>\r\n    <div class=\"text-and-image-content text-and-image-text\">\r\n                <h2 class=\"text-and-image-block-title\">H\u00f4tel Lutetia<\/h2>\r\n                <p>Salu\u00e9 comme le seul Palace de la rive gauche de la Seine \u00e0 Paris, l&#8217;<a href=\"https:\/\/fr.lartisien.com\/hotel\/hotel-lutetia\">H\u00f4tel Lutetia<\/a> est un rep\u00e8re du quartier, autant aim\u00e9 par ses r\u00e9sidents que par les habitants.<\/p>\n<p>Ses 184 chambres dont 87 suites, restaur\u00e9es et modernis\u00e9es par l&#8217;embl\u00e9matique Jean-Michel Wilmotte, pr\u00e9sentent d\u00e9sormais une version beaucoup plus contemporaine du style Art d\u00e9co de l&#8217;h\u00f4tel. C\u00f4t\u00e9 design, celle-ci sont \u00e9pur\u00e9es et chaleureuses \u00e0 la fois avec la pr\u00e9sence d\u2019habillages en bois sur les murs, du parquet \u00e0 chevrons, et surtout des luminaires en verre de Murano. Le mobilier sp\u00e9cialement dessin\u00e9 pour l\u2019h\u00f4tel revisite l\u2019univers Art D\u00e9co d\u2019origine. Les suites Signature, toutes uniques, rendent hommage \u00e0 des personnalit\u00e9s comme Jos\u00e9phine Baker, ic\u00f4ne du jazz, qui trouve un \u00e9cho particulier dans ce quartier historiquement artistique et jazzy. La suite Francis Ford Coppola, est tout simplement celle qu\u2019il a l\u2019habitude d\u2019occuper lorsqu\u2019il se rend \u00e0 Paris et qu\u2019il a lui m\u00eame d\u00e9cor\u00e9e. L&#8217;h\u00f4tel a m\u00eame fait appel \u00e0 l\u2019actrice Isabelle Huppert, qui incarne si bien l\u2019esprit Rive gauche pour d\u00e9corer une de celle-ci.<\/p>\n            <\/div>\r\n    \r\n<\/section>\n\n\r\n<section class=\"image-grid image-grid-2 forty-sixty-grid\">\r\n        <div class=\"image-container img-1\">\r\n        <picture class=\"img-1\">\n                <source srcset=\"https:\/\/fr.lartisien.com\/blog\/wp-content\/uploads\/2023\/01\/room-2-1.jpeg\" media=\"(min-width: 1400px)\">\n                <source srcset=\"https:\/\/fr.lartisien.com\/blog\/wp-content\/uploads\/2023\/01\/room-2-1-1536x1025.jpeg\" media=\"(min-width: 1000px)\">\n                <source srcset=\"https:\/\/fr.lartisien.com\/blog\/wp-content\/uploads\/2023\/01\/room-2-1-1024x683.jpeg\" media=\"(min-width: 600px)\">\n                <source srcset=\"https:\/\/fr.lartisien.com\/blog\/wp-content\/uploads\/2023\/01\/room-2-1-768x512.jpeg\" media=\"(min-width: 100px)\">\n                <img decoding=\"async\" style=\"\" loading=\"lazy\" class=\"img-1\" src=\"https:\/\/fr.lartisien.com\/blog\/wp-content\/uploads\/2023\/01\/room-2-1-1024x683.jpeg\" alt=\"\" \/>\n            <\/picture>    <\/div>\r\n        <div class=\"image-container img-2\">\r\n        <picture class=\"img-2\">\n                <source srcset=\"https:\/\/fr.lartisien.com\/blog\/wp-content\/uploads\/2023\/01\/room.jpg\" media=\"(min-width: 1400px)\">\n                <source srcset=\"https:\/\/fr.lartisien.com\/blog\/wp-content\/uploads\/2023\/01\/room-1120x1536.jpg\" media=\"(min-width: 1000px)\">\n                <source srcset=\"https:\/\/fr.lartisien.com\/blog\/wp-content\/uploads\/2023\/01\/room-747x1024.jpg\" media=\"(min-width: 600px)\">\n                <source srcset=\"https:\/\/fr.lartisien.com\/blog\/wp-content\/uploads\/2023\/01\/room-768x1053.jpg\" media=\"(min-width: 100px)\">\n                <img decoding=\"async\" style=\"\" loading=\"lazy\" class=\"img-2\" src=\"https:\/\/fr.lartisien.com\/blog\/wp-content\/uploads\/2023\/01\/room-747x1024.jpg\" alt=\"\" \/>\n            <\/picture>    <\/div>\r\n    <\/section>\r\n\n\n\n<p>L&#8217;<a href=\"https:\/\/fr.lartisien.com\/hotel\/hotel-lutetia\">h\u00f4tel Lutetia<\/a>, initialement cr\u00e9\u00e9 par Madame Boucicaut pour accueillir la plus grande client\u00e8le du Bon March\u00e9, incarne l\u2019effervescence culturelle et cr\u00e9ative de Saint-Germain-des-Pr\u00e9s. Nombre de ses suites sont d\u00e9cor\u00e9es d&#8217;\u0153uvres d&#8217;artistes tels que C\u00e9sar et Philippe Hiquily, et collaborent avec diverses galeries d&#8217;art locales. <\/p>\n\n\n\n<figure class=\"wp-block-image size-large\"><img decoding=\"async\" loading=\"lazy\" width=\"1024\" height=\"683\" src=\"https:\/\/fr.lartisien.com\/blog\/wp-content\/uploads\/2023\/01\/luteria-1-1024x683.jpeg\" alt=\"\" class=\"wp-image-4512\" srcset=\"https:\/\/fr.lartisien.com\/blog\/wp-content\/uploads\/2023\/01\/luteria-1-1024x683.jpeg 1024w, https:\/\/fr.lartisien.com\/blog\/wp-content\/uploads\/2023\/01\/luteria-1-300x200.jpeg 300w, https:\/\/fr.lartisien.com\/blog\/wp-content\/uploads\/2023\/01\/luteria-1-768x512.jpeg 768w, https:\/\/fr.lartisien.com\/blog\/wp-content\/uploads\/2023\/01\/luteria-1-1536x1025.jpeg 1536w, https:\/\/fr.lartisien.com\/blog\/wp-content\/uploads\/2023\/01\/luteria-1-350x233.jpeg 350w, https:\/\/fr.lartisien.com\/blog\/wp-content\/uploads\/2023\/01\/luteria-1.jpeg 2000w\" sizes=\"(max-width: 1024px) 100vw, 1024px\" \/><\/figure>\n\n\n\n<p>Sur le plan culinaire, la Brasserie Lutetia accueille les clients et les non-r\u00e9sidents pour d\u00e9guster le menu de Patrick Charvet, tandis que le Bar Jos\u00e9phine rend hommage \u00e0 Jos\u00e9phine Baker et aux Ann\u00e9es Folles de Paris. <\/p>\n\n\n\n<p>Le spa Akasha de l\u2019h\u00f4tel propose une approche holistique du bien-\u00eatre.<\/p>\n\n\n\r\n<section class=\"image-grid image-grid-2 \">\r\n        <div class=\"image-container img-1\">\r\n        <picture class=\"img-1\">\n                <source srcset=\"https:\/\/fr.lartisien.com\/blog\/wp-content\/uploads\/2023\/01\/bar-jose-1.jpeg\" media=\"(min-width: 1400px)\">\n                <source srcset=\"https:\/\/fr.lartisien.com\/blog\/wp-content\/uploads\/2023\/01\/bar-jose-1-1536x1024.jpeg\" media=\"(min-width: 1000px)\">\n                <source srcset=\"https:\/\/fr.lartisien.com\/blog\/wp-content\/uploads\/2023\/01\/bar-jose-1-1024x682.jpeg\" media=\"(min-width: 600px)\">\n                <source srcset=\"https:\/\/fr.lartisien.com\/blog\/wp-content\/uploads\/2023\/01\/bar-jose-1-768x512.jpeg\" media=\"(min-width: 100px)\">\n                <img decoding=\"async\" style=\"\" loading=\"lazy\" class=\"img-1\" src=\"https:\/\/fr.lartisien.com\/blog\/wp-content\/uploads\/2023\/01\/bar-jose-1-1024x682.jpeg\" alt=\"\" \/>\n            <\/picture>    <\/div>\r\n        <div class=\"image-container img-2\">\r\n        <picture class=\"img-2\">\n                <source srcset=\"https:\/\/fr.lartisien.com\/blog\/wp-content\/uploads\/2023\/01\/spa-3.jpeg\" media=\"(min-width: 1400px)\">\n                <source srcset=\"https:\/\/fr.lartisien.com\/blog\/wp-content\/uploads\/2023\/01\/spa-3-1536x1025.jpeg\" media=\"(min-width: 1000px)\">\n                <source srcset=\"https:\/\/fr.lartisien.com\/blog\/wp-content\/uploads\/2023\/01\/spa-3-1024x684.jpeg\" media=\"(min-width: 600px)\">\n                <source srcset=\"https:\/\/fr.lartisien.com\/blog\/wp-content\/uploads\/2023\/01\/spa-3-768x513.jpeg\" media=\"(min-width: 100px)\">\n                <img decoding=\"async\" style=\"\" loading=\"lazy\" class=\"img-2\" src=\"https:\/\/fr.lartisien.com\/blog\/wp-content\/uploads\/2023\/01\/spa-3-1024x684.jpeg\" alt=\"\" \/>\n            <\/picture>    <\/div>\r\n    <\/section>\r\n\n\n<section class=\"important-information\">\r\n    <p class=\"p--4 important-information-header\"><\/p>\r\n    <div class=\"p--5 important-information-content\"><p><a href=\"https:\/\/fr.lartisien.com\/hotel\/hotel-lutetia\">H\u00f4tel Lutetia<\/a><\/p>\n<p>Adresse : 45 Bd Raspail, 75006 Paris, France<\/p>\n<p>Transfert : 50 minutes de l&#8217;a\u00e9roport de Paris Charles de Gaulle<\/p>\n<p>P\u00e9riode d&#8217;ouverture : Toute l&#8217;ann\u00e9e<\/p>\n<\/div>\r\n<\/section>\n\n\r\n<section class=\"highlighted-text-container\">\r\n    <div class=\"highlighted-text-inner\">\r\n                <p class=\"highlighted-text-title\">\r\n            R\u00e9servez votre s\u00e9jour \u00e0 Paris        <\/p>\r\n                <div class=\"highlighted-text-content\">\r\n            <p>Vous recherchez votre prochain s\u00e9jour ? Nous avons une <a href=\"https:\/\/fr.lartisien.com\/hotels\/france?page=1\">collection fantastique d&#8217;h\u00f4tels de luxe en France<\/a> et \u00e0 <a href=\"https:\/\/fr.lartisien.com\/hotels\/france?refinementList%5Blocation.city.name%5D%5B0%5D=Paris&#038;page=1\">Paris<\/a>. <a href=\"https:\/\/fr.lartisien.com\/nous-contacter?cur=GBP?cur=GBP\">Contactez notre \u00e9quipe<\/a> pour plus d&#8217;informations ou pour discuter d&#8217;une r\u00e9servation avec Lartisien.<\/p>\n        <\/div>\r\n            <\/div>\r\n<\/section>\n\n\n<p><\/p>\n","protected":false},"excerpt":{"rendered":"La Ville Lumi\u00e8re a fait son chemin sur la liste de nombreux voyageurs pour de bonnes raisons. La capitale fran\u00e7aise est le lieu du romantisme, de l&#8217;art, de la culture et de l&#8217;excellence. Et rien n&#8217;incarne mieux l&#8217;excellence que ces h\u00f4tels parisiens. Du glamour du Ritz \u00e0 l&#8217;intimit\u00e9 de la Maison Villeroy, d\u00e9couvrez comment choisir&#8230;","protected":false},"author":13,"featured_media":4619,"comment_status":"open","ping_status":"open","sticky":false,"template":"","format":"standard","meta":{"inline_featured_image":false},"categories":[65],"tags":[],"location":[79],"acf":[],"yoast_head":"<!-- This site is optimized with the Yoast SEO plugin v20.0 - https:\/\/yoast.com\/wordpress\/plugins\/seo\/ -->\n<title>Quel palace choisir \u00e0 Paris? | Lartisien<\/title>\n<meta name=\"robots\" content=\"index, follow, max-snippet:-1, max-image-preview:large, max-video-preview:-1\" \/>\n<link rel=\"canonical\" href=\"https:\/\/fr.lartisien.com\/blog\/quel-palace-choisir-a-paris\/\" \/>\n<meta property=\"og:locale\" content=\"fr_FR\" \/>\n<meta property=\"og:type\" content=\"article\" \/>\n<meta property=\"og:title\" content=\"Quel palace choisir \u00e0 Paris? | Lartisien\" \/>\n<meta property=\"og:description\" content=\"La Ville Lumi\u00e8re a fait son chemin sur la liste de nombreux voyageurs pour de bonnes raisons. La capitale fran\u00e7aise est le lieu du romantisme, de l&#8217;art, de la culture et de l&#8217;excellence. Et rien n&#8217;incarne mieux l&#8217;excellence que ces h\u00f4tels parisiens. Du glamour du Ritz \u00e0 l&#8217;intimit\u00e9 de la Maison Villeroy, d\u00e9couvrez comment choisir...\" \/>\n<meta property=\"og:url\" content=\"https:\/\/fr.lartisien.com\/blog\/quel-palace-choisir-a-paris\/\" \/>\n<meta property=\"og:site_name\" content=\"Lartisien\" \/>\n<meta property=\"article:published_time\" content=\"2023-01-13T14:37:59+00:00\" \/>\n<meta property=\"article:modified_time\" content=\"2023-04-06T16:34:01+00:00\" \/>\n<meta property=\"og:image\" content=\"https:\/\/fr.lartisien.com\/blog\/wp-content\/uploads\/2023\/01\/Ritz_2.jpeg\" \/>\n\t<meta property=\"og:image:width\" content=\"2000\" \/>\n\t<meta property=\"og:image:height\" content=\"1335\" \/>\n\t<meta property=\"og:image:type\" content=\"image\/jpeg\" \/>\n<meta name=\"author\" content=\"Pillay Logeshwaren\" \/>\n<meta name=\"twitter:card\" content=\"summary_large_image\" \/>\n<meta name=\"twitter:label1\" content=\"Written by\" \/>\n\t<meta name=\"twitter:data1\" content=\"Pillay Logeshwaren\" \/>\n\t<meta name=\"twitter:label2\" content=\"Est. reading time\" \/>\n\t<meta name=\"twitter:data2\" content=\"8 minutes\" \/>\n<script type=\"application\/ld+json\" class=\"yoast-schema-graph\">{\"@context\":\"https:\/\/schema.org\",\"@graph\":[{\"@type\":\"WebPage\",\"@id\":\"https:\/\/fr.lartisien.com\/blog\/quel-palace-choisir-a-paris\/\",\"url\":\"https:\/\/fr.lartisien.com\/blog\/quel-palace-choisir-a-paris\/\",\"name\":\"Quel palace choisir \u00e0 Paris? | Lartisien\",\"isPartOf\":{\"@id\":\"https:\/\/www.lartisien.com\/blog\/#website\"},\"datePublished\":\"2023-01-13T14:37:59+00:00\",\"dateModified\":\"2023-04-06T16:34:01+00:00\",\"author\":{\"@id\":\"https:\/\/www.lartisien.com\/blog\/#\/schema\/person\/0ba16c4a7260dcdca8986909bc09bc84\"},\"breadcrumb\":{\"@id\":\"https:\/\/fr.lartisien.com\/blog\/quel-palace-choisir-a-paris\/#breadcrumb\"},\"inLanguage\":\"fr-FR\",\"potentialAction\":[{\"@type\":\"ReadAction\",\"target\":[\"https:\/\/fr.lartisien.com\/blog\/quel-palace-choisir-a-paris\/\"]}]},{\"@type\":\"BreadcrumbList\",\"@id\":\"https:\/\/fr.lartisien.com\/blog\/quel-palace-choisir-a-paris\/#breadcrumb\",\"itemListElement\":[{\"@type\":\"ListItem\",\"position\":1,\"name\":\"Home\",\"item\":\"https:\/\/fr.lartisien.com\/blog\/\"},{\"@type\":\"ListItem\",\"position\":2,\"name\":\"Quel palace choisir \u00e0 Paris?\"}]},{\"@type\":\"WebSite\",\"@id\":\"https:\/\/www.lartisien.com\/blog\/#website\",\"url\":\"https:\/\/www.lartisien.com\/blog\/\",\"name\":\"Lartisien\",\"description\":\"Lartisien Blog\",\"potentialAction\":[{\"@type\":\"SearchAction\",\"target\":{\"@type\":\"EntryPoint\",\"urlTemplate\":\"https:\/\/www.lartisien.com\/blog\/?s={search_term_string}\"},\"query-input\":\"required name=search_term_string\"}],\"inLanguage\":\"fr-FR\"},{\"@type\":\"Person\",\"@id\":\"https:\/\/www.lartisien.com\/blog\/#\/schema\/person\/0ba16c4a7260dcdca8986909bc09bc84\",\"name\":\"Pillay Logeshwaren\",\"image\":{\"@type\":\"ImageObject\",\"inLanguage\":\"fr-FR\",\"@id\":\"https:\/\/www.lartisien.com\/blog\/#\/schema\/person\/image\/\",\"url\":\"https:\/\/secure.gravatar.com\/avatar\/b521500f1bb4b382f3672fb926a46f91?s=96&d=mm&r=g\",\"contentUrl\":\"https:\/\/secure.gravatar.com\/avatar\/b521500f1bb4b382f3672fb926a46f91?s=96&d=mm&r=g\",\"caption\":\"Pillay Logeshwaren\"},\"url\":\"https:\/\/fr.lartisien.com\/blog\/author\/logeshwaren-pillay\/\"}]}<\/script>\n<!-- \/ Yoast SEO plugin. -->","yoast_head_json":{"title":"Quel palace choisir \u00e0 Paris? | Lartisien","robots":{"index":"index","follow":"follow","max-snippet":"max-snippet:-1","max-image-preview":"max-image-preview:large","max-video-preview":"max-video-preview:-1"},"canonical":"https:\/\/fr.lartisien.com\/blog\/quel-palace-choisir-a-paris\/","og_locale":"fr_FR","og_type":"article","og_title":"Quel palace choisir \u00e0 Paris? | Lartisien","og_description":"La Ville Lumi\u00e8re a fait son chemin sur la liste de nombreux voyageurs pour de bonnes raisons. La capitale fran\u00e7aise est le lieu du romantisme, de l&#8217;art, de la culture et de l&#8217;excellence. Et rien n&#8217;incarne mieux l&#8217;excellence que ces h\u00f4tels parisiens. Du glamour du Ritz \u00e0 l&#8217;intimit\u00e9 de la Maison Villeroy, d\u00e9couvrez comment choisir...","og_url":"https:\/\/fr.lartisien.com\/blog\/quel-palace-choisir-a-paris\/","og_site_name":"Lartisien","article_published_time":"2023-01-13T14:37:59+00:00","article_modified_time":"2023-04-06T16:34:01+00:00","og_image":[{"width":2000,"height":1335,"url":"https:\/\/fr.lartisien.com\/blog\/wp-content\/uploads\/2023\/01\/Ritz_2.jpeg","type":"image\/jpeg"}],"author":"Pillay Logeshwaren","twitter_card":"summary_large_image","twitter_misc":{"Written by":"Pillay Logeshwaren","Est. reading time":"8 minutes"},"schema":{"@context":"https:\/\/schema.org","@graph":[{"@type":"WebPage","@id":"https:\/\/fr.lartisien.com\/blog\/quel-palace-choisir-a-paris\/","url":"https:\/\/fr.lartisien.com\/blog\/quel-palace-choisir-a-paris\/","name":"Quel palace choisir \u00e0 Paris? | Lartisien","isPartOf":{"@id":"https:\/\/www.lartisien.com\/blog\/#website"},"datePublished":"2023-01-13T14:37:59+00:00","dateModified":"2023-04-06T16:34:01+00:00","author":{"@id":"https:\/\/www.lartisien.com\/blog\/#\/schema\/person\/0ba16c4a7260dcdca8986909bc09bc84"},"breadcrumb":{"@id":"https:\/\/fr.lartisien.com\/blog\/quel-palace-choisir-a-paris\/#breadcrumb"},"inLanguage":"fr-FR","potentialAction":[{"@type":"ReadAction","target":["https:\/\/fr.lartisien.com\/blog\/quel-palace-choisir-a-paris\/"]}]},{"@type":"BreadcrumbList","@id":"https:\/\/fr.lartisien.com\/blog\/quel-palace-choisir-a-paris\/#breadcrumb","itemListElement":[{"@type":"ListItem","position":1,"name":"Home","item":"https:\/\/fr.lartisien.com\/blog\/"},{"@type":"ListItem","position":2,"name":"Quel palace choisir \u00e0 Paris?"}]},{"@type":"WebSite","@id":"https:\/\/www.lartisien.com\/blog\/#website","url":"https:\/\/www.lartisien.com\/blog\/","name":"Lartisien","description":"Lartisien Blog","potentialAction":[{"@type":"SearchAction","target":{"@type":"EntryPoint","urlTemplate":"https:\/\/www.lartisien.com\/blog\/?s={search_term_string}"},"query-input":"required name=search_term_string"}],"inLanguage":"fr-FR"},{"@type":"Person","@id":"https:\/\/www.lartisien.com\/blog\/#\/schema\/person\/0ba16c4a7260dcdca8986909bc09bc84","name":"Pillay Logeshwaren","image":{"@type":"ImageObject","inLanguage":"fr-FR","@id":"https:\/\/www.lartisien.com\/blog\/#\/schema\/person\/image\/","url":"https:\/\/secure.gravatar.com\/avatar\/b521500f1bb4b382f3672fb926a46f91?s=96&d=mm&r=g","contentUrl":"https:\/\/secure.gravatar.com\/avatar\/b521500f1bb4b382f3672fb926a46f91?s=96&d=mm&r=g","caption":"Pillay Logeshwaren"},"url":"https:\/\/fr.lartisien.com\/blog\/author\/logeshwaren-pillay\/"}]}},"_links":{"self":[{"href":"https:\/\/fr.lartisien.com\/blog\/wp-json\/wp\/v2\/posts\/4610"}],"collection":[{"href":"https:\/\/fr.lartisien.com\/blog\/wp-json\/wp\/v2\/posts"}],"about":[{"href":"https:\/\/fr.lartisien.com\/blog\/wp-json\/wp\/v2\/types\/post"}],"author":[{"embeddable":true,"href":"https:\/\/fr.lartisien.com\/blog\/wp-json\/wp\/v2\/users\/13"}],"replies":[{"embeddable":true,"href":"https:\/\/fr.lartisien.com\/blog\/wp-json\/wp\/v2\/comments?post=4610"}],"version-history":[{"count":23,"href":"https:\/\/fr.lartisien.com\/blog\/wp-json\/wp\/v2\/posts\/4610\/revisions"}],"predecessor-version":[{"id":9261,"href":"https:\/\/fr.lartisien.com\/blog\/wp-json\/wp\/v2\/posts\/4610\/revisions\/9261"}],"wp:featuredmedia":[{"embeddable":true,"href":"https:\/\/fr.lartisien.com\/blog\/wp-json\/wp\/v2\/media\/4619"}],"wp:attachment":[{"href":"https:\/\/fr.lartisien.com\/blog\/wp-json\/wp\/v2\/media?parent=4610"}],"wp:term":[{"taxonomy":"category","embeddable":true,"href":"https:\/\/fr.lartisien.com\/blog\/wp-json\/wp\/v2\/categories?post=4610"},{"taxonomy":"post_tag","embeddable":true,"href":"https:\/\/fr.lartisien.com\/blog\/wp-json\/wp\/v2\/tags?post=4610"},{"taxonomy":"location","embeddable":true,"href":"https:\/\/fr.lartisien.com\/blog\/wp-json\/wp\/v2\/location?post=4610"}],"curies":[{"name":"wp","href":"https:\/\/api.w.org\/{rel}","templated":true}]}}