{"id":6721,"date":"2023-02-24T15:53:43","date_gmt":"2023-02-24T15:53:43","guid":{"rendered":"https:\/\/www.lartisien.com\/blog\/?p=6721"},"modified":"2023-03-28T15:29:49","modified_gmt":"2023-03-28T15:29:49","slug":"ou-voir-les-cerisiers-en-fleurs-au-japon-tokyo-kyoto-et-osaka-2","status":"publish","type":"post","link":"https:\/\/fr.lartisien.com\/blog\/ou-voir-les-cerisiers-en-fleurs-au-japon-tokyo-kyoto-et-osaka-2\/","title":{"rendered":"O\u00f9 voir les cerisiers en fleurs au Japon (Tokyo, Kyoto et Osaka)"},"content":{"rendered":"\n<p>Au Japon, la saison des sakura, ou floraison des cerisiers, est une p\u00e9riode de l&#8217;ann\u00e9e tr\u00e8s populaire, qui dure du 22 mars au 8 avril environ. Pendant cette p\u00e9riode, les habitants et les visiteurs sortent de chez eux ou de leur h\u00f4tel pour profiter du <em>hanami<\/em>, la tradition japonaise d&#8217;observation des fleurs et des arbres.<\/p>\n\n\n\r\n<section class=\"text-and-image-container \">\r\n    <div class=\"text-and-image-content text-and-image-image\">\r\n        <picture class=\"\">\n                <source srcset=\"https:\/\/fr.lartisien.com\/blog\/wp-content\/uploads\/2023\/02\/vista-wei-OiERUvVrioU-unsplash-1-1365x2048.jpg\" media=\"(min-width: 1400px)\">\n                <source srcset=\"https:\/\/fr.lartisien.com\/blog\/wp-content\/uploads\/2023\/02\/vista-wei-OiERUvVrioU-unsplash-1-1024x1536.jpg\" media=\"(min-width: 1000px)\">\n                <source srcset=\"https:\/\/fr.lartisien.com\/blog\/wp-content\/uploads\/2023\/02\/vista-wei-OiERUvVrioU-unsplash-1-683x1024.jpg\" media=\"(min-width: 600px)\">\n                <source srcset=\"https:\/\/fr.lartisien.com\/blog\/wp-content\/uploads\/2023\/02\/vista-wei-OiERUvVrioU-unsplash-1-768x1152.jpg\" media=\"(min-width: 100px)\">\n                <img decoding=\"async\" style=\"\" loading=\"lazy\" class=\"\" src=\"https:\/\/fr.lartisien.com\/blog\/wp-content\/uploads\/2023\/02\/vista-wei-OiERUvVrioU-unsplash-1-683x1024.jpg\" alt=\"\" \/>\n            <\/picture>    <\/div>\r\n    <div class=\"text-and-image-content text-and-image-text\">\r\n                <p>Les gens profitent souvent de pique-niques et de divertissements sous les cerisiers dans les parcs de la ville. Les arbres, qui ne produisent pas de fruits, sont connus pour leurs magnifiques couleurs blanches, roses ou rouges. Il en existe 600 esp\u00e8ces. Une m\u00e9t\u00e9o des fleurs a m\u00eame \u00e9t\u00e9 \u00e9tablie pour pr\u00e9dire quand la floraison commencera chaque ann\u00e9e.<\/p>\n<p>La tradition de la f\u00eate des cerisiers en fleurs remonte au VIIIe si\u00e8cle et correspond au d\u00e9but de la p\u00e9riode de plantation du riz. Des offrandes \u00e9taient faites au pied des sakura pour s&#8217;assurer que la r\u00e9colte serait fructueuse. La cour imp\u00e9riale de Kyoto a repris cette tradition en y ajoutant, entre autres, la d\u00e9gustation de sak\u00e9. Au XVIIe si\u00e8cle, cette tradition a \u00e9t\u00e9 \u00e9tendue \u00e0 l&#8217;ensemble du pays.<\/p>\n<p><!-- wp:paragraph --><\/p>\n<p><!-- \/wp:paragraph --><\/p>\n<p><!-- \/wp:paragraph --><\/p>\n            <\/div>\r\n    \r\n<\/section>\n\n\r\n<section class=\"text-and-image-container container-reversed\">\r\n    <div class=\"text-and-image-content text-and-image-image\">\r\n        <picture class=\"\">\n                <source srcset=\"https:\/\/fr.lartisien.com\/blog\/wp-content\/uploads\/2023\/02\/pexels-eva-bronzini-5768450-2-1365x2048.jpg\" media=\"(min-width: 1400px)\">\n                <source srcset=\"https:\/\/fr.lartisien.com\/blog\/wp-content\/uploads\/2023\/02\/pexels-eva-bronzini-5768450-2-1024x1536.jpg\" media=\"(min-width: 1000px)\">\n                <source srcset=\"https:\/\/fr.lartisien.com\/blog\/wp-content\/uploads\/2023\/02\/pexels-eva-bronzini-5768450-2-683x1024.jpg\" media=\"(min-width: 600px)\">\n                <source srcset=\"https:\/\/fr.lartisien.com\/blog\/wp-content\/uploads\/2023\/02\/pexels-eva-bronzini-5768450-2-768x1152.jpg\" media=\"(min-width: 100px)\">\n                <img decoding=\"async\" style=\"\" loading=\"lazy\" class=\"\" src=\"https:\/\/fr.lartisien.com\/blog\/wp-content\/uploads\/2023\/02\/pexels-eva-bronzini-5768450-2-683x1024.jpg\" alt=\"\" \/>\n            <\/picture>    <\/div>\r\n    <div class=\"text-and-image-content text-and-image-text\">\r\n                <p>La fleur de cerisier est ainsi la fleur nationale du Japon, elle figure sur la monnaie et est une m\u00e9taphore courante de la beaut\u00e9 et du caract\u00e8re \u00e9ph\u00e9m\u00e8re de la vie. Elle est utilis\u00e9e pour promouvoir l&#8217;identit\u00e9 et l&#8217;unit\u00e9 nationales, tout en mettant en valeur le patrimoine culturel japonais.<\/p>\n            <\/div>\r\n    \r\n<\/section>\n\n\n<h2>TOKYO<\/h2>\n\n\n\n<h3>Les endroits \u00e0 visiter :<\/h3>\n\n\n\r\n<section class=\"text-and-image-container \">\r\n    <div class=\"text-and-image-content text-and-image-image\">\r\n        <picture class=\"\">\n                <source srcset=\"https:\/\/fr.lartisien.com\/blog\/wp-content\/uploads\/2023\/02\/Parc-dUeno-1368x2048.jpg\" media=\"(min-width: 1400px)\">\n                <source srcset=\"https:\/\/fr.lartisien.com\/blog\/wp-content\/uploads\/2023\/02\/Parc-dUeno-1026x1536.jpg\" media=\"(min-width: 1000px)\">\n                <source srcset=\"https:\/\/fr.lartisien.com\/blog\/wp-content\/uploads\/2023\/02\/Parc-dUeno-684x1024.jpg\" media=\"(min-width: 600px)\">\n                <source srcset=\"https:\/\/fr.lartisien.com\/blog\/wp-content\/uploads\/2023\/02\/Parc-dUeno-768x1150.jpg\" media=\"(min-width: 100px)\">\n                <img decoding=\"async\" style=\"\" loading=\"lazy\" class=\"\" src=\"https:\/\/fr.lartisien.com\/blog\/wp-content\/uploads\/2023\/02\/Parc-dUeno-684x1024.jpg\" alt=\"\" \/>\n            <\/picture>    <\/div>\r\n    <div class=\"text-and-image-content text-and-image-text\">\r\n                <h2 class=\"text-and-image-block-title\">Le parc d&#8217;Ueno<\/h2>\r\n                <p>L&#8217;un des endroits les plus populaires de Tokyo pour admirer les c\u00e9l\u00e8bres cerisiers en fleurs est le parc d\u2019Ueno. Situ\u00e9 \u00e0 seulement 5 minutes de la gare d&#8217;Ueno, le parc est l&#8217;un des tout premiers parcs publics du Japon, ayant \u00e9t\u00e9 autrefois le terrain du temple de Kan&#8217;ei-ji. Le parc compte plus de 8 800 arbres, dont 800 cerisiers de trois vari\u00e9t\u00e9s (le cerisier de Formose, le cerisier de Somei-Yoshino et l&#8217;embl\u00e9matique cerisier japonais).<\/p>\n<p>Pour une d\u00e9couverte romantique des cerisiers, des barques et p\u00e9dalos permettent de les admirer depuis l\u2019\u00e9tang du parc. Le parc abrite \u00e9galement le mus\u00e9e national de Tokyo, le mus\u00e9e national d&#8217;art occidental et le mus\u00e9e Shitamachi.<\/p>\n            <\/div>\r\n    \r\n<\/section>\n\n\n<h2>Les douves de Chidori-ga-fuchi<\/h2>\n\n\n\n<p>Les douves de Chidori-ga-fuchi constituent l&#8217;un des sites de cerisiers en fleurs les plus embl\u00e9matiques et reconnaissables de Tokyo. Il est situ\u00e9 au nord-ouest du Palais imp\u00e9rial et compte plus de 1000 cerisiers. Pour appr\u00e9cier pleinement la beaut\u00e9 des cerisiers en fleurs, il est pr\u00e9f\u00e9rable d&#8217;explorer la zone en bateau, ce qui vous permet de traverser sous les vo\u00fbtes de fleurs roses et blanches.<\/p>\n\n\n\n<p>Les douves sont particuli\u00e8rement impressionnantes la nuit, lorsqu&#8217;elles sont \u00e9clair\u00e9es par des lumi\u00e8res color\u00e9es qui ajoutent une touche de magie \u00e0 l&#8217;exp\u00e9rience. La douce lueur des lumi\u00e8res illumine les cerisiers en fleurs, cr\u00e9ant une atmosph\u00e8re de r\u00eave vraiment inoubliable. Une promenade nocturne en bateau dans les douves de Chidori-ga-fuchi pendant la saison des cerisiers en fleurs est une exp\u00e9rience \u00e0 ne pas manquer.<\/p>\n\n\n\r\n<section class=\"image-grid image-grid-1 \">\r\n        <div class=\"image-container img-1\">\r\n        <picture class=\"img-1\">\n                <source srcset=\"https:\/\/fr.lartisien.com\/blog\/wp-content\/uploads\/2023\/02\/Chidorigafuchi--2048x1366.jpg\" media=\"(min-width: 1400px)\">\n                <source srcset=\"https:\/\/fr.lartisien.com\/blog\/wp-content\/uploads\/2023\/02\/Chidorigafuchi--1536x1024.jpg\" media=\"(min-width: 1000px)\">\n                <source srcset=\"https:\/\/fr.lartisien.com\/blog\/wp-content\/uploads\/2023\/02\/Chidorigafuchi--1024x683.jpg\" media=\"(min-width: 600px)\">\n                <source srcset=\"https:\/\/fr.lartisien.com\/blog\/wp-content\/uploads\/2023\/02\/Chidorigafuchi--768x512.jpg\" media=\"(min-width: 100px)\">\n                <img decoding=\"async\" style=\"\" loading=\"lazy\" class=\"img-1\" src=\"https:\/\/fr.lartisien.com\/blog\/wp-content\/uploads\/2023\/02\/Chidorigafuchi--1024x683.jpg\" alt=\"\" \/>\n            <\/picture>    <\/div>\r\n    <\/section>\r\n\n\n\r\n<section class=\"text-and-image-container container-reversed\">\r\n    <div class=\"text-and-image-content text-and-image-image\">\r\n        <picture class=\"\">\n                <source srcset=\"https:\/\/fr.lartisien.com\/blog\/wp-content\/uploads\/2023\/02\/shutterstock_2037650477-2048x1365.jpg\" media=\"(min-width: 1400px)\">\n                <source srcset=\"https:\/\/fr.lartisien.com\/blog\/wp-content\/uploads\/2023\/02\/shutterstock_2037650477-1536x1024.jpg\" media=\"(min-width: 1000px)\">\n                <source srcset=\"https:\/\/fr.lartisien.com\/blog\/wp-content\/uploads\/2023\/02\/shutterstock_2037650477-1024x683.jpg\" media=\"(min-width: 600px)\">\n                <source srcset=\"https:\/\/fr.lartisien.com\/blog\/wp-content\/uploads\/2023\/02\/shutterstock_2037650477-768x512.jpg\" media=\"(min-width: 100px)\">\n                <img decoding=\"async\" style=\"\" loading=\"lazy\" class=\"\" src=\"https:\/\/fr.lartisien.com\/blog\/wp-content\/uploads\/2023\/02\/shutterstock_2037650477-1024x683.jpg\" alt=\"\" \/>\n            <\/picture>    <\/div>\r\n    <div class=\"text-and-image-content text-and-image-text\">\r\n                <h2 class=\"text-and-image-block-title\">Jardins botaniques de Koishikawa<\/h2>\r\n                <p>S&#8217;\u00e9tendant sur un demi hectare, le jardin botanique de Koishikawa offre une vari\u00e9t\u00e9 de paysages, de points de vue et de chemins permettant aux visiteurs d&#8217;appr\u00e9cier les cerisiers en fleurs. \u00c0 l&#8217;origine, le jardin botanique \u00e9tait le jardin des herbes m\u00e9dicinales de Koishikawa en 1684, et il abrite toujours de nombreuses plantes historiques.<\/p>\n            <\/div>\r\n    \r\n<\/section>\n\n\n<h2>Parc Yoyogi<\/h2>\n\n\n\n<p>Lieu de d\u00e9tente des tokyo\u00eftes, le parc se pare de magnifiques fleurs et dispose d&#8217;aires de pique-nique d\u00e9di\u00e9es pour d\u00e9jeuner sous les vo\u00fbtes de p\u00e9tales roses. De nombreux artistes tels que des artistes martiaux, musiciens, cosplayers ou com\u00e9diens s\u2019y produisent.<\/p>\n\n\n\r\n<section class=\"image-grid image-grid-1 \">\r\n        <div class=\"image-container img-1\">\r\n        <picture class=\"img-1\">\n                <source srcset=\"https:\/\/fr.lartisien.com\/blog\/wp-content\/uploads\/2023\/02\/shutterstock_1063931900.jpg\" media=\"(min-width: 1400px)\">\n                <source srcset=\"https:\/\/fr.lartisien.com\/blog\/wp-content\/uploads\/2023\/02\/shutterstock_1063931900-1536x1023.jpg\" media=\"(min-width: 1000px)\">\n                <source srcset=\"https:\/\/fr.lartisien.com\/blog\/wp-content\/uploads\/2023\/02\/shutterstock_1063931900-1024x682.jpg\" media=\"(min-width: 600px)\">\n                <source srcset=\"https:\/\/fr.lartisien.com\/blog\/wp-content\/uploads\/2023\/02\/shutterstock_1063931900-768x511.jpg\" media=\"(min-width: 100px)\">\n                <img decoding=\"async\" style=\"\" loading=\"lazy\" class=\"img-1\" src=\"https:\/\/fr.lartisien.com\/blog\/wp-content\/uploads\/2023\/02\/shutterstock_1063931900-1024x682.jpg\" alt=\"\" \/>\n            <\/picture>    <\/div>\r\n    <\/section>\r\n\n\n\n<h2>O\u00f9 s\u00e9journer ?<\/h2>\n\n\n\r\n<section class=\"text-and-image-container container-reversed\">\r\n    <div class=\"text-and-image-content text-and-image-image\">\r\n        <picture class=\"\">\n                <source srcset=\"https:\/\/fr.lartisien.com\/blog\/wp-content\/uploads\/2023\/02\/81322-root-building-and-property-exteriors-2048x1575.jpeg\" media=\"(min-width: 1400px)\">\n                <source srcset=\"https:\/\/fr.lartisien.com\/blog\/wp-content\/uploads\/2023\/02\/81322-root-building-and-property-exteriors-1536x1182.jpeg\" media=\"(min-width: 1000px)\">\n                <source srcset=\"https:\/\/fr.lartisien.com\/blog\/wp-content\/uploads\/2023\/02\/81322-root-building-and-property-exteriors-1024x788.jpeg\" media=\"(min-width: 600px)\">\n                <source srcset=\"https:\/\/fr.lartisien.com\/blog\/wp-content\/uploads\/2023\/02\/81322-root-building-and-property-exteriors-768x591.jpeg\" media=\"(min-width: 100px)\">\n                <img decoding=\"async\" style=\"\" loading=\"lazy\" class=\"\" src=\"https:\/\/fr.lartisien.com\/blog\/wp-content\/uploads\/2023\/02\/81322-root-building-and-property-exteriors-1024x788.jpeg\" alt=\"\" \/>\n            <\/picture>    <\/div>\r\n    <div class=\"text-and-image-content text-and-image-text\">\r\n                <h2 class=\"text-and-image-block-title\">Palace Hotel Tokyo<\/h2>\r\n                <p>Le <a href=\"https:\/\/fr.lartisien.com\/hotel\/palace-hotel-tokyo?cur=MUR&amp;occ=a02\">Palace Hotel Tokyo<\/a> se situe en plein coeur de Tokyo et est un h\u00f4tel de contraste. Si son architecture et ses int\u00e9rieurs contemporains se fondent dans la modernit\u00e9 de la ville, sa situation exceptionnelle face aux jardins du Palais Imp\u00e9rial, en fait presqu\u2019une enclave du plus grand parc de la ville. Il offre une vue d\u00e9gag\u00e9e et sublime sur le plus bel \u00e9crin de verdure de Tokyo, une invitation \u00e0 la contemplation.<\/p>\n            <\/div>\r\n    \r\n<\/section>\n\n\n<p>Ses 290 chambres et suites, sont l&#8217;incarnation m\u00eame de l&#8217;esth\u00e9tique urbaine, avec des lignes \u00e9pur\u00e9es, un ensemble de meubles contemporains dans des tons contrast\u00e9s de pierre et de bois. Cependant, la verdure qui entoure les parties communes de l&#8217;h\u00f4tel, comme le Club Lounge ou les jardins, rappelle le lien profond qui unit le Japon \u00e0 la nature et ses vertus apaisantes.<\/p>\n\n\n\r\n<section class=\"image-grid image-grid-3 sixty-forty-grid\">\r\n        <div class=\"image-container img-1\">\r\n        <picture class=\"img-1\">\n                <source srcset=\"https:\/\/fr.lartisien.com\/blog\/wp-content\/uploads\/2023\/02\/80454-root-deluxe-room-with-balcony-bathroom-2048x1365.jpeg\" media=\"(min-width: 1400px)\">\n                <source srcset=\"https:\/\/fr.lartisien.com\/blog\/wp-content\/uploads\/2023\/02\/80454-root-deluxe-room-with-balcony-bathroom-1536x1024.jpeg\" media=\"(min-width: 1000px)\">\n                <source srcset=\"https:\/\/fr.lartisien.com\/blog\/wp-content\/uploads\/2023\/02\/80454-root-deluxe-room-with-balcony-bathroom-1024x683.jpeg\" media=\"(min-width: 600px)\">\n                <source srcset=\"https:\/\/fr.lartisien.com\/blog\/wp-content\/uploads\/2023\/02\/80454-root-deluxe-room-with-balcony-bathroom-768x512.jpeg\" media=\"(min-width: 100px)\">\n                <img decoding=\"async\" style=\"\" loading=\"lazy\" class=\"img-1\" src=\"https:\/\/fr.lartisien.com\/blog\/wp-content\/uploads\/2023\/02\/80454-root-deluxe-room-with-balcony-bathroom-1024x683.jpeg\" alt=\"\" \/>\n            <\/picture>    <\/div>\r\n        <div class=\"image-container img-2\">\r\n        <picture class=\"img-2\">\n                <source srcset=\"https:\/\/fr.lartisien.com\/blog\/wp-content\/uploads\/2023\/02\/89415-root-grand-deluxe-room-with-balcony-balcony-1-2048x1365.jpeg\" media=\"(min-width: 1400px)\">\n                <source srcset=\"https:\/\/fr.lartisien.com\/blog\/wp-content\/uploads\/2023\/02\/89415-root-grand-deluxe-room-with-balcony-balcony-1-1536x1024.jpeg\" media=\"(min-width: 1000px)\">\n                <source srcset=\"https:\/\/fr.lartisien.com\/blog\/wp-content\/uploads\/2023\/02\/89415-root-grand-deluxe-room-with-balcony-balcony-1-1024x683.jpeg\" media=\"(min-width: 600px)\">\n                <source srcset=\"https:\/\/fr.lartisien.com\/blog\/wp-content\/uploads\/2023\/02\/89415-root-grand-deluxe-room-with-balcony-balcony-1-768x512.jpeg\" media=\"(min-width: 100px)\">\n                <img decoding=\"async\" style=\"\" loading=\"lazy\" class=\"img-2\" src=\"https:\/\/fr.lartisien.com\/blog\/wp-content\/uploads\/2023\/02\/89415-root-grand-deluxe-room-with-balcony-balcony-1-1024x683.jpeg\" alt=\"\" \/>\n            <\/picture>    <\/div>\r\n        <div class=\"image-container img-3\">\r\n        <picture class=\"img-3\">\n                <source srcset=\"https:\/\/fr.lartisien.com\/blog\/wp-content\/uploads\/2023\/02\/81255-root-prive-terrace-2048x1365.jpeg\" media=\"(min-width: 1400px)\">\n                <source srcset=\"https:\/\/fr.lartisien.com\/blog\/wp-content\/uploads\/2023\/02\/81255-root-prive-terrace-1536x1024.jpeg\" media=\"(min-width: 1000px)\">\n                <source srcset=\"https:\/\/fr.lartisien.com\/blog\/wp-content\/uploads\/2023\/02\/81255-root-prive-terrace-1024x683.jpeg\" media=\"(min-width: 600px)\">\n                <source srcset=\"https:\/\/fr.lartisien.com\/blog\/wp-content\/uploads\/2023\/02\/81255-root-prive-terrace-768x512.jpeg\" media=\"(min-width: 100px)\">\n                <img decoding=\"async\" style=\"\" loading=\"lazy\" class=\"img-3\" src=\"https:\/\/fr.lartisien.com\/blog\/wp-content\/uploads\/2023\/02\/81255-root-prive-terrace-1024x683.jpeg\" alt=\"\" \/>\n            <\/picture>    <\/div>\r\n    <\/section>\r\n\n\n\n<p>En outre, le Palace Hotel Tokyo c\u00e9l\u00e8bre la culture japonaise \u00e0 travers son offre culinaire qui propose une grande vari\u00e9t\u00e9 de cuisines et d&#8217;atmosph\u00e8res dans les sept restaurants de l&#8217;h\u00f4tel. Le Wadakura, restaurant gastronomique de l\u2019h\u00f4tel nomm\u00e9 d\u2019apr\u00e8s les douves \u00e9ponymes sert des sp\u00e9cialit\u00e9s dans quatre zones diff\u00e9rentes : des tempuras au Tatsumi (bar intime de six places), des teppanyakis au GO, des sushis au Sushi Kanesaka et des kaisekis dans la salle \u00e0 manger principale. <\/p>\n\n\n\n<p>L\u2019h\u00f4tel compte \u00e9galement l\u2019Esterre, restaurant de haute gastronomie fran\u00e7aise, ou encore, le Sushi Kanesaka, une exp\u00e9rience exquise de sushi par le chef \u00e9toil\u00e9 Michelin Shinji Kanesaka. Parmi les 3 bars de l&#8217;h\u00f4tel, le Lounge Bar Priv\u00e9, situ\u00e9 au 6\u00e8me \u00e9tage, offre une vue imprenable sur les jardins du Palais Imp\u00e9rial le matin et une vue tout aussi magnifique sur la ligne d&#8217;horizon de Tokyo le soir, le tout dans un cadre intimiste de velours sombre et d&#8217;\u00e9clairage d&#8217;ambiance.<\/p>\n\n\n\r\n<section class=\"image-grid image-grid-1 \">\r\n        <div class=\"image-container img-1\">\r\n        <picture class=\"img-1\">\n                <source srcset=\"https:\/\/fr.lartisien.com\/blog\/wp-content\/uploads\/2023\/02\/80482-root-wadakura-dish-2048x1365.jpeg\" media=\"(min-width: 1400px)\">\n                <source srcset=\"https:\/\/fr.lartisien.com\/blog\/wp-content\/uploads\/2023\/02\/80482-root-wadakura-dish-1536x1024.jpeg\" media=\"(min-width: 1000px)\">\n                <source srcset=\"https:\/\/fr.lartisien.com\/blog\/wp-content\/uploads\/2023\/02\/80482-root-wadakura-dish-1024x683.jpeg\" media=\"(min-width: 600px)\">\n                <source srcset=\"https:\/\/fr.lartisien.com\/blog\/wp-content\/uploads\/2023\/02\/80482-root-wadakura-dish-768x512.jpeg\" media=\"(min-width: 100px)\">\n                <img decoding=\"async\" style=\"\" loading=\"lazy\" class=\"img-1\" src=\"https:\/\/fr.lartisien.com\/blog\/wp-content\/uploads\/2023\/02\/80482-root-wadakura-dish-1024x683.jpeg\" alt=\"\" \/>\n            <\/picture>    <\/div>\r\n    <\/section>\r\n\n\n\r\n<section class=\"image-grid image-grid-2 fifty-fifty-grid\">\r\n        <div class=\"image-container img-1\">\r\n        <picture class=\"img-1\">\n                <source srcset=\"https:\/\/fr.lartisien.com\/blog\/wp-content\/uploads\/2023\/02\/80464-root-grand-kitchen-private-dining-2048x1365.jpeg\" media=\"(min-width: 1400px)\">\n                <source srcset=\"https:\/\/fr.lartisien.com\/blog\/wp-content\/uploads\/2023\/02\/80464-root-grand-kitchen-private-dining-1536x1024.jpeg\" media=\"(min-width: 1000px)\">\n                <source srcset=\"https:\/\/fr.lartisien.com\/blog\/wp-content\/uploads\/2023\/02\/80464-root-grand-kitchen-private-dining-1024x683.jpeg\" media=\"(min-width: 600px)\">\n                <source srcset=\"https:\/\/fr.lartisien.com\/blog\/wp-content\/uploads\/2023\/02\/80464-root-grand-kitchen-private-dining-768x512.jpeg\" media=\"(min-width: 100px)\">\n                <img decoding=\"async\" style=\"\" loading=\"lazy\" class=\"img-1\" src=\"https:\/\/fr.lartisien.com\/blog\/wp-content\/uploads\/2023\/02\/80464-root-grand-kitchen-private-dining-1024x683.jpeg\" alt=\"\" \/>\n            <\/picture>    <\/div>\r\n        <div class=\"image-container img-2\">\r\n        <picture class=\"img-2\">\n                <source srcset=\"https:\/\/fr.lartisien.com\/blog\/wp-content\/uploads\/2023\/02\/80479-root-wadakura-private-dining-2048x1365.jpeg\" media=\"(min-width: 1400px)\">\n                <source srcset=\"https:\/\/fr.lartisien.com\/blog\/wp-content\/uploads\/2023\/02\/80479-root-wadakura-private-dining-1536x1024.jpeg\" media=\"(min-width: 1000px)\">\n                <source srcset=\"https:\/\/fr.lartisien.com\/blog\/wp-content\/uploads\/2023\/02\/80479-root-wadakura-private-dining-1024x683.jpeg\" media=\"(min-width: 600px)\">\n                <source srcset=\"https:\/\/fr.lartisien.com\/blog\/wp-content\/uploads\/2023\/02\/80479-root-wadakura-private-dining-768x512.jpeg\" media=\"(min-width: 100px)\">\n                <img decoding=\"async\" style=\"\" loading=\"lazy\" class=\"img-2\" src=\"https:\/\/fr.lartisien.com\/blog\/wp-content\/uploads\/2023\/02\/80479-root-wadakura-private-dining-1024x683.jpeg\" alt=\"\" \/>\n            <\/picture>    <\/div>\r\n    <\/section>\r\n\n\n\n<p>Le Palace Hotel Tokyo compl\u00e8te son offre avec un spa Evian de 1200 m\u00e8tres carr\u00e9s o\u00f9 sont dispens\u00e9s des massages et soins de beaut\u00e9 avec des produits Omnisens et Anne Semonin. L&#8217;espace dispose \u00e9galement d&#8217;une piscine int\u00e9rieure et d&#8217;un centre de remise en forme.<\/p>\n\n\n\r\n<section class=\"image-grid image-grid-1 fifty-fifty-grid\">\r\n        <div class=\"image-container img-1\">\r\n        <picture class=\"img-1\">\n                <source srcset=\"https:\/\/fr.lartisien.com\/blog\/wp-content\/uploads\/2023\/02\/Palace-2048x1365.jpeg\" media=\"(min-width: 1400px)\">\n                <source srcset=\"https:\/\/fr.lartisien.com\/blog\/wp-content\/uploads\/2023\/02\/Palace-1536x1024.jpeg\" media=\"(min-width: 1000px)\">\n                <source srcset=\"https:\/\/fr.lartisien.com\/blog\/wp-content\/uploads\/2023\/02\/Palace-1024x683.jpeg\" media=\"(min-width: 600px)\">\n                <source srcset=\"https:\/\/fr.lartisien.com\/blog\/wp-content\/uploads\/2023\/02\/Palace-768x512.jpeg\" media=\"(min-width: 100px)\">\n                <img decoding=\"async\" style=\"\" loading=\"lazy\" class=\"img-1\" src=\"https:\/\/fr.lartisien.com\/blog\/wp-content\/uploads\/2023\/02\/Palace-1024x683.jpeg\" alt=\"\" \/>\n            <\/picture>    <\/div>\r\n    <\/section>\r\n\n\n<section class=\"important-information\">\r\n    <p class=\"p--4 important-information-header\"><\/p>\r\n    <div class=\"p--5 important-information-content\"><p><a href=\"https:\/\/fr.lartisien.com\/hotel\/palace-hotel-tokyo?cur=MUR&amp;occ=a02\"><em>Palace Hotel Tokyo<\/em><\/a><\/p>\n<p><em>Adresse : 1-1-1 Marunouchi Chiyodaku, Tokyo<\/em>.<\/p>\n<p><em>Transfert : 20 minutes de l&#8217;a\u00e9roport de Haneda.<\/em><\/p>\n<p><em>P\u00e9riode d&#8217;ouverture : Toute l&#8217;ann\u00e9e<\/em><\/p>\n<\/div>\r\n<\/section>\n\n\n<h2><span class=\"notion-enable-hover\" data-token-index=\"0\">Aman Tokyo<\/span><\/h2>\n\n\n\n<p>Juste derri\u00e8re le Palace Hotel Tokyo, l\u2019<a class=\"notion-link-token notion-enable-hover\" href=\"https:\/\/fr.lartisien.com\/hotel\/aman-tokyo?cur=MUR\" target=\"_blank\" rel=\"noopener noreferrer\" data-token-index=\"1\"><span class=\"link-annotation-unknown-block-id--2130374055\">Aman Tokyo<\/span><\/a> est une ode \u00e0 la ville et sa modernit\u00e9 d\u2019une part, et \u00e0 la philosophie et l\u2019esth\u00e9tique japonaises d\u2019autre part.<\/p>\n\n\n\r\n<section class=\"image-grid image-grid-2 \">\r\n        <div class=\"image-container img-1\">\r\n        <picture class=\"img-1\">\n                <source srcset=\"https:\/\/fr.lartisien.com\/blog\/wp-content\/uploads\/2023\/02\/94295-root-building-and-property-interiors.jpeg\" media=\"(min-width: 1400px)\">\n                <source srcset=\"https:\/\/fr.lartisien.com\/blog\/wp-content\/uploads\/2023\/02\/94295-root-building-and-property-interiors-1536x1020.jpeg\" media=\"(min-width: 1000px)\">\n                <source srcset=\"https:\/\/fr.lartisien.com\/blog\/wp-content\/uploads\/2023\/02\/94295-root-building-and-property-interiors-1024x680.jpeg\" media=\"(min-width: 600px)\">\n                <source srcset=\"https:\/\/fr.lartisien.com\/blog\/wp-content\/uploads\/2023\/02\/94295-root-building-and-property-interiors-768x510.jpeg\" media=\"(min-width: 100px)\">\n                <img decoding=\"async\" style=\"\" loading=\"lazy\" class=\"img-1\" src=\"https:\/\/fr.lartisien.com\/blog\/wp-content\/uploads\/2023\/02\/94295-root-building-and-property-interiors-1024x680.jpeg\" alt=\"\" \/>\n            <\/picture>    <\/div>\r\n        <div class=\"image-container img-2\">\r\n        <picture class=\"img-2\">\n                <source srcset=\"https:\/\/fr.lartisien.com\/blog\/wp-content\/uploads\/2023\/02\/72731-root-interiors-lobby-2048x1365.jpeg\" media=\"(min-width: 1400px)\">\n                <source srcset=\"https:\/\/fr.lartisien.com\/blog\/wp-content\/uploads\/2023\/02\/72731-root-interiors-lobby-1536x1024.jpeg\" media=\"(min-width: 1000px)\">\n                <source srcset=\"https:\/\/fr.lartisien.com\/blog\/wp-content\/uploads\/2023\/02\/72731-root-interiors-lobby-1024x683.jpeg\" media=\"(min-width: 600px)\">\n                <source srcset=\"https:\/\/fr.lartisien.com\/blog\/wp-content\/uploads\/2023\/02\/72731-root-interiors-lobby-768x512.jpeg\" media=\"(min-width: 100px)\">\n                <img decoding=\"async\" style=\"\" loading=\"lazy\" class=\"img-2\" src=\"https:\/\/fr.lartisien.com\/blog\/wp-content\/uploads\/2023\/02\/72731-root-interiors-lobby-1024x683.jpeg\" alt=\"\" \/>\n            <\/picture>    <\/div>\r\n    <\/section>\r\n\n\n\r\n<section class=\"text-and-image-container container-reversed\">\r\n    <div class=\"text-and-image-content text-and-image-image\">\r\n        <picture class=\"\">\n                <source srcset=\"https:\/\/fr.lartisien.com\/blog\/wp-content\/uploads\/2023\/02\/72726-root-interiors-lobby-2048x1365.jpeg\" media=\"(min-width: 1400px)\">\n                <source srcset=\"https:\/\/fr.lartisien.com\/blog\/wp-content\/uploads\/2023\/02\/72726-root-interiors-lobby-1536x1024.jpeg\" media=\"(min-width: 1000px)\">\n                <source srcset=\"https:\/\/fr.lartisien.com\/blog\/wp-content\/uploads\/2023\/02\/72726-root-interiors-lobby-1024x683.jpeg\" media=\"(min-width: 600px)\">\n                <source srcset=\"https:\/\/fr.lartisien.com\/blog\/wp-content\/uploads\/2023\/02\/72726-root-interiors-lobby-768x512.jpeg\" media=\"(min-width: 100px)\">\n                <img decoding=\"async\" style=\"\" loading=\"lazy\" class=\"\" src=\"https:\/\/fr.lartisien.com\/blog\/wp-content\/uploads\/2023\/02\/72726-root-interiors-lobby-1024x683.jpeg\" alt=\"\" \/>\n            <\/picture>    <\/div>\r\n    <div class=\"text-and-image-content text-and-image-text\">\r\n                <p>Situ\u00e9 dans la tour Otemachi, l&#8217;Aman Tokyo est l&#8217;une des rares propri\u00e9t\u00e9s de la marque \u00e0 se trouver en plein milieu d&#8217;un environnement urbain. Occupant uniquement les six derniers \u00e9tages de de ce building de 38 \u00e9tages, l\u2019h\u00f4tel offre une vue in\u00e9gal\u00e9e et a\u00e9rienne, loin de l\u2019agitation de la ville.<\/p>\n            <\/div>\r\n    \r\n<\/section>\n\n\n<p>Derri\u00e8re l&#8217;impressionnante fa\u00e7ade de verre bleu de la tour, l&#8217;Aman Tokyo accueille ses h\u00f4tes dans des int\u00e9rieurs qui m\u00ealent des \u00e9l\u00e9ments japonais traditionnels, tels qu&#8217;un <span class=\"notion-enable-hover\" data-token-index=\"1\"><em>ikebana<\/em> <\/span>(arrangement floral traditionnel japonais) dans le vaste hall, des portes en papier <span class=\"notion-enable-hover\" data-token-index=\"3\"><em>washi<\/em> <\/span>et m\u00eame des plateformes <span class=\"notion-enable-hover\" data-token-index=\"5\"><em>engawa<\/em><\/span> (bande de sol suspendue \u00e0 c\u00f4t\u00e9 des fen\u00eatres ou des volets).<\/p>\n\n\n\n<p>\u00c0 l&#8217;int\u00e9rieur, la palette presque monochrome de pierre grise et de bois est mise en valeur par des lignes nettes et g\u00e9om\u00e9triques, qu&#8217;il s&#8217;agisse du mobilier, du marbre dans les salles de bain. Mais ce qui est agr\u00e9able ici, c&#8217;est que le minimalisme de l\u2019int\u00e9rieur ne verse jamais dans l&#8217;aust\u00e9rit\u00e9 froide et se vit plut\u00f4t comme une respiration.<\/p>\n\n\n\r\n<section class=\"image-grid image-grid-2 fifty-fifty-grid\">\r\n        <div class=\"image-container img-1\">\r\n        <picture class=\"img-1\">\n                <source srcset=\"https:\/\/fr.lartisien.com\/blog\/wp-content\/uploads\/2023\/02\/91722-root-deluxe-palace-garden-view-room-living-area.jpeg\" media=\"(min-width: 1400px)\">\n                <source srcset=\"https:\/\/fr.lartisien.com\/blog\/wp-content\/uploads\/2023\/02\/91722-root-deluxe-palace-garden-view-room-living-area-1536x1024.jpeg\" media=\"(min-width: 1000px)\">\n                <source srcset=\"https:\/\/fr.lartisien.com\/blog\/wp-content\/uploads\/2023\/02\/91722-root-deluxe-palace-garden-view-room-living-area-1024x683.jpeg\" media=\"(min-width: 600px)\">\n                <source srcset=\"https:\/\/fr.lartisien.com\/blog\/wp-content\/uploads\/2023\/02\/91722-root-deluxe-palace-garden-view-room-living-area-768x512.jpeg\" media=\"(min-width: 100px)\">\n                <img decoding=\"async\" style=\"\" loading=\"lazy\" class=\"img-1\" src=\"https:\/\/fr.lartisien.com\/blog\/wp-content\/uploads\/2023\/02\/91722-root-deluxe-palace-garden-view-room-living-area-1024x683.jpeg\" alt=\"\" \/>\n            <\/picture>    <\/div>\r\n        <div class=\"image-container img-2\">\r\n        <picture class=\"img-2\">\n                <source srcset=\"https:\/\/fr.lartisien.com\/blog\/wp-content\/uploads\/2023\/02\/94296-root-suite-bathroom.jpeg\" media=\"(min-width: 1400px)\">\n                <source srcset=\"https:\/\/fr.lartisien.com\/blog\/wp-content\/uploads\/2023\/02\/94296-root-suite-bathroom-1536x1501.jpeg\" media=\"(min-width: 1000px)\">\n                <source srcset=\"https:\/\/fr.lartisien.com\/blog\/wp-content\/uploads\/2023\/02\/94296-root-suite-bathroom-1024x1001.jpeg\" media=\"(min-width: 600px)\">\n                <source srcset=\"https:\/\/fr.lartisien.com\/blog\/wp-content\/uploads\/2023\/02\/94296-root-suite-bathroom-768x750.jpeg\" media=\"(min-width: 100px)\">\n                <img decoding=\"async\" style=\"\" loading=\"lazy\" class=\"img-2\" src=\"https:\/\/fr.lartisien.com\/blog\/wp-content\/uploads\/2023\/02\/94296-root-suite-bathroom-1024x1001.jpeg\" alt=\"\" \/>\n            <\/picture>    <\/div>\r\n    <\/section>\r\n\n\n\n<p>Cinq points de vente constituent l&#8217;offre culinaire de l&#8217;Aman Tokyo. En t\u00eate d&#8217;affiche, Arva explore les saveurs du sud de l&#8217;Italie avec un menu cr\u00e9\u00e9 par le chef Masakazy Hiraki, form\u00e9 \u00e0 Venise. Le Musashi, quant \u00e0 lui, propose un <span class=\"notion-enable-hover\" data-token-index=\"1\"><em>omakase<\/em> <\/span>traditionnel con\u00e7u par le ma\u00eetre cuisinier Musashi (menu surprise du chef, une pratique ancr\u00e9e dans la culture nippone).<\/p>\n\n\n\r\n<section class=\"image-grid image-grid-1 \">\r\n        <div class=\"image-container img-1\">\r\n        <picture class=\"img-1\">\n                <source srcset=\"https:\/\/fr.lartisien.com\/blog\/wp-content\/uploads\/2023\/02\/72730-root-the-restaurant-by-aman-dining-room-2048x1365.jpeg\" media=\"(min-width: 1400px)\">\n                <source srcset=\"https:\/\/fr.lartisien.com\/blog\/wp-content\/uploads\/2023\/02\/72730-root-the-restaurant-by-aman-dining-room-1536x1024.jpeg\" media=\"(min-width: 1000px)\">\n                <source srcset=\"https:\/\/fr.lartisien.com\/blog\/wp-content\/uploads\/2023\/02\/72730-root-the-restaurant-by-aman-dining-room-1024x683.jpeg\" media=\"(min-width: 600px)\">\n                <source srcset=\"https:\/\/fr.lartisien.com\/blog\/wp-content\/uploads\/2023\/02\/72730-root-the-restaurant-by-aman-dining-room-768x512.jpeg\" media=\"(min-width: 100px)\">\n                <img decoding=\"async\" style=\"\" loading=\"lazy\" class=\"img-1\" src=\"https:\/\/fr.lartisien.com\/blog\/wp-content\/uploads\/2023\/02\/72730-root-the-restaurant-by-aman-dining-room-1024x683.jpeg\" alt=\"\" \/>\n            <\/picture>    <\/div>\r\n    <\/section>\r\n\n\n\r\n<section class=\"text-and-image-container container-reversed\">\r\n    <div class=\"text-and-image-content text-and-image-image\">\r\n        <picture class=\"\">\n                <source srcset=\"https:\/\/fr.lartisien.com\/blog\/wp-content\/uploads\/2023\/02\/72735-root-pool-indoor-pool-2048x1365.jpeg\" media=\"(min-width: 1400px)\">\n                <source srcset=\"https:\/\/fr.lartisien.com\/blog\/wp-content\/uploads\/2023\/02\/72735-root-pool-indoor-pool-1536x1024.jpeg\" media=\"(min-width: 1000px)\">\n                <source srcset=\"https:\/\/fr.lartisien.com\/blog\/wp-content\/uploads\/2023\/02\/72735-root-pool-indoor-pool-1024x683.jpeg\" media=\"(min-width: 600px)\">\n                <source srcset=\"https:\/\/fr.lartisien.com\/blog\/wp-content\/uploads\/2023\/02\/72735-root-pool-indoor-pool-768x512.jpeg\" media=\"(min-width: 100px)\">\n                <img decoding=\"async\" style=\"\" loading=\"lazy\" class=\"\" src=\"https:\/\/fr.lartisien.com\/blog\/wp-content\/uploads\/2023\/02\/72735-root-pool-indoor-pool-1024x683.jpeg\" alt=\"\" \/>\n            <\/picture>    <\/div>\r\n    <div class=\"text-and-image-content text-and-image-text\">\r\n                <p>L&#8217;Aman Spa compl\u00e8te l&#8217;offre de l&#8217;h\u00f4tel avec des bains chauds de style <em><span class=\"notion-enable-hover\" data-token-index=\"1\">onsen<\/span><\/em>, des bains de vapeur, une piscine de 30 m\u00e8tres, ainsi qu&#8217;un studio de remise en forme avec des \u00e9quipements de pointe et des cours de yoga et de Pilates.<\/p>\n            <\/div>\r\n    \r\n<\/section>\n\n\r\n<section class=\"image-grid image-grid-1 \">\r\n        <div class=\"image-container img-1\">\r\n        <picture class=\"img-1\">\n                <source srcset=\"https:\/\/fr.lartisien.com\/blog\/wp-content\/uploads\/2023\/02\/72734-root-pool-indoor-pool-2048x1365.jpeg\" media=\"(min-width: 1400px)\">\n                <source srcset=\"https:\/\/fr.lartisien.com\/blog\/wp-content\/uploads\/2023\/02\/72734-root-pool-indoor-pool-1536x1024.jpeg\" media=\"(min-width: 1000px)\">\n                <source srcset=\"https:\/\/fr.lartisien.com\/blog\/wp-content\/uploads\/2023\/02\/72734-root-pool-indoor-pool-1024x683.jpeg\" media=\"(min-width: 600px)\">\n                <source srcset=\"https:\/\/fr.lartisien.com\/blog\/wp-content\/uploads\/2023\/02\/72734-root-pool-indoor-pool-768x512.jpeg\" media=\"(min-width: 100px)\">\n                <img decoding=\"async\" style=\"\" loading=\"lazy\" class=\"img-1\" src=\"https:\/\/fr.lartisien.com\/blog\/wp-content\/uploads\/2023\/02\/72734-root-pool-indoor-pool-1024x683.jpeg\" alt=\"\" \/>\n            <\/picture>    <\/div>\r\n    <\/section>\r\n\n\n<section class=\"important-information\">\r\n    <p class=\"p--4 important-information-header\"><\/p>\r\n    <div class=\"p--5 important-information-content\"><p><a href=\"https:\/\/fr.lartisien.com\/hotel\/aman-tokyo?cur=MUR\">Aman Tokyo<\/a><\/p>\n<p><em>Adresse : The Otemachi Tower, 1-5-6 Otemachi, Chiyoda-ku, Tokyo<\/em>.<\/p>\n<p><em>Transfert : 20 minutes de l&#8217;a\u00e9roport de Haneda<\/em>.<\/p>\n<p><em>P\u00e9riode d&#8217;ouverture : Toute l&#8217;ann\u00e9e<\/em><\/p>\n<p><em>Co\u00fbt par nuit, \u00e0 partir de : US$ 1,887<\/em><\/p>\n<\/div>\r\n<\/section>\n\n\r\n<section class=\"text-and-image-container \">\r\n    <div class=\"text-and-image-content text-and-image-image\">\r\n        <picture class=\"\">\n                <source srcset=\"https:\/\/fr.lartisien.com\/blog\/wp-content\/uploads\/2023\/02\/49459-root-exteriors-front-door-1534x2048.jpeg\" media=\"(min-width: 1400px)\">\n                <source srcset=\"https:\/\/fr.lartisien.com\/blog\/wp-content\/uploads\/2023\/02\/49459-root-exteriors-front-door-1150x1536.jpeg\" media=\"(min-width: 1000px)\">\n                <source srcset=\"https:\/\/fr.lartisien.com\/blog\/wp-content\/uploads\/2023\/02\/49459-root-exteriors-front-door-767x1024.jpeg\" media=\"(min-width: 600px)\">\n                <source srcset=\"https:\/\/fr.lartisien.com\/blog\/wp-content\/uploads\/2023\/02\/49459-root-exteriors-front-door-768x1026.jpeg\" media=\"(min-width: 100px)\">\n                <img decoding=\"async\" style=\"\" loading=\"lazy\" class=\"\" src=\"https:\/\/fr.lartisien.com\/blog\/wp-content\/uploads\/2023\/02\/49459-root-exteriors-front-door-767x1024.jpeg\" alt=\"\" \/>\n            <\/picture>    <\/div>\r\n    <div class=\"text-and-image-content text-and-image-text\">\r\n                <h2 class=\"text-and-image-block-title\">The Peninsula Tokyo<\/h2>\r\n                <p>Entour\u00e9 par les boutiques de luxe de Ginza et Marunouchi, avec vue sur le parc Hibiya et les Jardins Imp\u00e9riaux, <a class=\"notion-link-token notion-enable-hover\" href=\"https:\/\/fr.lartisien.com\/hotel\/the-peninsula-tokyo?cur=MUR\" target=\"_blank\" rel=\"noopener noreferrer\" data-token-index=\"1\"><span class=\"link-annotation-unknown-block-id--1858055385\">The Peninsula Tokyo<\/span><\/a> se situe dans la droite lign\u00e9e des h\u00f4tels de la marque avec l\u2019importance qu\u2019il accorde au faste et aux traditions.<\/p>\n            <\/div>\r\n    \r\n<\/section>\n\n\n<p>Cr\u00e9\u00e9 par l&#8217;architecte Kazukiyo Sato, le b\u00e2timent de 24 \u00e9tages \u00e9voque une lanterne japonaise traditionnelle. Son grand hall est imposant de par sa hauteur sous plafond, ses colonnes massives et son lustre en cristaux qui semble flotter comme un nuage au dessus de la pi\u00e8ce. <\/p>\n\n\n\n<p>Ses 314 chambres rev\u00eatent un style contemporain impregn\u00e9 d\u2019influences japonaises.<\/p>\n\n\n\r\n<section class=\"image-grid image-grid-3 forty-sixty-grid\">\r\n        <div class=\"image-container img-1\">\r\n        <picture class=\"img-1\">\n                <source srcset=\"https:\/\/fr.lartisien.com\/blog\/wp-content\/uploads\/2023\/02\/84497-root-the-peninsula-suite-bathroom.jpeg\" media=\"(min-width: 1400px)\">\n                <source srcset=\"https:\/\/fr.lartisien.com\/blog\/wp-content\/uploads\/2023\/02\/84497-root-the-peninsula-suite-bathroom-1536x1032.jpeg\" media=\"(min-width: 1000px)\">\n                <source srcset=\"https:\/\/fr.lartisien.com\/blog\/wp-content\/uploads\/2023\/02\/84497-root-the-peninsula-suite-bathroom-1024x688.jpeg\" media=\"(min-width: 600px)\">\n                <source srcset=\"https:\/\/fr.lartisien.com\/blog\/wp-content\/uploads\/2023\/02\/84497-root-the-peninsula-suite-bathroom-768x516.jpeg\" media=\"(min-width: 100px)\">\n                <img decoding=\"async\" style=\"\" loading=\"lazy\" class=\"img-1\" src=\"https:\/\/fr.lartisien.com\/blog\/wp-content\/uploads\/2023\/02\/84497-root-the-peninsula-suite-bathroom-1024x688.jpeg\" alt=\"\" \/>\n            <\/picture>    <\/div>\r\n        <div class=\"image-container img-2\">\r\n        <picture class=\"img-2\">\n                <source srcset=\"https:\/\/fr.lartisien.com\/blog\/wp-content\/uploads\/2023\/02\/84502-root-the-hibiya-suite-bed.jpeg\" media=\"(min-width: 1400px)\">\n                <source srcset=\"https:\/\/fr.lartisien.com\/blog\/wp-content\/uploads\/2023\/02\/84502-root-the-hibiya-suite-bed-1536x1024.jpeg\" media=\"(min-width: 1000px)\">\n                <source srcset=\"https:\/\/fr.lartisien.com\/blog\/wp-content\/uploads\/2023\/02\/84502-root-the-hibiya-suite-bed-1024x682.jpeg\" media=\"(min-width: 600px)\">\n                <source srcset=\"https:\/\/fr.lartisien.com\/blog\/wp-content\/uploads\/2023\/02\/84502-root-the-hibiya-suite-bed-768x512.jpeg\" media=\"(min-width: 100px)\">\n                <img decoding=\"async\" style=\"\" loading=\"lazy\" class=\"img-2\" src=\"https:\/\/fr.lartisien.com\/blog\/wp-content\/uploads\/2023\/02\/84502-root-the-hibiya-suite-bed-1024x682.jpeg\" alt=\"\" \/>\n            <\/picture>    <\/div>\r\n        <div class=\"image-container img-3\">\r\n        <picture class=\"img-3\">\n                <source srcset=\"https:\/\/fr.lartisien.com\/blog\/wp-content\/uploads\/2023\/02\/84504-root-deluxe-suite-living-area.jpeg\" media=\"(min-width: 1400px)\">\n                <source srcset=\"https:\/\/fr.lartisien.com\/blog\/wp-content\/uploads\/2023\/02\/84504-root-deluxe-suite-living-area-1536x1024.jpeg\" media=\"(min-width: 1000px)\">\n                <source srcset=\"https:\/\/fr.lartisien.com\/blog\/wp-content\/uploads\/2023\/02\/84504-root-deluxe-suite-living-area-1024x682.jpeg\" media=\"(min-width: 600px)\">\n                <source srcset=\"https:\/\/fr.lartisien.com\/blog\/wp-content\/uploads\/2023\/02\/84504-root-deluxe-suite-living-area-768x512.jpeg\" media=\"(min-width: 100px)\">\n                <img decoding=\"async\" style=\"\" loading=\"lazy\" class=\"img-3\" src=\"https:\/\/fr.lartisien.com\/blog\/wp-content\/uploads\/2023\/02\/84504-root-deluxe-suite-living-area-1024x682.jpeg\" alt=\"\" \/>\n            <\/picture>    <\/div>\r\n    <\/section>\r\n\n\n\r\n<section class=\"text-and-image-container \">\r\n    <div class=\"text-and-image-content text-and-image-image\">\r\n        <picture class=\"\">\n                <source srcset=\"https:\/\/fr.lartisien.com\/blog\/wp-content\/uploads\/2023\/02\/84482-root-peter-private-dining-1365x2048.jpeg\" media=\"(min-width: 1400px)\">\n                <source srcset=\"https:\/\/fr.lartisien.com\/blog\/wp-content\/uploads\/2023\/02\/84482-root-peter-private-dining-1024x1536.jpeg\" media=\"(min-width: 1000px)\">\n                <source srcset=\"https:\/\/fr.lartisien.com\/blog\/wp-content\/uploads\/2023\/02\/84482-root-peter-private-dining-683x1024.jpeg\" media=\"(min-width: 600px)\">\n                <source srcset=\"https:\/\/fr.lartisien.com\/blog\/wp-content\/uploads\/2023\/02\/84482-root-peter-private-dining-768x1152.jpeg\" media=\"(min-width: 100px)\">\n                <img decoding=\"async\" style=\"\" loading=\"lazy\" class=\"\" src=\"https:\/\/fr.lartisien.com\/blog\/wp-content\/uploads\/2023\/02\/84482-root-peter-private-dining-683x1024.jpeg\" alt=\"\" \/>\n            <\/picture>    <\/div>\r\n    <div class=\"text-and-image-content text-and-image-text\">\r\n                <p>The Peninsula Tokyo dispose de trois restaurants, un bar et un caf\u00e9-boutique. Le Hei Fung Terrace est un restaurant cantonais de style traditionnel dont la d\u00e9coration int\u00e9rieure rappelle les jardins classiques de Suzhou.<\/p>\n<p>Le Peter et le Peter : The Bar, sont quant \u00e0 eux tr\u00e8s diff\u00e9rents, avec un design int\u00e9rieur moderne et une ambiance \u00e9lectrique qui a pour principal d\u00e9cor les vues panoramiques sur la ville. A Peter : The Bar, le cadre est enti\u00e8rement argent\u00e9 et mauve, l\u2019impression d\u2019\u00eatre sous une vo\u00fbte de sakura virtuelle. Au restaurant, le menu est celui d\u2019un steak-and-grill et on peut y d\u00e9guster de l\u2019entrec\u00f4te japonaise s\u00e9ch\u00e9e, du porc Kurobuta ou des coquilles Saint Jacques d\u2019Hokkaido. Le bar accueille la jeunesse dor\u00e9e en qu\u00eate de d\u00e9licieux cocktails (attention, il faut avoir au moins 20 ans pour y commander).<\/p>\n<p>Le Lobby est spacieux et grandiose, id\u00e9al pour le th\u00e9 de l&#8217;apr\u00e8s-midi. Enfin, le Peninsula Boutique &amp; Caf\u00e9 vous propose des douceurs sucr\u00e9es r\u00e9alis\u00e9es par le chef p\u00e2tissier Pascal Cialdella.<\/p>\n            <\/div>\r\n    \r\n<\/section>\n\n\r\n<section class=\"image-grid image-grid-1 \">\r\n        <div class=\"image-container img-1\">\r\n        <picture class=\"img-1\">\n                <source srcset=\"https:\/\/fr.lartisien.com\/blog\/wp-content\/uploads\/2023\/02\/84483-root-restaurants-bars-peter-the-bar-2048x1183.jpeg\" media=\"(min-width: 1400px)\">\n                <source srcset=\"https:\/\/fr.lartisien.com\/blog\/wp-content\/uploads\/2023\/02\/84483-root-restaurants-bars-peter-the-bar-1536x887.jpeg\" media=\"(min-width: 1000px)\">\n                <source srcset=\"https:\/\/fr.lartisien.com\/blog\/wp-content\/uploads\/2023\/02\/84483-root-restaurants-bars-peter-the-bar-1024x592.jpeg\" media=\"(min-width: 600px)\">\n                <source srcset=\"https:\/\/fr.lartisien.com\/blog\/wp-content\/uploads\/2023\/02\/84483-root-restaurants-bars-peter-the-bar-768x444.jpeg\" media=\"(min-width: 100px)\">\n                <img decoding=\"async\" style=\"\" loading=\"lazy\" class=\"img-1\" src=\"https:\/\/fr.lartisien.com\/blog\/wp-content\/uploads\/2023\/02\/84483-root-restaurants-bars-peter-the-bar-1024x592.jpeg\" alt=\"\" \/>\n            <\/picture>    <\/div>\r\n    <\/section>\r\n\n\n\n<p>Pour compl\u00e9ter l&#8217;offre de l&#8217;h\u00f4tel, le Peninsula Spa est un havre de calme et de paix, avec des soins sur mesure, une piscine int\u00e9rieure chauff\u00e9e de 20 m\u00e8tres et un centre de remise en forme ultramoderne.<\/p>\n\n\n\r\n<section class=\"image-grid image-grid-1 \">\r\n        <div class=\"image-container img-1\">\r\n        <picture class=\"img-1\">\n                <source srcset=\"https:\/\/fr.lartisien.com\/blog\/wp-content\/uploads\/2023\/02\/84491-root-pool-indoor-pool-2048x1135.jpeg\" media=\"(min-width: 1400px)\">\n                <source srcset=\"https:\/\/fr.lartisien.com\/blog\/wp-content\/uploads\/2023\/02\/84491-root-pool-indoor-pool-1536x852.jpeg\" media=\"(min-width: 1000px)\">\n                <source srcset=\"https:\/\/fr.lartisien.com\/blog\/wp-content\/uploads\/2023\/02\/84491-root-pool-indoor-pool-1024x568.jpeg\" media=\"(min-width: 600px)\">\n                <source srcset=\"https:\/\/fr.lartisien.com\/blog\/wp-content\/uploads\/2023\/02\/84491-root-pool-indoor-pool-768x426.jpeg\" media=\"(min-width: 100px)\">\n                <img decoding=\"async\" style=\"\" loading=\"lazy\" class=\"img-1\" src=\"https:\/\/fr.lartisien.com\/blog\/wp-content\/uploads\/2023\/02\/84491-root-pool-indoor-pool-1024x568.jpeg\" alt=\"\" \/>\n            <\/picture>    <\/div>\r\n    <\/section>\r\n\n\n<section class=\"important-information\">\r\n    <p class=\"p--4 important-information-header\"><\/p>\r\n    <div class=\"p--5 important-information-content\"><p><a href=\"https:\/\/fr.lartisien.com\/hotel\/the-peninsula-tokyo?cur=MUR\"><em>The Peninsula Tokyo<\/em><\/a><\/p>\n<p><em>Adresse : 1-8-1 Yurakucho, Chiyoda-ku, Tokyo.<\/em><\/p>\n<p><em>Transfert : 20 minutes de l&#8217;a\u00e9roport de Haneda.<\/em><\/p>\n<p><em>P\u00e9riode d&#8217;ouverture : Toute l&#8217;ann\u00e9e<\/em><\/p>\n<\/div>\r\n<\/section>\n\n\n<h2>Park Hyatt Tokyo <\/h2>\n\n\n\n<p>Le <a class=\"notion-link-token notion-enable-hover\" data-token-index=\"1\" href=\"https:\/\/fr.lartisien.com\/hotel\/park-hyatt-tokyo?cur=MUR\" target=\"_blank\" rel=\"noopener noreferrer\"><span class=\"link-annotation-unknown-block-id--674208883\">Park Hyatt Tokyo<\/span><\/a> nous est comme familier apr\u00e8s avoir servi de d\u00e9cor au deuxi\u00e8me film de Sofia Coppola, <span class=\"notion-enable-hover\" data-token-index=\"3\"><em>Lost in Translation<\/em><\/span>, avec Bill Murray et Scarlett Johansson. L\u2019h\u00f4tel s\u00e9duit par son \u00e9l\u00e9gance sobre et son charme ann\u00e9es 90.<\/p>\n\n\n\r\n<section class=\"image-grid image-grid-2 fifty-fifty-grid\">\r\n        <div class=\"image-container img-1\">\r\n        <picture class=\"img-1\">\n                <source srcset=\"https:\/\/fr.lartisien.com\/blog\/wp-content\/uploads\/2023\/02\/44795-tyoph-rest-20-2048x1593.jpeg\" media=\"(min-width: 1400px)\">\n                <source srcset=\"https:\/\/fr.lartisien.com\/blog\/wp-content\/uploads\/2023\/02\/44795-tyoph-rest-20-1536x1195.jpeg\" media=\"(min-width: 1000px)\">\n                <source srcset=\"https:\/\/fr.lartisien.com\/blog\/wp-content\/uploads\/2023\/02\/44795-tyoph-rest-20-1024x796.jpeg\" media=\"(min-width: 600px)\">\n                <source srcset=\"https:\/\/fr.lartisien.com\/blog\/wp-content\/uploads\/2023\/02\/44795-tyoph-rest-20-768x597.jpeg\" media=\"(min-width: 100px)\">\n                <img decoding=\"async\" style=\"\" loading=\"lazy\" class=\"img-1\" src=\"https:\/\/fr.lartisien.com\/blog\/wp-content\/uploads\/2023\/02\/44795-tyoph-rest-20-1024x796.jpeg\" alt=\"\" \/>\n            <\/picture>    <\/div>\r\n        <div class=\"image-container img-2\">\r\n        <picture class=\"img-2\">\n                <source srcset=\"https:\/\/fr.lartisien.com\/blog\/wp-content\/uploads\/2023\/02\/90140-root-diplomat-suite-living-room.jpeg\" media=\"(min-width: 1400px)\">\n                <source srcset=\"https:\/\/fr.lartisien.com\/blog\/wp-content\/uploads\/2023\/02\/90140-root-diplomat-suite-living-room-1536x1024.jpeg\" media=\"(min-width: 1000px)\">\n                <source srcset=\"https:\/\/fr.lartisien.com\/blog\/wp-content\/uploads\/2023\/02\/90140-root-diplomat-suite-living-room-1024x682.jpeg\" media=\"(min-width: 600px)\">\n                <source srcset=\"https:\/\/fr.lartisien.com\/blog\/wp-content\/uploads\/2023\/02\/90140-root-diplomat-suite-living-room-768x512.jpeg\" media=\"(min-width: 100px)\">\n                <img decoding=\"async\" style=\"\" loading=\"lazy\" class=\"img-2\" src=\"https:\/\/fr.lartisien.com\/blog\/wp-content\/uploads\/2023\/02\/90140-root-diplomat-suite-living-room-1024x682.jpeg\" alt=\"\" \/>\n            <\/picture>    <\/div>\r\n    <\/section>\r\n\n\n\n<p>S&#8217;\u00e9tendant du 39e \u00e9tage au 52e \u00e9tage de la Shinjuku Park Tower con\u00e7ue par Kenzo Tange, le Park Hyatt Tokyo offre une vue \u00e0 360 degr\u00e9s sur la ville ainsi qu&#8217;un aper\u00e7u du c\u00e9l\u00e8bre mont Fuji au loin. \u00c0 l&#8217;int\u00e9rieur, l&#8217;h\u00f4tel pr\u00e9sente un d\u00e9cor contemporain classique avec de nombreuses d\u00e9clinaisons de bois. Dans ses 177 chambres, on retrouve un style inspir\u00e9 du milieu du si\u00e8cle dernier par John Morford avec des tonalit\u00e9s noire, brune, grise ou cr\u00e8me, et des vues imprenables sur la ville.<\/p>\n\n\n\r\n<section class=\"image-grid image-grid-3 sixty-forty-grid\">\r\n        <div class=\"image-container img-1\">\r\n        <picture class=\"img-1\">\n                <source srcset=\"https:\/\/fr.lartisien.com\/blog\/wp-content\/uploads\/2023\/02\/77892-root-presidential-suite-living-area-2048x1415.jpeg\" media=\"(min-width: 1400px)\">\n                <source srcset=\"https:\/\/fr.lartisien.com\/blog\/wp-content\/uploads\/2023\/02\/77892-root-presidential-suite-living-area-1536x1062.jpeg\" media=\"(min-width: 1000px)\">\n                <source srcset=\"https:\/\/fr.lartisien.com\/blog\/wp-content\/uploads\/2023\/02\/77892-root-presidential-suite-living-area-1024x708.jpeg\" media=\"(min-width: 600px)\">\n                <source srcset=\"https:\/\/fr.lartisien.com\/blog\/wp-content\/uploads\/2023\/02\/77892-root-presidential-suite-living-area-768x531.jpeg\" media=\"(min-width: 100px)\">\n                <img decoding=\"async\" style=\"\" loading=\"lazy\" class=\"img-1\" src=\"https:\/\/fr.lartisien.com\/blog\/wp-content\/uploads\/2023\/02\/77892-root-presidential-suite-living-area-1024x708.jpeg\" alt=\"\" \/>\n            <\/picture>    <\/div>\r\n        <div class=\"image-container img-2\">\r\n        <picture class=\"img-2\">\n                <source srcset=\"https:\/\/fr.lartisien.com\/blog\/wp-content\/uploads\/2023\/02\/44799-root-rooms-tokyo-suite-2048x1602.jpeg\" media=\"(min-width: 1400px)\">\n                <source srcset=\"https:\/\/fr.lartisien.com\/blog\/wp-content\/uploads\/2023\/02\/44799-root-rooms-tokyo-suite-1536x1201.jpeg\" media=\"(min-width: 1000px)\">\n                <source srcset=\"https:\/\/fr.lartisien.com\/blog\/wp-content\/uploads\/2023\/02\/44799-root-rooms-tokyo-suite-1024x801.jpeg\" media=\"(min-width: 600px)\">\n                <source srcset=\"https:\/\/fr.lartisien.com\/blog\/wp-content\/uploads\/2023\/02\/44799-root-rooms-tokyo-suite-768x601.jpeg\" media=\"(min-width: 100px)\">\n                <img decoding=\"async\" style=\"\" loading=\"lazy\" class=\"img-2\" src=\"https:\/\/fr.lartisien.com\/blog\/wp-content\/uploads\/2023\/02\/44799-root-rooms-tokyo-suite-1024x801.jpeg\" alt=\"\" \/>\n            <\/picture>    <\/div>\r\n        <div class=\"image-container img-3\">\r\n        <picture class=\"img-3\">\n                <source srcset=\"https:\/\/fr.lartisien.com\/blog\/wp-content\/uploads\/2023\/02\/44797-root-park-view-room-main-bedroom-2048x1583.jpeg\" media=\"(min-width: 1400px)\">\n                <source srcset=\"https:\/\/fr.lartisien.com\/blog\/wp-content\/uploads\/2023\/02\/44797-root-park-view-room-main-bedroom-1536x1187.jpeg\" media=\"(min-width: 1000px)\">\n                <source srcset=\"https:\/\/fr.lartisien.com\/blog\/wp-content\/uploads\/2023\/02\/44797-root-park-view-room-main-bedroom-1024x791.jpeg\" media=\"(min-width: 600px)\">\n                <source srcset=\"https:\/\/fr.lartisien.com\/blog\/wp-content\/uploads\/2023\/02\/44797-root-park-view-room-main-bedroom-768x594.jpeg\" media=\"(min-width: 100px)\">\n                <img decoding=\"async\" style=\"\" loading=\"lazy\" class=\"img-3\" src=\"https:\/\/fr.lartisien.com\/blog\/wp-content\/uploads\/2023\/02\/44797-root-park-view-room-main-bedroom-1024x791.jpeg\" alt=\"\" \/>\n            <\/picture>    <\/div>\r\n    <\/section>\r\n\n\n\r\n<section class=\"text-and-image-container container-reversed\">\r\n    <div class=\"text-and-image-content text-and-image-image\">\r\n        <picture class=\"\">\n                <source srcset=\"https:\/\/fr.lartisien.com\/blog\/wp-content\/uploads\/2023\/02\/44786-root-the-peak-bar-dining-room-2048x1583.jpeg\" media=\"(min-width: 1400px)\">\n                <source srcset=\"https:\/\/fr.lartisien.com\/blog\/wp-content\/uploads\/2023\/02\/44786-root-the-peak-bar-dining-room-1536x1188.jpeg\" media=\"(min-width: 1000px)\">\n                <source srcset=\"https:\/\/fr.lartisien.com\/blog\/wp-content\/uploads\/2023\/02\/44786-root-the-peak-bar-dining-room-1024x792.jpeg\" media=\"(min-width: 600px)\">\n                <source srcset=\"https:\/\/fr.lartisien.com\/blog\/wp-content\/uploads\/2023\/02\/44786-root-the-peak-bar-dining-room-768x594.jpeg\" media=\"(min-width: 100px)\">\n                <img decoding=\"async\" style=\"\" loading=\"lazy\" class=\"\" src=\"https:\/\/fr.lartisien.com\/blog\/wp-content\/uploads\/2023\/02\/44786-root-the-peak-bar-dining-room-1024x792.jpeg\" alt=\"\" \/>\n            <\/picture>    <\/div>\r\n    <div class=\"text-and-image-content text-and-image-text\">\r\n                <p>Pas moins de 8 points de vente constituent l&#8217;offre F&amp;B du Park Hyatt Tokyo.<\/p>\n<p>L&#8217;embl\u00e9matique New York Grill et le New York Bar attenant sont en t\u00eate de liste. Un int\u00e9rieur sombre et jazzy situ\u00e9 au 52e \u00e9tage de l&#8217;h\u00f4tel, avec des fen\u00eatres du sol au plafond offrant une vue imprenable sur la ville, que l&#8217;on peut appr\u00e9cier aux c\u00f4t\u00e9s des classiques am\u00e9ricains pr\u00e9par\u00e9s par le chef de cuisine et son \u00e9quipe.<\/p>\n<p>Le Kozue est le restaurant japonais contemporain de l&#8217;h\u00f4tel, qui propose un menu de saison et des vues sur le mont Fuji.<\/p>\n<p>Girandole, avec son d\u00e9cor \u00e0 l&#8217;ancienne compos\u00e9 de photographies en noir et blanc de caf\u00e9s europ\u00e9ens, a quelque chose de la salle de r\u00e9ception du paquebot de croisi\u00e8re de la Belle Epoque.<\/p>\n<p>Le Peak Lounge et le Peak Bar qui y est rattach\u00e9, constituent un jardin de bambou \u00e9clair\u00e9, id\u00e9al pour le th\u00e9 de l&#8217;apr\u00e8s-midi ou les cocktails du soir.<\/p>\n            <\/div>\r\n    \r\n<\/section>\n\n\n<p>Compl\u00e9tant l&#8217;offre de l&#8217;h\u00f4tel, le spa Club on the Park du Park Hyatt Tokyo offre un cadre spacieux et a\u00e9rien situ\u00e9 au 47\u00e8me \u00e9tage du b\u00e2timent. Le spa offre l&#8217;acc\u00e8s \u00e0 des salles de soins priv\u00e9es, des bains \u00e0 remous, des piscines \u00e0 jets froids, des saunas secs et \u00e0 vapeur, une piscine de 20 m\u00e8tres et un studio d&#8217;a\u00e9robic.<\/p>\n\n\n\r\n<section class=\"image-grid image-grid-1 \">\r\n        <div class=\"image-container img-1\">\r\n        <picture class=\"img-1\">\n                <source srcset=\"https:\/\/fr.lartisien.com\/blog\/wp-content\/uploads\/2023\/02\/90142-root-spa-treatment-room-2048x1365.jpeg\" media=\"(min-width: 1400px)\">\n                <source srcset=\"https:\/\/fr.lartisien.com\/blog\/wp-content\/uploads\/2023\/02\/90142-root-spa-treatment-room-1536x1024.jpeg\" media=\"(min-width: 1000px)\">\n                <source srcset=\"https:\/\/fr.lartisien.com\/blog\/wp-content\/uploads\/2023\/02\/90142-root-spa-treatment-room-1024x683.jpeg\" media=\"(min-width: 600px)\">\n                <source srcset=\"https:\/\/fr.lartisien.com\/blog\/wp-content\/uploads\/2023\/02\/90142-root-spa-treatment-room-768x512.jpeg\" media=\"(min-width: 100px)\">\n                <img decoding=\"async\" style=\"\" loading=\"lazy\" class=\"img-1\" src=\"https:\/\/fr.lartisien.com\/blog\/wp-content\/uploads\/2023\/02\/90142-root-spa-treatment-room-1024x683.jpeg\" alt=\"\" \/>\n            <\/picture>    <\/div>\r\n    <\/section>\r\n\n\n<section class=\"important-information\">\r\n    <p class=\"p--4 important-information-header\"><\/p>\r\n    <div class=\"p--5 important-information-content\"><p><a href=\"https:\/\/fr.lartisien.com\/hotel\/park-hyatt-tokyo?cur=MUR\"><em>Park Hyatt Tokyo<\/em><\/a><\/p>\n<p><em>Adresse : 1-8-1 Yurakucho, Chiyoda-ku, Tokyo.<\/em><\/p>\n<p><em>Transfert : 25 minutes de l&#8217;a\u00e9roport de Haneda.<\/em><\/p>\n<p><em>P\u00e9riode d&#8217;ouverture : Toute l&#8217;ann\u00e9e<\/em><\/p>\n<\/div>\r\n<\/section>\n\n\n<h2 class=\"has-text-align-left\">KYOTO<\/h2>\n\n\n\n<h3 class=\"has-text-align-left\">Les endroits \u00e0 visiter:<\/h3>\n\n\n\r\n<section class=\"text-and-image-container container-reversed\">\r\n    <div class=\"text-and-image-content text-and-image-image\">\r\n        <picture class=\"\">\n                <source srcset=\"https:\/\/fr.lartisien.com\/blog\/wp-content\/uploads\/2023\/02\/Parc-Maruyama-Koen.jpg\" media=\"(min-width: 1400px)\">\n                <source srcset=\"https:\/\/fr.lartisien.com\/blog\/wp-content\/uploads\/2023\/02\/Parc-Maruyama-Koen-1536x1025.jpg\" media=\"(min-width: 1000px)\">\n                <source srcset=\"https:\/\/fr.lartisien.com\/blog\/wp-content\/uploads\/2023\/02\/Parc-Maruyama-Koen-1024x684.jpg\" media=\"(min-width: 600px)\">\n                <source srcset=\"https:\/\/fr.lartisien.com\/blog\/wp-content\/uploads\/2023\/02\/Parc-Maruyama-Koen-768x513.jpg\" media=\"(min-width: 100px)\">\n                <img decoding=\"async\" style=\"\" loading=\"lazy\" class=\"\" src=\"https:\/\/fr.lartisien.com\/blog\/wp-content\/uploads\/2023\/02\/Parc-Maruyama-Koen-1024x684.jpg\" alt=\"\" \/>\n            <\/picture>    <\/div>\r\n    <div class=\"text-and-image-content text-and-image-text\">\r\n                <h2 class=\"text-and-image-block-title\">Parc Maruyama Koen<\/h2>\r\n                <p>Le parc est une destination populaire pour le <em>hanami<\/em>, la tradition japonaise d&#8217;observation des fleurs, et est particuli\u00e8rement anim\u00e9 la nuit, lorsque les cerisiers en fleurs sont illumin\u00e9s de lumi\u00e8res color\u00e9es.<\/p>\n<p>Le parc Maruyama Koen comporte \u00e9galement plusieurs autres attractions, notamment un grand \u00e9tang avec un pont pittoresque, un salon de th\u00e9 et un petit zoo. L&#8217;emplacement central du parc \u00e0 Kyoto, \u00e0 proximit\u00e9 de nombreuses autres destinations touristiques populaires, en fait un endroit pratique et agr\u00e9able \u00e0 visiter.<\/p>\n            <\/div>\r\n    \r\n<\/section>\n\n\n<h2>Sanctuaire d&#8217;Hirano<\/h2>\n\n\n\n<p>Abritant 60 vari\u00e9t\u00e9s diff\u00e9rentes de cerisiers, le sanctuaire d\u2019Hirano est l&#8217;un des principaux lieux de&nbsp;<em>hanami&nbsp;<\/em>de Kyoto. Le sanctuaire existe depuis 794 et a \u00e9t\u00e9 \u00e9tabli par l&#8217;empereur Kammu, et il est populaire pour ses cerisiers en fleurs depuis presque aussi longtemps, l&#8217;\u00e9v\u00e9nement \u00e9tant c\u00e9l\u00e9br\u00e9 chaque ann\u00e9e depuis 985. Il s&#8217;agit du plus ancien festival r\u00e9gulier de Kyoto.<\/p>\n\n\n\r\n<section class=\"image-grid image-grid-1 \">\r\n        <div class=\"image-container img-1\">\r\n        <picture class=\"img-1\">\n                <source srcset=\"https:\/\/fr.lartisien.com\/blog\/wp-content\/uploads\/2023\/02\/shutterstock_1029570550-1-2048x1365.jpg\" media=\"(min-width: 1400px)\">\n                <source srcset=\"https:\/\/fr.lartisien.com\/blog\/wp-content\/uploads\/2023\/02\/shutterstock_1029570550-1-1536x1024.jpg\" media=\"(min-width: 1000px)\">\n                <source srcset=\"https:\/\/fr.lartisien.com\/blog\/wp-content\/uploads\/2023\/02\/shutterstock_1029570550-1-1024x683.jpg\" media=\"(min-width: 600px)\">\n                <source srcset=\"https:\/\/fr.lartisien.com\/blog\/wp-content\/uploads\/2023\/02\/shutterstock_1029570550-1-768x512.jpg\" media=\"(min-width: 100px)\">\n                <img decoding=\"async\" style=\"\" loading=\"lazy\" class=\"img-1\" src=\"https:\/\/fr.lartisien.com\/blog\/wp-content\/uploads\/2023\/02\/shutterstock_1029570550-1-1024x683.jpg\" alt=\"\" \/>\n            <\/picture>    <\/div>\r\n    <\/section>\r\n\n\n\r\n<section class=\"text-and-image-container container-reversed\">\r\n    <div class=\"text-and-image-content text-and-image-image\">\r\n        <picture class=\"\">\n                <source srcset=\"https:\/\/fr.lartisien.com\/blog\/wp-content\/uploads\/2023\/02\/Temple-Toji_2-2048x1365.jpg\" media=\"(min-width: 1400px)\">\n                <source srcset=\"https:\/\/fr.lartisien.com\/blog\/wp-content\/uploads\/2023\/02\/Temple-Toji_2-1536x1024.jpg\" media=\"(min-width: 1000px)\">\n                <source srcset=\"https:\/\/fr.lartisien.com\/blog\/wp-content\/uploads\/2023\/02\/Temple-Toji_2-1024x683.jpg\" media=\"(min-width: 600px)\">\n                <source srcset=\"https:\/\/fr.lartisien.com\/blog\/wp-content\/uploads\/2023\/02\/Temple-Toji_2-768x512.jpg\" media=\"(min-width: 100px)\">\n                <img decoding=\"async\" style=\"\" loading=\"lazy\" class=\"\" src=\"https:\/\/fr.lartisien.com\/blog\/wp-content\/uploads\/2023\/02\/Temple-Toji_2-1024x683.jpg\" alt=\"\" \/>\n            <\/picture>    <\/div>\r\n    <div class=\"text-and-image-content text-and-image-text\">\r\n                <h2 class=\"text-and-image-block-title\">Le temple Toji<\/h2>\r\n                <p>Outre sa pagode \u00e0 cinq \u00e9tages, le temple Toji est c\u00e9l\u00e8bre pour ses 200 sakura et, surtout, pour un cerisier pleureur shidare-zakura de 130 ans.<\/p>\n<p>S\u2019y promener la journ\u00e9e est tr\u00e8s agr\u00e9able mais y venir \u00e0 la tomb\u00e9e du jour ou le soir est une exp\u00e9rience incroyable car les arbres sont \u00e9clair\u00e9s et scintillent pour un spectacle f\u00e9\u00e9rique.<\/p>\n            <\/div>\r\n    \r\n<\/section>\n\n\n<h2>Le chemin des philosophes<\/h2>\n\n\n\n<p>Moins grandiose que l&#8217;adresse pr\u00e9c\u00e9dente mais tout aussi beau, sinon plus, le chemin des philosophes est un agr\u00e9able sentier de pierre qui suit un canal bord\u00e9 de centaines de cerisiers. Les visiteurs peuvent se promener sous les arbres sur environ 2 kilom\u00e8tres, en commen\u00e7ant par le Pavillon d&#8217;argent et en terminant dans le quartier de Nanzenji. <\/p>\n\n\n\n<p>Le chemin est \u00e9galement bord\u00e9 de petits caf\u00e9s, boutiques et restaurants, ainsi que de petits temples et sanctuaires.<\/p>\n\n\n\r\n<section class=\"image-grid image-grid-1 \">\r\n        <div class=\"image-container img-1\">\r\n        <picture class=\"img-1\">\n                <source srcset=\"https:\/\/fr.lartisien.com\/blog\/wp-content\/uploads\/2023\/02\/shutterstock_527729881.jpg\" media=\"(min-width: 1400px)\">\n                <source srcset=\"https:\/\/fr.lartisien.com\/blog\/wp-content\/uploads\/2023\/02\/shutterstock_527729881-1536x1025.jpg\" media=\"(min-width: 1000px)\">\n                <source srcset=\"https:\/\/fr.lartisien.com\/blog\/wp-content\/uploads\/2023\/02\/shutterstock_527729881-1024x684.jpg\" media=\"(min-width: 600px)\">\n                <source srcset=\"https:\/\/fr.lartisien.com\/blog\/wp-content\/uploads\/2023\/02\/shutterstock_527729881-768x513.jpg\" media=\"(min-width: 100px)\">\n                <img decoding=\"async\" style=\"\" loading=\"lazy\" class=\"img-1\" src=\"https:\/\/fr.lartisien.com\/blog\/wp-content\/uploads\/2023\/02\/shutterstock_527729881-1024x684.jpg\" alt=\"\" \/>\n            <\/picture>    <\/div>\r\n    <\/section>\r\n\n\n\n<h2>O\u00f9 s\u00e9journer ?<\/h2>\n\n\n\r\n<section class=\"text-and-image-container container-reversed\">\r\n    <div class=\"text-and-image-content text-and-image-image\">\r\n        <picture class=\"\">\n                <source srcset=\"https:\/\/fr.lartisien.com\/blog\/wp-content\/uploads\/2023\/02\/93439-root-exteriors-front-facade.jpeg\" media=\"(min-width: 1400px)\">\n                <source srcset=\"https:\/\/fr.lartisien.com\/blog\/wp-content\/uploads\/2023\/02\/93439-root-exteriors-front-facade-1536x1024.jpeg\" media=\"(min-width: 1000px)\">\n                <source srcset=\"https:\/\/fr.lartisien.com\/blog\/wp-content\/uploads\/2023\/02\/93439-root-exteriors-front-facade-1024x683.jpeg\" media=\"(min-width: 600px)\">\n                <source srcset=\"https:\/\/fr.lartisien.com\/blog\/wp-content\/uploads\/2023\/02\/93439-root-exteriors-front-facade-768x512.jpeg\" media=\"(min-width: 100px)\">\n                <img decoding=\"async\" style=\"\" loading=\"lazy\" class=\"\" src=\"https:\/\/fr.lartisien.com\/blog\/wp-content\/uploads\/2023\/02\/93439-root-exteriors-front-facade-1024x683.jpeg\" alt=\"\" \/>\n            <\/picture>    <\/div>\r\n    <div class=\"text-and-image-content text-and-image-text\">\r\n                <h2 class=\"text-and-image-block-title\">H\u00f4tel Four Seasons Kyoto<\/h2>\r\n                <p>Inspir\u00e9 par l&#8217;architecture zen, avec en son centre le Shakusui-en, un \u00e9tang vieux de 800 ans, le <a class=\"notion-link-token notion-enable-hover\" href=\"https:\/\/fr.lartisien.com\/hotel\/four-seasons-hotel-kyoto?cur=MUR\" target=\"_blank\" rel=\"noopener noreferrer\" data-token-index=\"1\"><span class=\"link-annotation-unknown-block-id-1104302278\">Four Seasons Hotel Tokyo<\/span><\/a> incarne les charmes du vieux monde de la capitale culturelle du Japon.<\/p>\n            <\/div>\r\n    \r\n<\/section>\n\n\n<p>Entour\u00e9 d&#8217;un paysage de cerisiers en fleurs et d&#8217;une riche verdure, le Four Seasons Hotel Kyoto est le mariage parfait du moderne et du traditionnel.<\/p>\n\n\n\n<p>Le b\u00e2timent et ses 123 chambres et suites entretient une atmosph\u00e8re intimiste en associant des \u00e9l\u00e9ments traditionnels japonais tels que les fleurs, les lanternes en papier et les \u00e9crans de <em>fusuma<\/em>, avec des \u00e9l\u00e9ments plus contemporains, comme un mobilier du milieu du si\u00e8cle dernier, une salle de bains en marbre et des \u00e9quipements modernes.<\/p>\n\n\n\r\n<section class=\"image-grid image-grid-3 sixty-forty-grid\">\r\n        <div class=\"image-container img-1\">\r\n        <picture class=\"img-1\">\n                <source srcset=\"https:\/\/fr.lartisien.com\/blog\/wp-content\/uploads\/2023\/02\/93462-root-building-and-property-exteriors.jpeg\" media=\"(min-width: 1400px)\">\n                <source srcset=\"https:\/\/fr.lartisien.com\/blog\/wp-content\/uploads\/2023\/02\/93462-root-building-and-property-exteriors-1536x1024.jpeg\" media=\"(min-width: 1000px)\">\n                <source srcset=\"https:\/\/fr.lartisien.com\/blog\/wp-content\/uploads\/2023\/02\/93462-root-building-and-property-exteriors-1024x683.jpeg\" media=\"(min-width: 600px)\">\n                <source srcset=\"https:\/\/fr.lartisien.com\/blog\/wp-content\/uploads\/2023\/02\/93462-root-building-and-property-exteriors-768x512.jpeg\" media=\"(min-width: 100px)\">\n                <img decoding=\"async\" style=\"\" loading=\"lazy\" class=\"img-1\" src=\"https:\/\/fr.lartisien.com\/blog\/wp-content\/uploads\/2023\/02\/93462-root-building-and-property-exteriors-1024x683.jpeg\" alt=\"\" \/>\n            <\/picture>    <\/div>\r\n        <div class=\"image-container img-2\">\r\n        <picture class=\"img-2\">\n                <source srcset=\"https:\/\/fr.lartisien.com\/blog\/wp-content\/uploads\/2023\/02\/94788-root-interiors-lobby.jpeg\" media=\"(min-width: 1400px)\">\n                <source srcset=\"https:\/\/fr.lartisien.com\/blog\/wp-content\/uploads\/2023\/02\/94788-root-interiors-lobby-1536x1080.jpeg\" media=\"(min-width: 1000px)\">\n                <source srcset=\"https:\/\/fr.lartisien.com\/blog\/wp-content\/uploads\/2023\/02\/94788-root-interiors-lobby-1024x720.jpeg\" media=\"(min-width: 600px)\">\n                <source srcset=\"https:\/\/fr.lartisien.com\/blog\/wp-content\/uploads\/2023\/02\/94788-root-interiors-lobby-768x540.jpeg\" media=\"(min-width: 100px)\">\n                <img decoding=\"async\" style=\"\" loading=\"lazy\" class=\"img-2\" src=\"https:\/\/fr.lartisien.com\/blog\/wp-content\/uploads\/2023\/02\/94788-root-interiors-lobby-1024x720.jpeg\" alt=\"\" \/>\n            <\/picture>    <\/div>\r\n        <div class=\"image-container img-3\">\r\n        <picture class=\"img-3\">\n                <source srcset=\"https:\/\/fr.lartisien.com\/blog\/wp-content\/uploads\/2023\/02\/93450-root-premie-room-garden-view-bed-2048x1158.jpeg\" media=\"(min-width: 1400px)\">\n                <source srcset=\"https:\/\/fr.lartisien.com\/blog\/wp-content\/uploads\/2023\/02\/93450-root-premie-room-garden-view-bed-1536x869.jpeg\" media=\"(min-width: 1000px)\">\n                <source srcset=\"https:\/\/fr.lartisien.com\/blog\/wp-content\/uploads\/2023\/02\/93450-root-premie-room-garden-view-bed-1024x579.jpeg\" media=\"(min-width: 600px)\">\n                <source srcset=\"https:\/\/fr.lartisien.com\/blog\/wp-content\/uploads\/2023\/02\/93450-root-premie-room-garden-view-bed-768x434.jpeg\" media=\"(min-width: 100px)\">\n                <img decoding=\"async\" style=\"\" loading=\"lazy\" class=\"img-3\" src=\"https:\/\/fr.lartisien.com\/blog\/wp-content\/uploads\/2023\/02\/93450-root-premie-room-garden-view-bed-1024x579.jpeg\" alt=\"\" \/>\n            <\/picture>    <\/div>\r\n    <\/section>\r\n\n\n\r\n<section class=\"text-and-image-container container-reversed\">\r\n    <div class=\"text-and-image-content text-and-image-image\">\r\n        <picture class=\"\">\n                <source srcset=\"https:\/\/fr.lartisien.com\/blog\/wp-content\/uploads\/2023\/02\/fuju.jpeg\" media=\"(min-width: 1400px)\">\n                <source srcset=\"https:\/\/fr.lartisien.com\/blog\/wp-content\/uploads\/2023\/02\/fuju-1536x1024.jpeg\" media=\"(min-width: 1000px)\">\n                <source srcset=\"https:\/\/fr.lartisien.com\/blog\/wp-content\/uploads\/2023\/02\/fuju-1024x683.jpeg\" media=\"(min-width: 600px)\">\n                <source srcset=\"https:\/\/fr.lartisien.com\/blog\/wp-content\/uploads\/2023\/02\/fuju-768x512.jpeg\" media=\"(min-width: 100px)\">\n                <img decoding=\"async\" style=\"\" loading=\"lazy\" class=\"\" src=\"https:\/\/fr.lartisien.com\/blog\/wp-content\/uploads\/2023\/02\/fuju-1024x683.jpeg\" alt=\"\" \/>\n            <\/picture>    <\/div>\r\n    <div class=\"text-and-image-content text-and-image-text\">\r\n                <p>Sur le plan culinaire, les clients ont acc\u00e8s \u00e0 4 restaurants et bars. La Brasserie invite les clients \u00e0 prendre le petit d\u00e9jeuner, le d\u00e9jeuner, le th\u00e9 de l&#8217;apr\u00e8s-midi et le d\u00eener, dans un d\u00e9cor moderne et \u00e9pur\u00e9 comprenant une chemin\u00e9e et des vues sur le jardin de l&#8217;\u00e9tang. <\/p>\n<p>Avec ses tonalit\u00e9s dor\u00e9es et argent\u00e9es dans un cadre \u00e9pur\u00e9, le Sushi Wakon a tout d\u2019un temple de la d\u00e9gustation et offre un lieu calme et intime o\u00f9 se d\u00e9gustent des sushis pr\u00e9par\u00e9s avec des ingr\u00e9dients provenant du march\u00e9 Toyosu de Tokyo. <\/p>\n<p>Le FUJU offre un sublime d\u00e9cor traditionnel japonais du 12e si\u00e8cle avec sa construction en bois clair et ses lanternes en papier, qui semble flotter sur l\u2019\u00e9tang. On y appr\u00e9cie du th\u00e9 Matcha ou un verre de sak\u00e9 de Kyoto.<\/p>\n            <\/div>\r\n    \r\n<\/section>\n\n\n<p>Le spa de l\u2019h\u00f4tel rev\u00eat un cadre dans le plus pur style japonais avec son omnipr\u00e9sence de bois, de bambou et de pierre. Il invite les clients \u00e0 profiter de leurs massages et traitements dans 7 salles de soins, et donne acc\u00e8s \u00e0 une piscine int\u00e9rieure de 20 m\u00e8tres, un grand bain \u00e0 remous, un centre de fitness enti\u00e8rement \u00e9quip\u00e9.<\/p>\n\n\n\r\n<section class=\"image-grid image-grid-1 \">\r\n        <div class=\"image-container img-1\">\r\n        <picture class=\"img-1\">\n                <source srcset=\"https:\/\/fr.lartisien.com\/blog\/wp-content\/uploads\/2023\/02\/93442-root-pool-indoor-pool.jpeg\" media=\"(min-width: 1400px)\">\n                <source srcset=\"https:\/\/fr.lartisien.com\/blog\/wp-content\/uploads\/2023\/02\/93442-root-pool-indoor-pool-1536x1024.jpeg\" media=\"(min-width: 1000px)\">\n                <source srcset=\"https:\/\/fr.lartisien.com\/blog\/wp-content\/uploads\/2023\/02\/93442-root-pool-indoor-pool-1024x683.jpeg\" media=\"(min-width: 600px)\">\n                <source srcset=\"https:\/\/fr.lartisien.com\/blog\/wp-content\/uploads\/2023\/02\/93442-root-pool-indoor-pool-768x512.jpeg\" media=\"(min-width: 100px)\">\n                <img decoding=\"async\" style=\"\" loading=\"lazy\" class=\"img-1\" src=\"https:\/\/fr.lartisien.com\/blog\/wp-content\/uploads\/2023\/02\/93442-root-pool-indoor-pool-1024x683.jpeg\" alt=\"\" \/>\n            <\/picture>    <\/div>\r\n    <\/section>\r\n\n\n<section class=\"important-information\">\r\n    <p class=\"p--4 important-information-header\"><\/p>\r\n    <div class=\"p--5 important-information-content\"><p><a href=\"https:\/\/fr.lartisien.com\/hotel\/four-seasons-hotel-kyoto?cur=MUR\"><em>Four Seasons Hotel Tokyo<\/em><\/a><\/p>\n<p><em>Adresse : 445-3, Myohoin Maekawa-cho, Higashiyama-ku, Kyoto<\/em>.<\/p>\n<p><em>Transfert : 45 minutes de l&#8217;a\u00e9roport international (Itami) d&#8217;Osaka<\/em>.<\/p>\n<p><em>P\u00e9riode d&#8217;ouverture : Toute l&#8217;ann\u00e9e<\/em><\/p>\n<\/div>\r\n<\/section>\n\n\n<h2>Aman Kyoto<\/h2>\n\n\n\n<p>Situ\u00e9 au c\u0153ur d&#8217;un jardin secret entour\u00e9 de 32 hectares de for\u00eat, au nord-ouest de Kyoto, l&#8217;h\u00f4tel <a class=\"notion-link-token notion-enable-hover\" href=\"https:\/\/fr.lartisien.com\/hotel\/aman-kyoto?cur=MUR\" target=\"_blank\" rel=\"noopener noreferrer\" data-token-index=\"1\"><span class=\"link-annotation-unknown-block-id--109190417\">Aman Kyoto<\/span><\/a> est un hommage \u00e0 l&#8217;esprit de l&#8217;ancienne capitale du Japon.<\/p>\n\n\n\r\n<section class=\"image-grid image-grid-1 \">\r\n        <div class=\"image-container img-1\">\r\n        <picture class=\"img-1\">\n                <source srcset=\"https:\/\/fr.lartisien.com\/blog\/wp-content\/uploads\/2023\/02\/95871-root-hotel-setting-surroundings.jpeg\" media=\"(min-width: 1400px)\">\n                <source srcset=\"https:\/\/fr.lartisien.com\/blog\/wp-content\/uploads\/2023\/02\/95871-root-hotel-setting-surroundings-1536x1024.jpeg\" media=\"(min-width: 1000px)\">\n                <source srcset=\"https:\/\/fr.lartisien.com\/blog\/wp-content\/uploads\/2023\/02\/95871-root-hotel-setting-surroundings-1024x682.jpeg\" media=\"(min-width: 600px)\">\n                <source srcset=\"https:\/\/fr.lartisien.com\/blog\/wp-content\/uploads\/2023\/02\/95871-root-hotel-setting-surroundings-768x512.jpeg\" media=\"(min-width: 100px)\">\n                <img decoding=\"async\" style=\"\" loading=\"lazy\" class=\"img-1\" src=\"https:\/\/fr.lartisien.com\/blog\/wp-content\/uploads\/2023\/02\/95871-root-hotel-setting-surroundings-1024x682.jpeg\" alt=\"\" \/>\n            <\/picture>    <\/div>\r\n    <\/section>\r\n\n\n\n<p>L&#8217;Aman Kyoto, chef-d&#8217;\u0153uvre architectural cr\u00e9\u00e9 par Kerry Hill Architects, bas\u00e9 \u00e0 Singapour, est intimement li\u00e9 aux traditions culturelles et historiques de la ville. Situ\u00e9 au milieu de monuments locaux importants comme le temple Kinkakuji ou Pavillon d&#8217;or et le palais imp\u00e9rial de Kyoto, l&#8217;h\u00f4tel utilise principalement le bois et la pierre, donnant \u00e0 son int\u00e9rieur un aspect moderne et d\u00e9pouill\u00e9 qui tire pleinement parti de la beaut\u00e9 naturelle environnante. La philosophie du design de l&#8217;h\u00f4tel met l&#8217;accent sur le lien avec l&#8217;ext\u00e9rieur, chaque partie du b\u00e2timent, qu&#8217;il s&#8217;agisse du restaurant Living Pavilion, des piscines onsen du spa ou des 26 suites aux couleurs neutres, offrant des aper\u00e7us des environs verdoyants.<\/p>\n\n\n\r\n<section class=\"image-grid image-grid-2 fifty-fifty-grid\">\r\n        <div class=\"image-container img-1\">\r\n        <picture class=\"img-1\">\n                <source srcset=\"https:\/\/fr.lartisien.com\/blog\/wp-content\/uploads\/2023\/02\/95838-root-takagamine-suite-living-room-2048x1365.jpeg\" media=\"(min-width: 1400px)\">\n                <source srcset=\"https:\/\/fr.lartisien.com\/blog\/wp-content\/uploads\/2023\/02\/95838-root-takagamine-suite-living-room-1536x1024.jpeg\" media=\"(min-width: 1000px)\">\n                <source srcset=\"https:\/\/fr.lartisien.com\/blog\/wp-content\/uploads\/2023\/02\/95838-root-takagamine-suite-living-room-1024x683.jpeg\" media=\"(min-width: 600px)\">\n                <source srcset=\"https:\/\/fr.lartisien.com\/blog\/wp-content\/uploads\/2023\/02\/95838-root-takagamine-suite-living-room-768x512.jpeg\" media=\"(min-width: 100px)\">\n                <img decoding=\"async\" style=\"\" loading=\"lazy\" class=\"img-1\" src=\"https:\/\/fr.lartisien.com\/blog\/wp-content\/uploads\/2023\/02\/95838-root-takagamine-suite-living-room-1024x683.jpeg\" alt=\"\" \/>\n            <\/picture>    <\/div>\r\n        <div class=\"image-container img-2\">\r\n        <picture class=\"img-2\">\n                <source srcset=\"https:\/\/fr.lartisien.com\/blog\/wp-content\/uploads\/2023\/02\/95835-root-hotaru-living-area-2048x1365.jpeg\" media=\"(min-width: 1400px)\">\n                <source srcset=\"https:\/\/fr.lartisien.com\/blog\/wp-content\/uploads\/2023\/02\/95835-root-hotaru-living-area-1536x1024.jpeg\" media=\"(min-width: 1000px)\">\n                <source srcset=\"https:\/\/fr.lartisien.com\/blog\/wp-content\/uploads\/2023\/02\/95835-root-hotaru-living-area-1024x683.jpeg\" media=\"(min-width: 600px)\">\n                <source srcset=\"https:\/\/fr.lartisien.com\/blog\/wp-content\/uploads\/2023\/02\/95835-root-hotaru-living-area-768x512.jpeg\" media=\"(min-width: 100px)\">\n                <img decoding=\"async\" style=\"\" loading=\"lazy\" class=\"img-2\" src=\"https:\/\/fr.lartisien.com\/blog\/wp-content\/uploads\/2023\/02\/95835-root-hotaru-living-area-1024x683.jpeg\" alt=\"\" \/>\n            <\/picture>    <\/div>\r\n    <\/section>\r\n\n\n\r\n<section class=\"text-and-image-container \">\r\n    <div class=\"text-and-image-content text-and-image-image\">\r\n        <picture class=\"\">\n                <source srcset=\"https:\/\/fr.lartisien.com\/blog\/wp-content\/uploads\/2023\/02\/95837-root-takagamine-suite-living-area-1365x2048.jpeg\" media=\"(min-width: 1400px)\">\n                <source srcset=\"https:\/\/fr.lartisien.com\/blog\/wp-content\/uploads\/2023\/02\/95837-root-takagamine-suite-living-area-1024x1536.jpeg\" media=\"(min-width: 1000px)\">\n                <source srcset=\"https:\/\/fr.lartisien.com\/blog\/wp-content\/uploads\/2023\/02\/95837-root-takagamine-suite-living-area-683x1024.jpeg\" media=\"(min-width: 600px)\">\n                <source srcset=\"https:\/\/fr.lartisien.com\/blog\/wp-content\/uploads\/2023\/02\/95837-root-takagamine-suite-living-area-768x1152.jpeg\" media=\"(min-width: 100px)\">\n                <img decoding=\"async\" style=\"\" loading=\"lazy\" class=\"\" src=\"https:\/\/fr.lartisien.com\/blog\/wp-content\/uploads\/2023\/02\/95837-root-takagamine-suite-living-area-683x1024.jpeg\" alt=\"\" \/>\n            <\/picture>    <\/div>\r\n    <div class=\"text-and-image-content text-and-image-text\">\r\n                <p>Les motifs visuels sont r\u00e9p\u00e9t\u00e9s dans l&#8217;espace culinaire de l&#8217;h\u00f4tel, avec un mobilier similaire mais une palette de couleurs plus sombres.<\/p>\n<p>Dans le d\u00e9cor industriel du Living Pavilion, les clients peuvent d\u00e9guster une cuisine maison de style kyoto\u00efte, ainsi qu&#8217;un \u00e9ventail de recettes italiennes et latines. Le cadre plus sombre et plus intime du Taka-An laisse place \u00e0 une exp\u00e9rience japonaise <em>omakase<\/em> beaucoup plus authentique, con\u00e7ue par le chef ex\u00e9cutif Shinichiro Takagi, chef \u00e9toil\u00e9 au Michelin du restaurant Zeniya.<\/p>\n<p><em>Omakase<\/em> est une phrase japonaise qui signifie litt\u00e9ralement &#8220;je m&#8217;en remets \u00e0 vous&#8221;, couramment utilis\u00e9e lors d&#8217;un d\u00eener dans un restaurant japonais o\u00f9 le client laisse le chef le surprendre.<\/p>\n            <\/div>\r\n    \r\n<\/section>\n\n\r\n<section class=\"text-and-image-container container-reversed\">\r\n    <div class=\"text-and-image-content text-and-image-image\">\r\n        <picture class=\"\">\n                <source srcset=\"https:\/\/fr.lartisien.com\/blog\/wp-content\/uploads\/2023\/02\/96808-root-restaurants-bars-the-living-pavilion-by-aman-horizontal-2048x1528.jpeg\" media=\"(min-width: 1400px)\">\n                <source srcset=\"https:\/\/fr.lartisien.com\/blog\/wp-content\/uploads\/2023\/02\/96808-root-restaurants-bars-the-living-pavilion-by-aman-horizontal-1536x1146.jpeg\" media=\"(min-width: 1000px)\">\n                <source srcset=\"https:\/\/fr.lartisien.com\/blog\/wp-content\/uploads\/2023\/02\/96808-root-restaurants-bars-the-living-pavilion-by-aman-horizontal-1024x764.jpeg\" media=\"(min-width: 600px)\">\n                <source srcset=\"https:\/\/fr.lartisien.com\/blog\/wp-content\/uploads\/2023\/02\/96808-root-restaurants-bars-the-living-pavilion-by-aman-horizontal-768x573.jpeg\" media=\"(min-width: 100px)\">\n                <img decoding=\"async\" style=\"\" loading=\"lazy\" class=\"\" src=\"https:\/\/fr.lartisien.com\/blog\/wp-content\/uploads\/2023\/02\/96808-root-restaurants-bars-the-living-pavilion-by-aman-horizontal-1024x764.jpeg\" alt=\"\" \/>\n            <\/picture>    <\/div>\r\n    <div class=\"text-and-image-content text-and-image-text\">\r\n                <p>L&#8217;Aman Kyoto propose \u00e9galement un th\u00e9 traditionnel japonais servi dans l&#8217;espace en plein air du Living Pavilion, o\u00f9 les clients peuvent d\u00e9guster plus de 20 sortes de th\u00e9, ainsi que des friandises sucr\u00e9es et sal\u00e9es.<\/p>\n            <\/div>\r\n    \r\n<\/section>\n\n\n<p>Au spa, l&#8217;Aman Kyoto propose des massages shiatsu, des soins et un programme de bien-\u00eatre d&#8217;une demi-journ\u00e9e con\u00e7u pour les clients qui souhaitent vivre en harmonie avec la nature. L&#8217;Aman Spa utilise sa propre ligne de soins de la peau et de produits anti-stress. Les clients peuvent \u00e9galement profiter de son <span class=\"notion-enable-hover\" data-token-index=\"1\"><em>onsen<\/em><\/span>, dont l&#8217;eau est agr\u00e9ment\u00e9e d&#8217;herbes et de parfums.<\/p>\n\n\n\r\n<section class=\"image-grid image-grid-2 fifty-fifty-grid\">\r\n        <div class=\"image-container img-1\">\r\n        <picture class=\"img-1\">\n                <source srcset=\"https:\/\/fr.lartisien.com\/blog\/wp-content\/uploads\/2023\/02\/95875-root-spa-treatment-room-2048x1365.jpeg\" media=\"(min-width: 1400px)\">\n                <source srcset=\"https:\/\/fr.lartisien.com\/blog\/wp-content\/uploads\/2023\/02\/95875-root-spa-treatment-room-1536x1024.jpeg\" media=\"(min-width: 1000px)\">\n                <source srcset=\"https:\/\/fr.lartisien.com\/blog\/wp-content\/uploads\/2023\/02\/95875-root-spa-treatment-room-1024x683.jpeg\" media=\"(min-width: 600px)\">\n                <source srcset=\"https:\/\/fr.lartisien.com\/blog\/wp-content\/uploads\/2023\/02\/95875-root-spa-treatment-room-768x512.jpeg\" media=\"(min-width: 100px)\">\n                <img decoding=\"async\" style=\"\" loading=\"lazy\" class=\"img-1\" src=\"https:\/\/fr.lartisien.com\/blog\/wp-content\/uploads\/2023\/02\/95875-root-spa-treatment-room-1024x683.jpeg\" alt=\"\" \/>\n            <\/picture>    <\/div>\r\n        <div class=\"image-container img-2\">\r\n        <picture class=\"img-2\">\n                <source srcset=\"https:\/\/fr.lartisien.com\/blog\/wp-content\/uploads\/2023\/02\/95876-root-sport-lesiure-and-wellness-spa-2048x1365.jpeg\" media=\"(min-width: 1400px)\">\n                <source srcset=\"https:\/\/fr.lartisien.com\/blog\/wp-content\/uploads\/2023\/02\/95876-root-sport-lesiure-and-wellness-spa-1536x1024.jpeg\" media=\"(min-width: 1000px)\">\n                <source srcset=\"https:\/\/fr.lartisien.com\/blog\/wp-content\/uploads\/2023\/02\/95876-root-sport-lesiure-and-wellness-spa-1024x683.jpeg\" media=\"(min-width: 600px)\">\n                <source srcset=\"https:\/\/fr.lartisien.com\/blog\/wp-content\/uploads\/2023\/02\/95876-root-sport-lesiure-and-wellness-spa-768x512.jpeg\" media=\"(min-width: 100px)\">\n                <img decoding=\"async\" style=\"\" loading=\"lazy\" class=\"img-2\" src=\"https:\/\/fr.lartisien.com\/blog\/wp-content\/uploads\/2023\/02\/95876-root-sport-lesiure-and-wellness-spa-1024x683.jpeg\" alt=\"\" \/>\n            <\/picture>    <\/div>\r\n    <\/section>\r\n\n\n<section class=\"important-information\">\r\n    <p class=\"p--4 important-information-header\"><\/p>\r\n    <div class=\"p--5 important-information-content\"><p><a href=\"https:\/\/fr.lartisien.com\/hotel\/aman-kyoto?cur=MUR\"><em>Aman Kyoto<\/em><\/a><\/p>\n<p><em>Adresse : 1 Okitayama Washimine-Cho, Kita-ku, Kyoto<\/em>.<\/p>\n<p><em>Transfert : Un peu moins d&#8217;une heure de l&#8217;a\u00e9roport international (Itami) d&#8217;Osaka<\/em>.<\/p>\n<p><em>P\u00e9riode d&#8217;ouverture : Toute l&#8217;ann\u00e9e<\/em><\/p>\n<\/div>\r\n<\/section>\n\n\n<h2>OSAKA<\/h2>\n\n\n\n<h3>Les endroits \u00e0 visiter :<\/h3>\n\n\n\r\n<section class=\"text-and-image-container container-reversed\">\r\n    <div class=\"text-and-image-content text-and-image-image\">\r\n        <picture class=\"\">\n                <source srcset=\"https:\/\/fr.lartisien.com\/blog\/wp-content\/uploads\/2023\/02\/Le-chateau-dOsaka.jpg\" media=\"(min-width: 1400px)\">\n                <source srcset=\"https:\/\/fr.lartisien.com\/blog\/wp-content\/uploads\/2023\/02\/Le-chateau-dOsaka-1536x1025.jpg\" media=\"(min-width: 1000px)\">\n                <source srcset=\"https:\/\/fr.lartisien.com\/blog\/wp-content\/uploads\/2023\/02\/Le-chateau-dOsaka-1024x684.jpg\" media=\"(min-width: 600px)\">\n                <source srcset=\"https:\/\/fr.lartisien.com\/blog\/wp-content\/uploads\/2023\/02\/Le-chateau-dOsaka-768x513.jpg\" media=\"(min-width: 100px)\">\n                <img decoding=\"async\" style=\"\" loading=\"lazy\" class=\"\" src=\"https:\/\/fr.lartisien.com\/blog\/wp-content\/uploads\/2023\/02\/Le-chateau-dOsaka-1024x684.jpg\" alt=\"\" \/>\n            <\/picture>    <\/div>\r\n    <div class=\"text-and-image-content text-and-image-text\">\r\n                <h2 class=\"text-and-image-block-title\">Ch\u00e2teau d&#8217;Osaka et jardin Nishinomaru<\/h2>\r\n                <p>L&#8217;une des adresses les plus embl\u00e9matiques du Japon, le ch\u00e2teau d&#8217;Osaka et le jardin Nishinomaru qui l&#8217;entoure sont situ\u00e9s en plein c\u0153ur de la ville d&#8217;Osaka. Le ch\u00e2teau, le plus grand de son \u00e9poque lorsqu&#8217;il a \u00e9t\u00e9 achev\u00e9 en 1597, \u00e9tait l&#8217;\u00e9picentre de la domination du Japon unifi\u00e9. <\/p>\n<p>Les terrains couvrent environ 6 hectares et contiennent dans leurs boudoirs un certain nombre de biens culturels tels que la porte Ote-mon et le puits Kinmeisui. Le jardin Nishinomaru abrite environ 600 cerisiers. L&#8217;endroit est c\u00e9l\u00e8bre parmi les habitants qui se rassemblent dans le jardin chaque ann\u00e9e pour admirer les sakura.<\/p>\n            <\/div>\r\n    \r\n<\/section>\n\n\n<h2>Parc comm\u00e9moratif de l&#8217;Exposition universelle de 1970<\/h2>\n\n\n\n<p>Situ\u00e9 \u00e0 une trentaine de kilom\u00e8tres au nord du centre-ville, le parc comm\u00e9moratif a accueilli l&#8217;exposition universelle du Japon en 1970. L&#8217;exposition \u00e9tait la premi\u00e8re en Asie et avait accueilli plus de 75 pavillons pour pr\u00e9senter les merveilles du pays et du monde.<\/p>\n\n\n\n<p>Aujourd&#8217;hui, sous le regard de la Tour du Soleil de 70 m\u00e8tres, le parc est id\u00e9al pour les promenades dans la nature, le <span class=\"notion-enable-hover\" data-token-index=\"1\"><em>hanami<\/em> <\/span>et les visites de mus\u00e9es. Le parc abrite \u00e9galement plus de 5000 cerisiers, ce qui en fait l&#8217;un des endroits les plus populaires d&#8217;Osaka pour admirer les sakura.<\/p>\n\n\n\r\n<section class=\"image-grid image-grid-1 \">\r\n        <div class=\"image-container img-1\">\r\n        <picture class=\"img-1\">\n                <source srcset=\"https:\/\/fr.lartisien.com\/blog\/wp-content\/uploads\/2023\/02\/shutterstock_613003124-e1677238292296.jpg\" media=\"(min-width: 1400px)\">\n                <source srcset=\"https:\/\/fr.lartisien.com\/blog\/wp-content\/uploads\/2023\/02\/shutterstock_613003124-1536x1024.jpg\" media=\"(min-width: 1000px)\">\n                <source srcset=\"https:\/\/fr.lartisien.com\/blog\/wp-content\/uploads\/2023\/02\/shutterstock_613003124-1024x682.jpg\" media=\"(min-width: 600px)\">\n                <source srcset=\"https:\/\/fr.lartisien.com\/blog\/wp-content\/uploads\/2023\/02\/shutterstock_613003124-768x512.jpg\" media=\"(min-width: 100px)\">\n                <img decoding=\"async\" style=\"\" loading=\"lazy\" class=\"img-1\" src=\"https:\/\/fr.lartisien.com\/blog\/wp-content\/uploads\/2023\/02\/shutterstock_613003124-1024x682.jpg\" alt=\"\" \/>\n            <\/picture>    <\/div>\r\n    <\/section>\r\n\n\n\r\n<section class=\"text-and-image-container \">\r\n    <div class=\"text-and-image-content text-and-image-image\">\r\n        <picture class=\"\">\n                <source srcset=\"https:\/\/fr.lartisien.com\/blog\/wp-content\/uploads\/2023\/02\/bruce-tang-00M3_DN3teU-unsplash-1365x2048.jpg\" media=\"(min-width: 1400px)\">\n                <source srcset=\"https:\/\/fr.lartisien.com\/blog\/wp-content\/uploads\/2023\/02\/bruce-tang-00M3_DN3teU-unsplash-1024x1536.jpg\" media=\"(min-width: 1000px)\">\n                <source srcset=\"https:\/\/fr.lartisien.com\/blog\/wp-content\/uploads\/2023\/02\/bruce-tang-00M3_DN3teU-unsplash-683x1024.jpg\" media=\"(min-width: 600px)\">\n                <source srcset=\"https:\/\/fr.lartisien.com\/blog\/wp-content\/uploads\/2023\/02\/bruce-tang-00M3_DN3teU-unsplash-768x1152.jpg\" media=\"(min-width: 100px)\">\n                <img decoding=\"async\" style=\"\" loading=\"lazy\" class=\"\" src=\"https:\/\/fr.lartisien.com\/blog\/wp-content\/uploads\/2023\/02\/bruce-tang-00M3_DN3teU-unsplash-683x1024.jpg\" alt=\"\" \/>\n            <\/picture>    <\/div>\r\n    <div class=\"text-and-image-content text-and-image-text\">\r\n                <h2 class=\"text-and-image-block-title\">Parc de Nara<\/h2>\r\n                <p>Situ\u00e9 \u00e0 seulement 40 minutes en voiture d&#8217;Osaka, le parc de Nara associe l&#8217;observation des cerisiers en fleurs au spectacle magique de cerfs sauvages en libert\u00e9. Cr\u00e9\u00e9 en 1880, le parc de Nara abrite de nombreux sites embl\u00e9matiques de la pr\u00e9fecture de Nara, tels que le Todaiji, le Kofukuji et le mus\u00e9e national de Nara.<\/p>\n            <\/div>\r\n    \r\n<\/section>\n\n\n<h2>O\u00f9 s\u00e9journer ?<\/h2>\n\n\n\n<h2>Le St. Regis Osaka<\/h2>\n\n\n\n<p>Situ\u00e9 le long du boulevard Midosuji, la rue principale d\u2019Osaka souvent consid\u00e9r\u00e9e comme les Champs Elys\u00e9es de la ville, l&#8217;h\u00f4tel <a class=\"notion-link-token notion-enable-hover\" href=\"https:\/\/fr.lartisien.com\/hotel\/the-st-regis-osaka?cur=MUR\" target=\"_blank\" rel=\"noopener noreferrer\" data-token-index=\"1\"><span class=\"link-annotation-unknown-block-id--1880546533\">St. Regis Osaka<\/span><\/a> est entour\u00e9 d&#8217;un ensemble de sites embl\u00e9matiques comme les Studios Universal Japon, l&#8217;Aquarium d&#8217;Osaka Kaiyukan, et se trouve \u00e0 moins de 10 minutes en voiture du ch\u00e2teau d&#8217;Osaka.<\/p>\n\n\n\r\n<section class=\"image-grid image-grid-2 fifty-fifty-grid\">\r\n        <div class=\"image-container img-1\">\r\n        <picture class=\"img-1\">\n                <source srcset=\"https:\/\/fr.lartisien.com\/blog\/wp-content\/uploads\/2023\/02\/55580-root-building-and-property-interiors-1561x2048.jpeg\" media=\"(min-width: 1400px)\">\n                <source srcset=\"https:\/\/fr.lartisien.com\/blog\/wp-content\/uploads\/2023\/02\/55580-root-building-and-property-interiors-1170x1536.jpeg\" media=\"(min-width: 1000px)\">\n                <source srcset=\"https:\/\/fr.lartisien.com\/blog\/wp-content\/uploads\/2023\/02\/55580-root-building-and-property-interiors-780x1024.jpeg\" media=\"(min-width: 600px)\">\n                <source srcset=\"https:\/\/fr.lartisien.com\/blog\/wp-content\/uploads\/2023\/02\/55580-root-building-and-property-interiors-768x1008.jpeg\" media=\"(min-width: 100px)\">\n                <img decoding=\"async\" style=\"\" loading=\"lazy\" class=\"img-1\" src=\"https:\/\/fr.lartisien.com\/blog\/wp-content\/uploads\/2023\/02\/55580-root-building-and-property-interiors-780x1024.jpeg\" alt=\"\" \/>\n            <\/picture>    <\/div>\r\n        <div class=\"image-container img-2\">\r\n        <picture class=\"img-2\">\n                <source srcset=\"https:\/\/fr.lartisien.com\/blog\/wp-content\/uploads\/2023\/02\/55581-root-building-and-property-exteriors-1671x2048.jpeg\" media=\"(min-width: 1400px)\">\n                <source srcset=\"https:\/\/fr.lartisien.com\/blog\/wp-content\/uploads\/2023\/02\/55581-root-building-and-property-exteriors-1253x1536.jpeg\" media=\"(min-width: 1000px)\">\n                <source srcset=\"https:\/\/fr.lartisien.com\/blog\/wp-content\/uploads\/2023\/02\/55581-root-building-and-property-exteriors-835x1024.jpeg\" media=\"(min-width: 600px)\">\n                <source srcset=\"https:\/\/fr.lartisien.com\/blog\/wp-content\/uploads\/2023\/02\/55581-root-building-and-property-exteriors-768x941.jpeg\" media=\"(min-width: 100px)\">\n                <img decoding=\"async\" style=\"\" loading=\"lazy\" class=\"img-2\" src=\"https:\/\/fr.lartisien.com\/blog\/wp-content\/uploads\/2023\/02\/55581-root-building-and-property-exteriors-835x1024.jpeg\" alt=\"\" \/>\n            <\/picture>    <\/div>\r\n    <\/section>\r\n\n\n\n<p>Si l&#8217;h\u00f4tel St. Regis Osaka est une adresse de style occidental, il rend tout de m\u00eame hommage \u00e0 la culture japonaise, que ce soit dans ses espaces communs ou ses 160 chambres ou \u00e0 travers son jardin zen. Les chambres et suites de l&#8217;h\u00f4tel arborent une atmosph\u00e8re r\u00e9sidentielle avec des papiers peints floraux, un mobilier contemporain, des \u00e9clairages de style Art d\u00e9co et des vues splendides sur la ville \u00e0 travers les fen\u00eatres qui s&#8217;\u00e9tirent du sol au plafond. <\/p>\n\n\n\r\n<section class=\"image-grid image-grid-2 fifty-fifty-grid\">\r\n        <div class=\"image-container img-1\">\r\n        <picture class=\"img-1\">\n                <source srcset=\"https:\/\/fr.lartisien.com\/blog\/wp-content\/uploads\/2023\/02\/75344-root-grand-deluxe-suite-living-room-2048x1343.jpeg\" media=\"(min-width: 1400px)\">\n                <source srcset=\"https:\/\/fr.lartisien.com\/blog\/wp-content\/uploads\/2023\/02\/75344-root-grand-deluxe-suite-living-room-1536x1007.jpeg\" media=\"(min-width: 1000px)\">\n                <source srcset=\"https:\/\/fr.lartisien.com\/blog\/wp-content\/uploads\/2023\/02\/75344-root-grand-deluxe-suite-living-room-1024x671.jpeg\" media=\"(min-width: 600px)\">\n                <source srcset=\"https:\/\/fr.lartisien.com\/blog\/wp-content\/uploads\/2023\/02\/75344-root-grand-deluxe-suite-living-room-768x504.jpeg\" media=\"(min-width: 100px)\">\n                <img decoding=\"async\" style=\"\" loading=\"lazy\" class=\"img-1\" src=\"https:\/\/fr.lartisien.com\/blog\/wp-content\/uploads\/2023\/02\/75344-root-grand-deluxe-suite-living-room-1024x671.jpeg\" alt=\"\" \/>\n            <\/picture>    <\/div>\r\n        <div class=\"image-container img-2\">\r\n        <picture class=\"img-2\">\n                <source srcset=\"https:\/\/fr.lartisien.com\/blog\/wp-content\/uploads\/2023\/02\/54879-root-grand-deluxe-premier-main-bedroom-2048x1415.jpeg\" media=\"(min-width: 1400px)\">\n                <source srcset=\"https:\/\/fr.lartisien.com\/blog\/wp-content\/uploads\/2023\/02\/54879-root-grand-deluxe-premier-main-bedroom-1536x1061.jpeg\" media=\"(min-width: 1000px)\">\n                <source srcset=\"https:\/\/fr.lartisien.com\/blog\/wp-content\/uploads\/2023\/02\/54879-root-grand-deluxe-premier-main-bedroom-1024x707.jpeg\" media=\"(min-width: 600px)\">\n                <source srcset=\"https:\/\/fr.lartisien.com\/blog\/wp-content\/uploads\/2023\/02\/54879-root-grand-deluxe-premier-main-bedroom-768x531.jpeg\" media=\"(min-width: 100px)\">\n                <img decoding=\"async\" style=\"\" loading=\"lazy\" class=\"img-2\" src=\"https:\/\/fr.lartisien.com\/blog\/wp-content\/uploads\/2023\/02\/54879-root-grand-deluxe-premier-main-bedroom-1024x707.jpeg\" alt=\"\" \/>\n            <\/picture>    <\/div>\r\n    <\/section>\r\n\n\n\r\n<section class=\"text-and-image-container \">\r\n    <div class=\"text-and-image-content text-and-image-image\">\r\n        <picture class=\"\">\n                <source srcset=\"https:\/\/fr.lartisien.com\/blog\/wp-content\/uploads\/2023\/02\/75357-root-la-veduta-private-dining-1582x2048.jpeg\" media=\"(min-width: 1400px)\">\n                <source srcset=\"https:\/\/fr.lartisien.com\/blog\/wp-content\/uploads\/2023\/02\/75357-root-la-veduta-private-dining-1186x1536.jpeg\" media=\"(min-width: 1000px)\">\n                <source srcset=\"https:\/\/fr.lartisien.com\/blog\/wp-content\/uploads\/2023\/02\/75357-root-la-veduta-private-dining-791x1024.jpeg\" media=\"(min-width: 600px)\">\n                <source srcset=\"https:\/\/fr.lartisien.com\/blog\/wp-content\/uploads\/2023\/02\/75357-root-la-veduta-private-dining-768x994.jpeg\" media=\"(min-width: 100px)\">\n                <img decoding=\"async\" style=\"\" loading=\"lazy\" class=\"\" src=\"https:\/\/fr.lartisien.com\/blog\/wp-content\/uploads\/2023\/02\/75357-root-la-veduta-private-dining-791x1024.jpeg\" alt=\"\" \/>\n            <\/picture>    <\/div>\r\n    <div class=\"text-and-image-content text-and-image-text\">\r\n                <p>Sur le plan culinaire, l&#8217;h\u00f4tel St. Regis Osaka propose 6 restaurants et bars.<\/p>\n<p>La t\u00eate d&#8217;affiche est le restaurant italien La Veduta avec son cadre cr\u00e8me-abricot. Les clients peuvent prendre place sous les lustres d&#8217;inspiration baroque pour savourer un menu qui rend hommage \u00e0 l&#8217;Italie du Nord. Quant au restaurant fran\u00e7ais Rue d&#8217;Or et son d\u00e9cor de brasserie chic, il apporte \u00e0 Osaka les saveurs et l&#8217;atmosph\u00e8re d&#8217;un bistrot fran\u00e7ais. Dans son cadre noir et blanc solennel, le Teppanyaki Wajo rev\u00eat la forme des salons de th\u00e9 de l\u2019\u00e8re Azuchi-Momoyama o\u00f9 s\u2019effectuaient la c\u00e9r\u00e9monie du th\u00e9 et permet aux clients d\u2019observer au plus pr\u00e8s le chef en train de pr\u00e9parer leurs plats.<\/p>\n<p>Le d\u00e9cor fastueux du St. Regis Bar dans ses tonalit\u00e9s de bleu et dor\u00e9 est id\u00e9al pour les th\u00e9s de l\u2019apr\u00e8s-midi ou les cocktails du soir.<\/p>\n<p>Enfin, l&#8217;h\u00f4tel propose m\u00eame l&#8217;exp\u00e9rience immersive et interactive du Petit Chef, de quoi transformer la table en terrain de jeu et d\u2019exploration.<\/p>\n            <\/div>\r\n    \r\n<\/section>\n\n\r\n<section class=\"text-and-image-container container-reversed\">\r\n    <div class=\"text-and-image-content text-and-image-image\">\r\n        <picture class=\"\">\n                <source srcset=\"https:\/\/fr.lartisien.com\/blog\/wp-content\/uploads\/2023\/02\/55588-root-spa-spa-lobby-2048x1363.jpeg\" media=\"(min-width: 1400px)\">\n                <source srcset=\"https:\/\/fr.lartisien.com\/blog\/wp-content\/uploads\/2023\/02\/55588-root-spa-spa-lobby-1536x1022.jpeg\" media=\"(min-width: 1000px)\">\n                <source srcset=\"https:\/\/fr.lartisien.com\/blog\/wp-content\/uploads\/2023\/02\/55588-root-spa-spa-lobby-1024x681.jpeg\" media=\"(min-width: 600px)\">\n                <source srcset=\"https:\/\/fr.lartisien.com\/blog\/wp-content\/uploads\/2023\/02\/55588-root-spa-spa-lobby-768x511.jpeg\" media=\"(min-width: 100px)\">\n                <img decoding=\"async\" style=\"\" loading=\"lazy\" class=\"\" src=\"https:\/\/fr.lartisien.com\/blog\/wp-content\/uploads\/2023\/02\/55588-root-spa-spa-lobby-1024x681.jpeg\" alt=\"\" \/>\n            <\/picture>    <\/div>\r\n    <div class=\"text-and-image-content text-and-image-text\">\r\n                <p>Le St. Regis Osaka s&#8217;enorgueillit de sa collaboration avec l&#8217;IRIDIUM, qui propose le spa SOTHYS, un espace de 355 m\u00b2 situ\u00e9 au 14e \u00e9tage du building dans un style japonais, et d\u00e9di\u00e9 aux soins de bien-\u00eatre et de relaxation, avec des produits exclusifs de la marque SOTHYS. Les clients ont \u00e9galement acc\u00e8s \u00e0 un centre de remise en forme enti\u00e8rement \u00e9quip\u00e9.<\/p>\n            <\/div>\r\n    \r\n<\/section>\n\n<section class=\"important-information\">\r\n    <p class=\"p--4 important-information-header\"><\/p>\r\n    <div class=\"p--5 important-information-content\"><p><em><a href=\"https:\/\/www.notion.so\/O-admirer-les-sakuras-au-Japon-Tokyo-Kyoto-Osaka-1764b2d694e14fd8a68bae5c803cde6d\">The St. Regis Osaka<\/a><\/em><\/p>\n<p><em>Adresse : 3-6-12 Hommachi Chu-ku, Osaka<\/em>.<\/p>\n<p><em>Transfert : 20 minutes de l&#8217;a\u00e9roport international d&#8217;Osaka (Itami).<\/em><\/p>\n<p><em>P\u00e9riode d&#8217;ouverture : Toute l&#8217;ann\u00e9e<\/em><\/p>\n<\/div>\r\n<\/section>\n\n\n<h2>R\u00e9server un voyage au Japon<\/h2>\n\n\n\n<p>Vous voulez profiter de la saison des sakura ? D\u00e9couvrez notre collection d&#8217;<a class=\"notion-link-token notion-enable-hover\" href=\"https:\/\/fr.lartisien.com\/hotels\/japon?page=1\" target=\"_blank\" rel=\"noopener noreferrer\" data-token-index=\"1\"><span class=\"link-annotation-unknown-block-id--1998065412\">h\u00f4tels de luxe au Japon<\/span><\/a>. <a class=\"notion-link-token notion-enable-hover\" href=\"https:\/\/fr.lartisien.com\/nous-contacter?occ=a02&amp;cur=MUR&amp;fl=fr\" target=\"_blank\" rel=\"noopener noreferrer\" data-token-index=\"3\"><span class=\"link-annotation-unknown-block-id-396187159\">Prenez contact <\/span><\/a>avec notre \u00e9quipe pour plus d&#8217;informations ou si vous avez des questions concernant une r\u00e9servation.<\/p>\n\n\n\n<p><\/p>\n","protected":false},"excerpt":{"rendered":"Au Japon, la saison des sakura, ou floraison des cerisiers, est une p\u00e9riode de l&#8217;ann\u00e9e tr\u00e8s populaire, qui dure du 22 mars au 8 avril environ. Pendant cette p\u00e9riode, les habitants et les visiteurs sortent de chez eux ou de leur h\u00f4tel pour profiter du hanami, la tradition japonaise d&#8217;observation des fleurs et des arbres&#8230;.","protected":false},"author":11,"featured_media":6713,"comment_status":"open","ping_status":"open","sticky":false,"template":"","format":"standard","meta":{"inline_featured_image":false},"categories":[65],"tags":[],"location":[85],"acf":[],"yoast_head":"<!-- This site is optimized with the Yoast SEO plugin v20.0 - https:\/\/yoast.com\/wordpress\/plugins\/seo\/ -->\n<title>Les cerisiers en fleurs au Japon, les meilleurs h\u00f4tels o\u00f9 s\u00e9journer en 2023<\/title>\n<meta name=\"description\" content=\"Vous voulez partir au Japon pour la saison des cerisiers en fleurs ? Lartisien vous pr\u00e9sente les meilleurs endroits pour admirer les cerisiers en fleurs et les meilleurs h\u00f4tels, de Tokyo \u00e0 Osaka.\" \/>\n<meta name=\"robots\" content=\"index, follow, max-snippet:-1, max-image-preview:large, max-video-preview:-1\" \/>\n<link rel=\"canonical\" href=\"https:\/\/fr.lartisien.com\/blog\/ou-voir-les-cerisiers-en-fleurs-au-japon-tokyo-kyoto-et-osaka-2\/\" \/>\n<meta property=\"og:locale\" content=\"fr_FR\" \/>\n<meta property=\"og:type\" content=\"article\" \/>\n<meta property=\"og:title\" content=\"Les cerisiers en fleurs au Japon, les meilleurs h\u00f4tels o\u00f9 s\u00e9journer en 2023\" \/>\n<meta property=\"og:description\" content=\"Vous voulez partir au Japon pour la saison des cerisiers en fleurs ? Lartisien vous pr\u00e9sente les meilleurs endroits pour admirer les cerisiers en fleurs et les meilleurs h\u00f4tels, de Tokyo \u00e0 Osaka.\" \/>\n<meta property=\"og:url\" content=\"https:\/\/fr.lartisien.com\/blog\/ou-voir-les-cerisiers-en-fleurs-au-japon-tokyo-kyoto-et-osaka-2\/\" \/>\n<meta property=\"og:site_name\" content=\"Lartisien\" \/>\n<meta property=\"article:published_time\" content=\"2023-02-24T15:53:43+00:00\" \/>\n<meta property=\"article:modified_time\" content=\"2023-03-28T15:29:49+00:00\" \/>\n<meta property=\"og:image\" content=\"https:\/\/fr.lartisien.com\/blog\/wp-content\/uploads\/2023\/02\/shutterstock_403209976-scaled.jpg\" \/>\n\t<meta property=\"og:image:width\" content=\"2560\" \/>\n\t<meta property=\"og:image:height\" content=\"1639\" \/>\n\t<meta property=\"og:image:type\" content=\"image\/jpeg\" \/>\n<meta name=\"author\" content=\"Adeline Moutier\" \/>\n<meta name=\"twitter:card\" content=\"summary_large_image\" \/>\n<meta name=\"twitter:label1\" content=\"Written by\" \/>\n\t<meta name=\"twitter:data1\" content=\"Adeline Moutier\" \/>\n\t<meta name=\"twitter:label2\" content=\"Est. reading time\" \/>\n\t<meta name=\"twitter:data2\" content=\"8 minutes\" \/>\n<script type=\"application\/ld+json\" class=\"yoast-schema-graph\">{\"@context\":\"https:\/\/schema.org\",\"@graph\":[{\"@type\":\"WebPage\",\"@id\":\"https:\/\/fr.lartisien.com\/blog\/ou-voir-les-cerisiers-en-fleurs-au-japon-tokyo-kyoto-et-osaka-2\/\",\"url\":\"https:\/\/fr.lartisien.com\/blog\/ou-voir-les-cerisiers-en-fleurs-au-japon-tokyo-kyoto-et-osaka-2\/\",\"name\":\"Les cerisiers en fleurs au Japon, les meilleurs h\u00f4tels o\u00f9 s\u00e9journer en 2023\",\"isPartOf\":{\"@id\":\"https:\/\/www.lartisien.com\/blog\/#website\"},\"datePublished\":\"2023-02-24T15:53:43+00:00\",\"dateModified\":\"2023-03-28T15:29:49+00:00\",\"author\":{\"@id\":\"https:\/\/www.lartisien.com\/blog\/#\/schema\/person\/eea1dc3530026fb9630e917b1ae5f94c\"},\"description\":\"Vous voulez partir au Japon pour la saison des cerisiers en fleurs ? Lartisien vous pr\u00e9sente les meilleurs endroits pour admirer les cerisiers en fleurs et les meilleurs h\u00f4tels, de Tokyo \u00e0 Osaka.\",\"breadcrumb\":{\"@id\":\"https:\/\/fr.lartisien.com\/blog\/ou-voir-les-cerisiers-en-fleurs-au-japon-tokyo-kyoto-et-osaka-2\/#breadcrumb\"},\"inLanguage\":\"fr-FR\",\"potentialAction\":[{\"@type\":\"ReadAction\",\"target\":[\"https:\/\/fr.lartisien.com\/blog\/ou-voir-les-cerisiers-en-fleurs-au-japon-tokyo-kyoto-et-osaka-2\/\"]}]},{\"@type\":\"BreadcrumbList\",\"@id\":\"https:\/\/fr.lartisien.com\/blog\/ou-voir-les-cerisiers-en-fleurs-au-japon-tokyo-kyoto-et-osaka-2\/#breadcrumb\",\"itemListElement\":[{\"@type\":\"ListItem\",\"position\":1,\"name\":\"Home\",\"item\":\"https:\/\/fr.lartisien.com\/blog\/\"},{\"@type\":\"ListItem\",\"position\":2,\"name\":\"O\u00f9 voir les cerisiers en fleurs au Japon (Tokyo, Kyoto et Osaka)\"}]},{\"@type\":\"WebSite\",\"@id\":\"https:\/\/www.lartisien.com\/blog\/#website\",\"url\":\"https:\/\/www.lartisien.com\/blog\/\",\"name\":\"Lartisien\",\"description\":\"Lartisien Blog\",\"potentialAction\":[{\"@type\":\"SearchAction\",\"target\":{\"@type\":\"EntryPoint\",\"urlTemplate\":\"https:\/\/www.lartisien.com\/blog\/?s={search_term_string}\"},\"query-input\":\"required name=search_term_string\"}],\"inLanguage\":\"fr-FR\"},{\"@type\":\"Person\",\"@id\":\"https:\/\/www.lartisien.com\/blog\/#\/schema\/person\/eea1dc3530026fb9630e917b1ae5f94c\",\"name\":\"Adeline Moutier\",\"image\":{\"@type\":\"ImageObject\",\"inLanguage\":\"fr-FR\",\"@id\":\"https:\/\/www.lartisien.com\/blog\/#\/schema\/person\/image\/\",\"url\":\"https:\/\/secure.gravatar.com\/avatar\/9596c0a5a002170c4a19fdffc7043e2e?s=96&d=mm&r=g\",\"contentUrl\":\"https:\/\/secure.gravatar.com\/avatar\/9596c0a5a002170c4a19fdffc7043e2e?s=96&d=mm&r=g\",\"caption\":\"Adeline Moutier\"},\"url\":\"https:\/\/fr.lartisien.com\/blog\/author\/adeline-moutier\/\"}]}<\/script>\n<!-- \/ Yoast SEO plugin. -->","yoast_head_json":{"title":"Les cerisiers en fleurs au Japon, les meilleurs h\u00f4tels o\u00f9 s\u00e9journer en 2023","description":"Vous voulez partir au Japon pour la saison des cerisiers en fleurs ? Lartisien vous pr\u00e9sente les meilleurs endroits pour admirer les cerisiers en fleurs et les meilleurs h\u00f4tels, de Tokyo \u00e0 Osaka.","robots":{"index":"index","follow":"follow","max-snippet":"max-snippet:-1","max-image-preview":"max-image-preview:large","max-video-preview":"max-video-preview:-1"},"canonical":"https:\/\/fr.lartisien.com\/blog\/ou-voir-les-cerisiers-en-fleurs-au-japon-tokyo-kyoto-et-osaka-2\/","og_locale":"fr_FR","og_type":"article","og_title":"Les cerisiers en fleurs au Japon, les meilleurs h\u00f4tels o\u00f9 s\u00e9journer en 2023","og_description":"Vous voulez partir au Japon pour la saison des cerisiers en fleurs ? Lartisien vous pr\u00e9sente les meilleurs endroits pour admirer les cerisiers en fleurs et les meilleurs h\u00f4tels, de Tokyo \u00e0 Osaka.","og_url":"https:\/\/fr.lartisien.com\/blog\/ou-voir-les-cerisiers-en-fleurs-au-japon-tokyo-kyoto-et-osaka-2\/","og_site_name":"Lartisien","article_published_time":"2023-02-24T15:53:43+00:00","article_modified_time":"2023-03-28T15:29:49+00:00","og_image":[{"width":2560,"height":1639,"url":"https:\/\/fr.lartisien.com\/blog\/wp-content\/uploads\/2023\/02\/shutterstock_403209976-scaled.jpg","type":"image\/jpeg"}],"author":"Adeline Moutier","twitter_card":"summary_large_image","twitter_misc":{"Written by":"Adeline Moutier","Est. reading time":"8 minutes"},"schema":{"@context":"https:\/\/schema.org","@graph":[{"@type":"WebPage","@id":"https:\/\/fr.lartisien.com\/blog\/ou-voir-les-cerisiers-en-fleurs-au-japon-tokyo-kyoto-et-osaka-2\/","url":"https:\/\/fr.lartisien.com\/blog\/ou-voir-les-cerisiers-en-fleurs-au-japon-tokyo-kyoto-et-osaka-2\/","name":"Les cerisiers en fleurs au Japon, les meilleurs h\u00f4tels o\u00f9 s\u00e9journer en 2023","isPartOf":{"@id":"https:\/\/www.lartisien.com\/blog\/#website"},"datePublished":"2023-02-24T15:53:43+00:00","dateModified":"2023-03-28T15:29:49+00:00","author":{"@id":"https:\/\/www.lartisien.com\/blog\/#\/schema\/person\/eea1dc3530026fb9630e917b1ae5f94c"},"description":"Vous voulez partir au Japon pour la saison des cerisiers en fleurs ? Lartisien vous pr\u00e9sente les meilleurs endroits pour admirer les cerisiers en fleurs et les meilleurs h\u00f4tels, de Tokyo \u00e0 Osaka.","breadcrumb":{"@id":"https:\/\/fr.lartisien.com\/blog\/ou-voir-les-cerisiers-en-fleurs-au-japon-tokyo-kyoto-et-osaka-2\/#breadcrumb"},"inLanguage":"fr-FR","potentialAction":[{"@type":"ReadAction","target":["https:\/\/fr.lartisien.com\/blog\/ou-voir-les-cerisiers-en-fleurs-au-japon-tokyo-kyoto-et-osaka-2\/"]}]},{"@type":"BreadcrumbList","@id":"https:\/\/fr.lartisien.com\/blog\/ou-voir-les-cerisiers-en-fleurs-au-japon-tokyo-kyoto-et-osaka-2\/#breadcrumb","itemListElement":[{"@type":"ListItem","position":1,"name":"Home","item":"https:\/\/fr.lartisien.com\/blog\/"},{"@type":"ListItem","position":2,"name":"O\u00f9 voir les cerisiers en fleurs au Japon (Tokyo, Kyoto et Osaka)"}]},{"@type":"WebSite","@id":"https:\/\/www.lartisien.com\/blog\/#website","url":"https:\/\/www.lartisien.com\/blog\/","name":"Lartisien","description":"Lartisien Blog","potentialAction":[{"@type":"SearchAction","target":{"@type":"EntryPoint","urlTemplate":"https:\/\/www.lartisien.com\/blog\/?s={search_term_string}"},"query-input":"required name=search_term_string"}],"inLanguage":"fr-FR"},{"@type":"Person","@id":"https:\/\/www.lartisien.com\/blog\/#\/schema\/person\/eea1dc3530026fb9630e917b1ae5f94c","name":"Adeline Moutier","image":{"@type":"ImageObject","inLanguage":"fr-FR","@id":"https:\/\/www.lartisien.com\/blog\/#\/schema\/person\/image\/","url":"https:\/\/secure.gravatar.com\/avatar\/9596c0a5a002170c4a19fdffc7043e2e?s=96&d=mm&r=g","contentUrl":"https:\/\/secure.gravatar.com\/avatar\/9596c0a5a002170c4a19fdffc7043e2e?s=96&d=mm&r=g","caption":"Adeline Moutier"},"url":"https:\/\/fr.lartisien.com\/blog\/author\/adeline-moutier\/"}]}},"_links":{"self":[{"href":"https:\/\/fr.lartisien.com\/blog\/wp-json\/wp\/v2\/posts\/6721"}],"collection":[{"href":"https:\/\/fr.lartisien.com\/blog\/wp-json\/wp\/v2\/posts"}],"about":[{"href":"https:\/\/fr.lartisien.com\/blog\/wp-json\/wp\/v2\/types\/post"}],"author":[{"embeddable":true,"href":"https:\/\/fr.lartisien.com\/blog\/wp-json\/wp\/v2\/users\/11"}],"replies":[{"embeddable":true,"href":"https:\/\/fr.lartisien.com\/blog\/wp-json\/wp\/v2\/comments?post=6721"}],"version-history":[{"count":34,"href":"https:\/\/fr.lartisien.com\/blog\/wp-json\/wp\/v2\/posts\/6721\/revisions"}],"predecessor-version":[{"id":8725,"href":"https:\/\/fr.lartisien.com\/blog\/wp-json\/wp\/v2\/posts\/6721\/revisions\/8725"}],"wp:featuredmedia":[{"embeddable":true,"href":"https:\/\/fr.lartisien.com\/blog\/wp-json\/wp\/v2\/media\/6713"}],"wp:attachment":[{"href":"https:\/\/fr.lartisien.com\/blog\/wp-json\/wp\/v2\/media?parent=6721"}],"wp:term":[{"taxonomy":"category","embeddable":true,"href":"https:\/\/fr.lartisien.com\/blog\/wp-json\/wp\/v2\/categories?post=6721"},{"taxonomy":"post_tag","embeddable":true,"href":"https:\/\/fr.lartisien.com\/blog\/wp-json\/wp\/v2\/tags?post=6721"},{"taxonomy":"location","embeddable":true,"href":"https:\/\/fr.lartisien.com\/blog\/wp-json\/wp\/v2\/location?post=6721"}],"curies":[{"name":"wp","href":"https:\/\/api.w.org\/{rel}","templated":true}]}}